{"id":119407,"date":"2025-09-16T19:49:09","date_gmt":"2025-09-16T19:49:09","guid":{"rendered":"https:\/\/www.europesays.com\/es\/119407\/"},"modified":"2025-09-16T19:49:09","modified_gmt":"2025-09-16T19:49:09","slug":"la-transformacion-de-harris-dickinson-asi-se-prepara-para-encarnar-a-john-lennon","status":"publish","type":"post","link":"https:\/\/www.europesays.com\/es\/119407\/","title":{"rendered":"La transformaci\u00f3n de Harris Dickinson: as\u00ed se prepara para encarnar a John Lennon"},"content":{"rendered":"<p><img alt=\"Harris Dickinson asume el reto\" class=\"global-image\" decoding=\"async\" fetchpriority=\"high\" height=\"2513\" loading=\"eager\" src=\"https:\/\/www.europesays.com\/es\/wp-content\/uploads\/2025\/09\/M3TACT2X5UA3IINY43WAF2P6E4.jpg\" width=\"3770\"\/>Harris Dickinson asume el reto de interpretar a John Lennon en la tetralog\u00eda de The Beatles dirigida por Sam Mendes (Foto Vianney Le Caer\/Invision\/AP)<\/p>\n<p class=\"paragraph\"><a href=\"https:\/\/www.infobae.com\/entretenimiento\/2025\/01\/30\/harris-dickinson-el-nuevo-chico-de-moda-en-el-mundo-del-entretenimiento-no-quiero-mezclar-mi-atractivo-con-mi-autoestima\/\" target=\"_blank\" rel=\"noreferrer nofollow noopener\" title=\"https:\/\/www.infobae.com\/entretenimiento\/2025\/01\/30\/harris-dickinson-el-nuevo-chico-de-moda-en-el-mundo-del-entretenimiento-no-quiero-mezclar-mi-atractivo-con-mi-autoestima\/\"><b>Harris Dickinson<\/b><\/a> se prepara para uno de los retos m\u00e1s exigentes de su trayectoria: encarnar a <a href=\"https:\/\/www.infobae.com\/espana\/cultura\/2025\/01\/21\/quien-es-harris-dickinson-el-objeto-de-deseo-de-nicole-kidman-en-babygirl-y-el-proximo-john-lennon\/\" target=\"_blank\" rel=\"noreferrer nofollow noopener\" title=\"https:\/\/www.infobae.com\/espana\/cultura\/2025\/01\/21\/quien-es-harris-dickinson-el-objeto-de-deseo-de-nicole-kidman-en-babygirl-y-el-proximo-john-lennon\/\"><b>John Lennon<\/b><\/a> en la tetralog\u00eda sobre <b>The Beatles<\/b> que dirigir\u00e1 <b>Sam Mendes<\/b> y cuyo estreno est\u00e1 previsto para 2028. <\/p>\n<p class=\"paragraph\">Tras consolidarse como un actor vers\u00e1til y ahora director con su \u00f3pera prima <b>Urchin<\/b>, el brit\u00e1nico se enfrenta a la presi\u00f3n de dar vida a una de las figuras <b>m\u00e1s ic\u00f3nicas de la cultura popular<\/b>. \u201c<b>Estoy en el mundo de los Beatles y lo disfruto. Es un gran desaf\u00edo<\/b>\u201d, reconoci\u00f3 en entrevista con Empire.<\/p>\n<p class=\"paragraph\">Dickinson es consciente del peso del personaje y prefiere no dejarse dominar por la ansiedad. La oportunidad de trabajar bajo la direcci\u00f3n de Mendes, realizador de \u201cAmerican Beauty\u201d \u2014pel\u00edcula que tuvo un gran impacto en su adolescencia\u2014, resulta especialmente significativa: \u201cTendemos a idealizar a estos genios, pero conocer a Sam y ver su humildad fue refrescante\u201d, comparti\u00f3 con Empire.<\/p>\n<p><img alt=\"Dickinson se apoya en su\" class=\"global-image\" decoding=\"async\" fetchpriority=\"low\" height=\"1240\" loading=\"lazy\" src=\"https:\/\/www.europesays.com\/es\/wp-content\/uploads\/2025\/09\/EFI7EQVTW5AIJDS2XKN3Z7JNBI.jpg\" width=\"992\"\/>Dickinson se apoya en su experiencia como director de &#8216;Urchin&#8217; y en su sensibilidad actoral para abordar el papel<\/p>\n<p class=\"paragraph\">El proceso que llev\u00f3 a Dickinson hasta este papel crucial se forj\u00f3 gracias a su <b>experiencia previa<\/b> y la capacidad de volcar su sensibilidad en distintos personajes. Recientemente, present\u00f3 en Cannes su primer largometraje como director y guionista, Urchin, que se\u00f1ala como un punto de inflexi\u00f3n en su <b>carrera<\/b>. <\/p>\n<p class=\"paragraph\">La pel\u00edcula, basada en vivencias personales y en su trabajo con comunidades vulnerables de Londres, explora temas de marginalidad, trauma y redenci\u00f3n, consolidando una voz autoral y un estilo basado en la honestidad emocional.<\/p>\n<p class=\"paragraph\">La autenticidad que lo caracteriza tanto en la actuaci\u00f3n como en la direcci\u00f3n se refleja en su manera de abordar los nuevos desaf\u00edos. Al igual que en Urchin, donde apost\u00f3 por locaciones personales y experiencias propias, Dickinson se propone llegar a la esencia de Lennon m\u00e1s all\u00e1 de la iconograf\u00eda, recurriendo a <b>la observaci\u00f3n minuciosa y la empat\u00eda<\/b>.<\/p>\n<p><img alt=\"El actor brit\u00e1nico destaca la\" class=\"global-image\" decoding=\"async\" fetchpriority=\"low\" height=\"1288\" loading=\"lazy\" src=\"https:\/\/www.europesays.com\/es\/wp-content\/uploads\/2025\/09\/DX2264DCKVFM7K477TS2CNFCRI.jpg\" width=\"1920\"\/>El actor brit\u00e1nico destaca la importancia de la autenticidad y el aprendizaje en su preparaci\u00f3n para encarnar a Lennon (Reuters)<\/p>\n<p class=\"paragraph\">Uno de los sellos de Dickinson es la entrega f\u00edsica y psicol\u00f3gica a cada rol. Tanto en Urchin como en trabajos anteriores \u2014<b>Beach Rats<\/b>, <b>The Iron Claw<\/b> y <b>Triangle Of Sadness<\/b>\u2014 enfrent\u00f3 personajes con profundas contradicciones y vulnerabilidad. <\/p>\n<p class=\"paragraph\">Considera que asumir figuras tan expuestas implica \u201cexposici\u00f3n y una vulnerabilidad que pueden resultar inc\u00f3modas\u201d, por lo que su preparaci\u00f3n implica <b>crear entornos de confianza<\/b> y buscar la verdad del personaje desde la experiencia.<\/p>\n<p class=\"paragraph\">En Urchin, acompa\u00f1\u00f3 de cerca la transformaci\u00f3n de <b>Frank Dillane<\/b> en el papel de Mike, cuidando la salud del elenco y asegur\u00e1ndose de que \u201cestuvieran bien\u201d, porque sabe lo que supone exigirse a ese nivel. Esta filosof\u00eda la traslada ahora a su propio trabajo con Lennon, priorizando el autocuidado mientras profundiza en la psicolog\u00eda y la humanidad detr\u00e1s del \u00edcono.<\/p>\n<p><img alt=\"La transformaci\u00f3n f\u00edsica y emocional\" class=\"global-image\" decoding=\"async\" fetchpriority=\"low\" height=\"2400\" loading=\"lazy\" src=\"https:\/\/www.europesays.com\/es\/wp-content\/uploads\/2025\/09\/RTQDWFH5NJEM3MFXGHMJKAMTII.jpg\" width=\"1920\"\/>La transformaci\u00f3n f\u00edsica y emocional es clave en el m\u00e9todo de trabajo de Dickinson para interpretar figuras ic\u00f3nicas (Sony Pictures)<\/p>\n<p class=\"paragraph\">La posibilidad de consultar a directores como <b>Ruben \u00d6stlund<\/b> y Sam Mendes fue fundamental para Dickinson en este salto a personajes de \u201cotro calibre\u201d. La confianza adquirida de consejos como \u201cescucha tu instinto\u201d lo lleva a encarar el reto de Lennon con seguridad y disposici\u00f3n a explorar lo inesperado.<\/p>\n<p class=\"paragraph\">El humor, presente incluso en contextos dif\u00edciles o traum\u00e1ticos (como los de Urchin), constituye tambi\u00e9n parte del enfoque de Dickinson para construir personajes ricos y matizados, dotando de humanidad a figuras hist\u00f3ricas.<\/p>\n<p class=\"paragraph\">El reconocimiento internacional tras \u00e9xitos virales como Babygirl, la presentaci\u00f3n de Urchin en Cannes y ahora el anuncio de su interpretaci\u00f3n de Lennon situaron a Dickinson en el centro de atenci\u00f3n p\u00fablica. <\/p>\n<p><img alt=\"El reconocimiento internacional y la\" class=\"global-image\" decoding=\"async\" fetchpriority=\"low\" height=\"2667\" loading=\"lazy\" src=\"https:\/\/www.europesays.com\/es\/wp-content\/uploads\/2025\/09\/62XSPLERO5GMTOECADYHXC6PZA.jpg\" width=\"4000\"\/>El reconocimiento internacional y la autocr\u00edtica marcan la carrera de Dickinson tras \u00e9xitos como &#8216;Urchin&#8217; y &#8216;Babygirl&#8217; (EFE\/Biennale di Venezia\/Niko Tavernise)<\/p>\n<p class=\"paragraph\">Sin embargo, <b>busca separar su vida personal de su faceta p\u00fablica<\/b> para mantener el equilibrio: \u201cCuanto m\u00e1s me involucro con lo que se dice, menos estable me siento. Lo mejor es agradecer y seguir trabajando\u201d.<\/p>\n<p class=\"paragraph\">Declara ser \u201csu propio rival m\u00e1s duro\u201d y considera que la autocr\u00edtica es el motor de su ambici\u00f3n: prefiere enfrentar retos inc\u00f3modos y evitar caer en la complacencia. <\/p>\n<p><img alt=\"La b\u00fasqueda de autenticidad y\" class=\"global-image\" decoding=\"async\" fetchpriority=\"low\" height=\"3674\" loading=\"lazy\" src=\"https:\/\/www.europesays.com\/es\/wp-content\/uploads\/2025\/09\/TT7Q7VP7PRCJPDHTZW5SP25IVA.jpg\" width=\"2449\"\/>La b\u00fasqueda de autenticidad y profundidad gu\u00eda la trayectoria profesional de Harris Dickinson en cine y actuaci\u00f3n (REUTERS\/Sarah Meyssonnier)<\/p>\n<p class=\"paragraph\">Por eso, aunque descarta dirigir grandes producciones comerciales, su objetivo es aportar autenticidad y profundidad tanto detr\u00e1s como delante de c\u00e1mara, explorando personajes que lo desaf\u00eden y lo mantengan inquieto.<\/p>\n<p class=\"paragraph\"><b>La preparaci\u00f3n para ser John Lennon aparece as\u00ed como la culminaci\u00f3n de a\u00f1os de b\u00fasqueda, exposici\u00f3n y riesgo<\/b>, en un trayecto donde la vulnerabilidad y la honestidad siguen siendo su br\u00fajula.<\/p>\n","protected":false},"excerpt":{"rendered":"Harris Dickinson asume el reto de interpretar a John Lennon en la tetralog\u00eda de The Beatles dirigida por&hellip;\n","protected":false},"author":2,"featured_media":119408,"comment_status":"","ping_status":"","sticky":false,"template":"","format":"standard","meta":{"footnotes":""},"categories":[170],"tags":[3118,11984,146,147,25,24,406,184,185,23],"class_list":{"0":"post-119407","1":"post","2":"type-post","3":"status-publish","4":"format-standard","5":"has-post-thumbnail","7":"category-musica","8":"tag-arts-culture-entertainment","9":"tag-cannes","10":"tag-entertainment","11":"tag-entretenimiento","12":"tag-es","13":"tag-espana","14":"tag-europe","15":"tag-music","16":"tag-musica","17":"tag-spain"},"share_on_mastodon":{"url":"","error":""},"_links":{"self":[{"href":"https:\/\/www.europesays.com\/es\/wp-json\/wp\/v2\/posts\/119407","targetHints":{"allow":["GET"]}}],"collection":[{"href":"https:\/\/www.europesays.com\/es\/wp-json\/wp\/v2\/posts"}],"about":[{"href":"https:\/\/www.europesays.com\/es\/wp-json\/wp\/v2\/types\/post"}],"author":[{"embeddable":true,"href":"https:\/\/www.europesays.com\/es\/wp-json\/wp\/v2\/users\/2"}],"replies":[{"embeddable":true,"href":"https:\/\/www.europesays.com\/es\/wp-json\/wp\/v2\/comments?post=119407"}],"version-history":[{"count":0,"href":"https:\/\/www.europesays.com\/es\/wp-json\/wp\/v2\/posts\/119407\/revisions"}],"wp:featuredmedia":[{"embeddable":true,"href":"https:\/\/www.europesays.com\/es\/wp-json\/wp\/v2\/media\/119408"}],"wp:attachment":[{"href":"https:\/\/www.europesays.com\/es\/wp-json\/wp\/v2\/media?parent=119407"}],"wp:term":[{"taxonomy":"category","embeddable":true,"href":"https:\/\/www.europesays.com\/es\/wp-json\/wp\/v2\/categories?post=119407"},{"taxonomy":"post_tag","embeddable":true,"href":"https:\/\/www.europesays.com\/es\/wp-json\/wp\/v2\/tags?post=119407"}],"curies":[{"name":"wp","href":"https:\/\/api.w.org\/{rel}","templated":true}]}}