{"id":119429,"date":"2025-09-16T20:08:09","date_gmt":"2025-09-16T20:08:09","guid":{"rendered":"https:\/\/www.europesays.com\/es\/119429\/"},"modified":"2025-09-16T20:08:09","modified_gmt":"2025-09-16T20:08:09","slug":"asi-define-fognini-a-sinner-y-alcaraz-jannik-es-cuadrado","status":"publish","type":"post","link":"https:\/\/www.europesays.com\/es\/119429\/","title":{"rendered":"As\u00ed define Fognini a Sinner y Alcaraz: \u00abJannik es cuadrado\u00bb"},"content":{"rendered":"<p class=\"quota-display text-align-center\">\n        <a href=\"https:\/\/www.puntodebreak.com\/MDBA-B3-PDB-QUOTA-25\" rel=\"sponsored nofollow noopener\" title=\"Apuesta en bet365\" target=\"_blank\"><\/p>\n<p>            <img decoding=\"async\" alt=\"Bet365\" class=\"bet-logo lazyload\" loading=\"lazy\" src=\"https:\/\/www.europesays.com\/es\/wp-content\/uploads\/2025\/09\/1757996960_569_b365.jpg\"\/>Streaming UTR Pro Newport Beach en directo<\/p>\n<p> \ud83c\udfbe Diordan Macababbad vs Antreas Djakouris<\/p>\n<ol class=\"stream-card__steps\">\n<li>Entra aqu\u00ed y reg\u00edstrate en Bet365<\/li>\n<li>Haz tu primer dep\u00f3sito de m\u00ednimo 5\u00a0\u20ac<\/li>\n<li>Entra en la secci\u00f3n \u00abDirecto\u00bb y ve todos los partidos<\/li>\n<\/ol>\n<p>\n                                Ver partido en Bet365\n                            <\/p>\n<p>        <\/a>\n      <\/p>\n<p bis_size=\"{&quot;x&quot;:8,&quot;y&quot;:8,&quot;w&quot;:1104,&quot;h&quot;:84,&quot;abs_x&quot;:157,&quot;abs_y&quot;:2463}\" class=\"text-align-justify\"><a href=\"https:\/\/es.wikipedia.org\/wiki\/Fabio_Fognini\" rel=\"nofollow noopener\" target=\"_blank\"><strong>Fabio Fognini<\/strong><\/a><b>\u00a0<\/b>ha sido durante m\u00e1s de una d\u00e9cada el l\u00edder indiscutible del tenis italiano. Una presencia habitual en la \u00e9lite del circuito ATP, con enormes picos de juego y victorias ante las mayores leyendas de este deporte, forjando un legado que ha abierto el camino a la actual generaci\u00f3n dorada italiana. Tras su retirada en el pasado <strong>Wimbledon<\/strong>, con una derrota en un apasionante partido ante <a href=\"https:\/\/www.puntodebreak.com\/tenis\/carlos-alcaraz\" rel=\"noopener nofollow\" target=\"_blank\"><strong>Carlos Alcaraz<\/strong><\/a>, el transalpino ya ve los toros desde la barrera: pocas opiniones m\u00e1s respetadas que la suya para analizar la rivalidad que sacude en estos instantes al tenis masculino.<\/p>\n<p bis_size=\"{&quot;x&quot;:8,&quot;y&quot;:108,&quot;w&quot;:1104,&quot;h&quot;:84,&quot;abs_x&quot;:157,&quot;abs_y&quot;:2563}\" class=\"text-align-justify\">Porque si Fabio lideraba antes, ahora es<a href=\"https:\/\/www.puntodebreak.com\/tenis\/jannik-sinner\" rel=\"noopener nofollow\" target=\"_blank\"><strong> Jannik Sinner<\/strong><\/a> el indiscutible rey no solo del tenis italiano, sino hasta hace menos de una semana, tambi\u00e9n del tenis mundial. El de San Remo ha convivido con Jannik durante los \u00faltimos a\u00f1os de su carrera y ha sido testigo directo de c\u00f3mo se ha gestado su encarnizada guerra con Carlos Alcaraz, dos perfiles muy distintos luchando por un \u00fanico objetivo: ser el mejor. En unas declaraciones al podcast Supernova, recogidas por <a bis_size=\"{&quot;x&quot;:745,&quot;y&quot;:152,&quot;w&quot;:60,&quot;h&quot;:17,&quot;abs_x&quot;:894,&quot;abs_y&quot;:2607}\" href=\"https:\/\/www.ubitennis.com\/blog\/2025\/09\/16\/fognini-sinner-e-alcaraz-mi-ricordano-federer-e-nadal-jannik-e-quadrato\/\" rel=\"nofollow noopener\" target=\"_blank\">Ubitennis<\/a>, Fognini saca el bistur\u00ed para diseccionar ambos perfiles y deja, por el camino, una comparativa muy curiosa.<\/p>\n<p bis_size=\"{&quot;x&quot;:8,&quot;y&quot;:209,&quot;w&quot;:1104,&quot;h&quot;:84,&quot;abs_x&quot;:157,&quot;abs_y&quot;:2664}\" class=\"text-align-justify\">\u00abPara ser alguien de 24 a\u00f1os, Jannik ve las cosas con mucha claridad. Sabe que ha sido &#8216;golpeado&#8217; y que ahora le toca salir de la zona de confort, hacer algo diferente la pr\u00f3xima vez para derrotar a Carlos. Son dos jugadores diferentes. Nosotros, como italianos, conocemos mejor a Jannik, le seguimos y le animamos. En Italia, si ganas eres un fen\u00f3meno; si pierdes, como pas\u00f3 en la final, empiezan a dudar de ti. Los dos me recuerdan a Federer y Nadal en mi \u00e9poca. <strong>Sinner es &#8216;cuadrado&#8217;<\/strong>. Yo jugu\u00e9 con <strong>Andreas Seppi<\/strong>: le llamaba &#8216;kraut&#8217;, porque proven\u00eda de las monta\u00f1as. Era mitad alem\u00e1n, mitad italiano. Jannik es as\u00ed, m\u00e1s cuadriculado.<\/p>\n<p bis_size=\"{&quot;x&quot;:8,&quot;y&quot;:310,&quot;w&quot;:1104,&quot;h&quot;:84,&quot;abs_x&quot;:157,&quot;abs_y&quot;:2765}\" class=\"text-align-justify\">Alcaraz, por el contrario, parece que disfruta jugando al tenis. Vi su documental, dice que se va a Ibiza para divertirse despu\u00e9s de los partidos, y eso es exactamente lo que me transmite a m\u00ed: <strong>Alcaraz es alguien que se divierte y que necesita esa diversi\u00f3n<\/strong> fuera de la pista. Yo tambi\u00e9n era as\u00ed, me asemejo m\u00e1s a esa personalidad\u00bb, sentencia un Fognini que, precisamente, tuvo al murciano como gran rival en el que acab\u00f3 siendo, sin previo aviso, su \u00faltimo partido como profesional. \u00bfC\u00f3mo se gest\u00f3 esa decisi\u00f3n y por qu\u00e9 elegi\u00f3 anunciar su retirada el d\u00eda despu\u00e9s de su derrota?\u00a0<\/p>\n<p bis_size=\"{&quot;x&quot;:8,&quot;y&quot;:310,&quot;w&quot;:1104,&quot;h&quot;:84,&quot;abs_x&quot;:157,&quot;abs_y&quot;:2765}\" class=\"text-align-justify\"><img decoding=\"async\" alt=\"Alcaraz se divierte con el t\u00edtulo del US Open. Fuente: Getty\" data-entity-type=\"file\" data-entity-uuid=\"182155d5-a655-4404-a817-3737a6bd7f1a\" width=\"612\" height=\"378\" loading=\"lazy\" class=\"lazyload\" src=\"https:\/\/www.europesays.com\/es\/wp-content\/uploads\/2025\/09\/alcaraz-diversion-ibiza.jpg\"\/><\/p>\n<p bis_size=\"{&quot;x&quot;:8,&quot;y&quot;:411,&quot;w&quot;:1104,&quot;h&quot;:21,&quot;abs_x&quot;:157,&quot;abs_y&quot;:2866}\" class=\"text-align-justify\"><strong>UNA DERROTA QUE SE CONVIRTI\u00d3 EN UNA VICTORIA<\/strong><\/p>\n<p bis_size=\"{&quot;x&quot;:8,&quot;y&quot;:448,&quot;w&quot;:1104,&quot;h&quot;:84,&quot;abs_x&quot;:157,&quot;abs_y&quot;:2903}\" class=\"text-align-justify\">\u00abAhora que todo ha terminado, creo que tom\u00e9 la mejor decisi\u00f3n. Si las cosas hubiesen sido distintas, habr\u00eda tenido un gran problema. Si hubiese ganado aquel partido a Alcaraz, hubiese tenido un d\u00eda de descanso y despu\u00e9s me hubiese enfrentado al 700\u00ba del mundo. Hubiese sido un desaf\u00edo mental muy grande para m\u00ed iniciar Wimbledon con una victoria ante el n\u00famero #2, en la Pista Central, y quiz\u00e1s finalizarlo en la Pista 14 ante el 700\u00ba del mundo. <strong>Fui el perdedor de aquel partido, pero sal\u00ed como un ganador<\/strong>. Todav\u00eda ni he visto ese encuentro, ni siquiera los highlights, pero en el futuro me gustar\u00eda hacerlo, porque a los aficionados les impresion\u00f3\u00bb.<\/p>\n<p bis_size=\"{&quot;x&quot;:8,&quot;y&quot;:549,&quot;w&quot;:1104,&quot;h&quot;:84,&quot;abs_x&quot;:157,&quot;abs_y&quot;:3004}\" class=\"text-align-justify\">Comentaba Fabio que este 2025 empez\u00f3 de la peor manera posible por una lesi\u00f3n en el tobillo: hubiese necesitado de mucho tiempo de recuperaci\u00f3n y de muchos torneos en el &#8216;barro&#8217; para volver al <strong>top-100<\/strong>, la \u00abfrontera\u00bb que marcaba en cierto modo su ilusi\u00f3n por seguir compitiendo. Las \u00faltimas derrotas llevaron a Fabio a considerar que no hab\u00eda mejor momento para colgar la raqueta que un duelo contra su buen amigo Carlos en la Central de Wimbledon, una honesta confesi\u00f3n de un tipo que, qui\u00e9n sabe, podr\u00e1 darnos ahora en los medios de comunicaci\u00f3n la diversi\u00f3n y alegr\u00eda que transmit\u00eda su tenis en pista.<\/p>\n","protected":false},"excerpt":{"rendered":"Streaming UTR Pro Newport Beach en directo \ud83c\udfbe Diordan Macababbad vs Antreas Djakouris Entra aqu\u00ed y reg\u00edstrate en&hellip;\n","protected":false},"author":2,"featured_media":119430,"comment_status":"","ping_status":"","sticky":false,"template":"","format":"standard","meta":{"footnotes":""},"categories":[274],"tags":[168,25,24,23,167,327,326],"class_list":{"0":"post-119429","1":"post","2":"type-post","3":"status-publish","4":"format-standard","5":"has-post-thumbnail","7":"category-tenis","8":"tag-deportes","9":"tag-es","10":"tag-espana","11":"tag-spain","12":"tag-sports","13":"tag-tenis","14":"tag-tennis"},"share_on_mastodon":{"url":"","error":""},"_links":{"self":[{"href":"https:\/\/www.europesays.com\/es\/wp-json\/wp\/v2\/posts\/119429","targetHints":{"allow":["GET"]}}],"collection":[{"href":"https:\/\/www.europesays.com\/es\/wp-json\/wp\/v2\/posts"}],"about":[{"href":"https:\/\/www.europesays.com\/es\/wp-json\/wp\/v2\/types\/post"}],"author":[{"embeddable":true,"href":"https:\/\/www.europesays.com\/es\/wp-json\/wp\/v2\/users\/2"}],"replies":[{"embeddable":true,"href":"https:\/\/www.europesays.com\/es\/wp-json\/wp\/v2\/comments?post=119429"}],"version-history":[{"count":0,"href":"https:\/\/www.europesays.com\/es\/wp-json\/wp\/v2\/posts\/119429\/revisions"}],"wp:featuredmedia":[{"embeddable":true,"href":"https:\/\/www.europesays.com\/es\/wp-json\/wp\/v2\/media\/119430"}],"wp:attachment":[{"href":"https:\/\/www.europesays.com\/es\/wp-json\/wp\/v2\/media?parent=119429"}],"wp:term":[{"taxonomy":"category","embeddable":true,"href":"https:\/\/www.europesays.com\/es\/wp-json\/wp\/v2\/categories?post=119429"},{"taxonomy":"post_tag","embeddable":true,"href":"https:\/\/www.europesays.com\/es\/wp-json\/wp\/v2\/tags?post=119429"}],"curies":[{"name":"wp","href":"https:\/\/api.w.org\/{rel}","templated":true}]}}