{"id":119457,"date":"2025-09-16T20:24:09","date_gmt":"2025-09-16T20:24:09","guid":{"rendered":"https:\/\/www.europesays.com\/es\/119457\/"},"modified":"2025-09-16T20:24:09","modified_gmt":"2025-09-16T20:24:09","slug":"ecuador-decreta-estado-de-excepcion-por-protestas-dw-16-09-2025","status":"publish","type":"post","link":"https:\/\/www.europesays.com\/es\/119457\/","title":{"rendered":"Ecuador decreta estado de excepci\u00f3n por protestas \u2013 DW \u2013 16\/09\/2025"},"content":{"rendered":"<p>El presidente ecuatoriano\u00a0<a class=\"internal-link\" href=\"https:\/\/www.dw.com\/es\/noboa-daniel\/t-67524363\" rel=\"nofollow noopener\" target=\"_blank\">Daniel Noboa<\/a>\u00a0decret\u00f3 este martes (16.09.2025) estado de excepci\u00f3n en siete de las 24 provincias del pa\u00eds en las que hay focos de protestas contra la eliminaci\u00f3n del subsidio al di\u00e9sel.<\/p>\n<p>Con el fin del subsidio, el costo de este combustible pas\u00f3 de 1,80 a 2,80 d\u00f3lares por gal\u00f3n. Los colectivos de trabajadores y estudiantes protestan porque estas medidas afectan el costo de vida en <a class=\"internal-link\" href=\"https:\/\/www.dw.com\/es\/noboa-daniel\/t-67524363\" rel=\"nofollow noopener\" target=\"_blank\">Ecuador<\/a>.<\/p>\n<p><strong>\u00abGrave conmoci\u00f3n interna\u00bb<\/strong><\/p>\n<p>Conductores de camiones cerraron el lunes algunas v\u00edas, que fueron despejadas horas despu\u00e9s tras la intervenci\u00f3n de la polic\u00eda, sin que se hayan reportado heridos o fallecidos.<\/p>\n<p>Este martes, la carretera Panamericana Norte, en el ingreso a <a class=\"internal-link\" href=\"https:\/\/www.dw.com\/es\/quito\/t-40334130\" rel=\"nofollow noopener\" target=\"_blank\">Quito<\/a>, amaneci\u00f3 bloqueada con piedras y mont\u00edculos de tierra.<\/p>\n<p>Seg\u00fan el decreto firmado este martes, Noboa orden\u00f3 \u00abdeclarar el estado de excepci\u00f3n en las provincias de Carchi, Imbabura, Pichincha, Azuay, Bol\u00edvar, Cotopaxi, y Santo Domingo, por la causal de grave conmoci\u00f3n interna\u00bb.<\/p>\n<p><img data-format=\"MASTER_LANDSCAPE\" data-id=\"74020033\" data-url=\"https:\/\/static.dw.com\/image\/74020033_${formatId}.jpg\" data-aspect-ratio=\"16\/9\" alt=\"Transportistas bloquean la v\u00eda Cuenca Azogues, en Cuenca, en protesta por el aumento del precio del di\u00e9sel (15.09.2025)\" style=\"padding-bottom: 56.25%; height: 0; max-height: 0;\"\/>Transportistas bloquean la v\u00eda Cuenca Azogues, en Cuenca, en protesta por el aumento del precio del di\u00e9sel (15.09.2025)Imagen: Boris Romoleroux\/Agencia Prensa-Independiente\/IMAGO<\/p>\n<p><strong>Libertad de reuni\u00f3n suspendida<\/strong><\/p>\n<p>La medida se extender\u00e1 por 60 d\u00edas. El gobierno argument\u00f3 que los bloqueos provocaron \u00abcomplicaciones en la cadena de abastecimiento de alimentos\u00bb y afectan el \u00ablibre tr\u00e1nsito de las personas, ocasionando la paralizaci\u00f3n de varios sectores que afectan a la econom\u00eda\u00bb.<\/p>\n<p>Noboa adem\u00e1s resolvi\u00f3 suspender la libertad de reuni\u00f3n en las siete provincias y autoriz\u00f3 a las fuerzas policiales y militares a \u00abimpedir y desarticular reuniones en espacios p\u00fablicos donde se identifiquen amenazas a la seguridad ciudadana\u00bb.<\/p>\n<p>El Frente Unitario de Trabajadores (FUT) tiene previsto marchar el 23 de septiembre contra la eliminaci\u00f3n del subsidio al di\u00e9sel, mientras que estudiantes universitarios convocaron una protesta en Quito para este martes en la tarde.<\/p>\n<p>Los expresidentes Len\u00edn Moreno (2017-2021) y Guillermo Lasso (2021-2023) enfrentaron violentas protestas lideradas por la mayor organizaci\u00f3n ind\u00edgena del pa\u00eds (Conaie), tras su intento de elevar el precio de los combustibles.<\/p>\n<p>rr afp\/efe\/el comercio<\/p>\n","protected":false},"excerpt":{"rendered":"El presidente ecuatoriano\u00a0Daniel Noboa\u00a0decret\u00f3 este martes (16.09.2025) estado de excepci\u00f3n en siete de las 24 provincias del pa\u00eds&hellip;\n","protected":false},"author":2,"featured_media":119458,"comment_status":"","ping_status":"","sticky":false,"template":"","format":"standard","meta":{"footnotes":""},"categories":[42],"tags":[17,18,13,14,11,61,62,63,64,19,20,9,10,15,16,12,21,22,65,66,67],"class_list":{"0":"post-119457","1":"post","2":"type-post","3":"status-publish","4":"format-standard","5":"has-post-thumbnail","7":"category-internacional","8":"tag-breaking-news","9":"tag-breakingnews","10":"tag-featured-news","11":"tag-featurednews","12":"tag-headlines","13":"tag-internacional","14":"tag-international","15":"tag-international-news","16":"tag-internationalnews","17":"tag-latest-news","18":"tag-latestnews","19":"tag-news","20":"tag-noticias","21":"tag-noticias-destacadas","22":"tag-noticiasdestacadas","23":"tag-titulares","24":"tag-ultimas-noticias","25":"tag-ultimasnoticias","26":"tag-world","27":"tag-world-news","28":"tag-worldnews"},"share_on_mastodon":{"url":"","error":""},"_links":{"self":[{"href":"https:\/\/www.europesays.com\/es\/wp-json\/wp\/v2\/posts\/119457","targetHints":{"allow":["GET"]}}],"collection":[{"href":"https:\/\/www.europesays.com\/es\/wp-json\/wp\/v2\/posts"}],"about":[{"href":"https:\/\/www.europesays.com\/es\/wp-json\/wp\/v2\/types\/post"}],"author":[{"embeddable":true,"href":"https:\/\/www.europesays.com\/es\/wp-json\/wp\/v2\/users\/2"}],"replies":[{"embeddable":true,"href":"https:\/\/www.europesays.com\/es\/wp-json\/wp\/v2\/comments?post=119457"}],"version-history":[{"count":0,"href":"https:\/\/www.europesays.com\/es\/wp-json\/wp\/v2\/posts\/119457\/revisions"}],"wp:featuredmedia":[{"embeddable":true,"href":"https:\/\/www.europesays.com\/es\/wp-json\/wp\/v2\/media\/119458"}],"wp:attachment":[{"href":"https:\/\/www.europesays.com\/es\/wp-json\/wp\/v2\/media?parent=119457"}],"wp:term":[{"taxonomy":"category","embeddable":true,"href":"https:\/\/www.europesays.com\/es\/wp-json\/wp\/v2\/categories?post=119457"},{"taxonomy":"post_tag","embeddable":true,"href":"https:\/\/www.europesays.com\/es\/wp-json\/wp\/v2\/tags?post=119457"}],"curies":[{"name":"wp","href":"https:\/\/api.w.org\/{rel}","templated":true}]}}