{"id":119459,"date":"2025-09-16T20:25:07","date_gmt":"2025-09-16T20:25:07","guid":{"rendered":"https:\/\/www.europesays.com\/es\/119459\/"},"modified":"2025-09-16T20:25:07","modified_gmt":"2025-09-16T20:25:07","slug":"junts-vuelve-a-unir-sus-votos-a-pp-y-vox-para-tumbar-en-el-congreso-la-creacion-de-una-agencia-anticorrupcion-espana","status":"publish","type":"post","link":"https:\/\/www.europesays.com\/es\/119459\/","title":{"rendered":"Junts vuelve a unir sus votos a PP y Vox para tumbar en el Congreso la creaci\u00f3n de una agencia anticorrupci\u00f3n | Espa\u00f1a"},"content":{"rendered":"<p class=\"\">El Congreso ha tumbado este martes la proposici\u00f3n de ley de Sumar para crear una agencia de prevenci\u00f3n de la corrupci\u00f3n. Tras varios meses en los que esta lacra ha monopolizado la agenda pol\u00edtica espa\u00f1ola, la toma en consideraci\u00f3n de la norma ha sido rechazada con los votos de PP, Vox y Junts (176) frente al apoyo del resto de la mayor\u00eda de investidura (170) y una abstenci\u00f3n (la de UPN). La medida forma parte del <a href=\"https:\/\/elpais.com\/espana\/2025-07-09\/estas-son-las-15-medidas-anunciadas-por-sanchez.html\" rel=\"nofollow noopener\" title=\"https:\/\/elpais.com\/espana\/2025-07-09\/estas-son-las-15-medidas-anunciadas-por-sanchez.html\" target=\"_blank\">plan anunciado por el presidente Pedro S\u00e1nchez <\/a>ante el pleno el pasado julio tras la crisis desatada por la implicaci\u00f3n del ex n\u00famero tres socialista, Santos Cerd\u00e1n, en el cobro de mordidas vinculadas a la adjudicaci\u00f3n de obras p\u00fablicas. <\/p>\n<p class=\"\">\u201cAprobar esta proposici\u00f3n de ley es una obligaci\u00f3n urgente\u201d, ha sostenido Enrique Santiago, portavoz parlamentario de Izquierda Unida, durante la defensa de la norma. En un debate cargado de reproches cruzados, con las investigaciones abiertas contra ex altos cargos y antiguos colaboradores del PSOE en marcha, el diputado de Sumar se ha dirigido especialmente al PP para pedirle que no \u201cuse cortinas de humo\u201d a la hora de tomar medidas contra la corrupci\u00f3n. \u201cHay un amplio consenso de que es un problema pol\u00edtico y social muy grave, 3.740 casos entre 2000 y 2020. El PP es el que m\u00e1s causas tuvo en ese per\u00edodo, 40,5% de los procedimientos\u201d, ha acusado Santiago.<\/p>\n<p class=\"\">La idea de impulsar una oficina anticorrupci\u00f3n llevaba guardada en un caj\u00f3n desde el primer trimestre de 2024, cuando el estallido del caso Koldo provoc\u00f3 una primera crisis en las filas socialistas y Sumar reaccion\u00f3 con una bater\u00eda de medidas para atajar el problema en las instituciones p\u00fablicas. En julio de este a\u00f1o, el grupo de Yolanda D\u00edaz <a href=\"https:\/\/elpais.com\/espana\/2025-07-02\/sumar-escenifica-su-malestar-con-el-psoe-no-son-conscientes-de-la-gravedad-de-la-situacion.html\" target=\"_self\" rel=\"nofollow noopener\" title=\"https:\/\/elpais.com\/espana\/2025-07-02\/sumar-escenifica-su-malestar-con-el-psoe-no-son-conscientes-de-la-gravedad-de-la-situacion.html\">reactiv\u00f3 la propuesta<\/a>, que finalmente fue asumida por los socialistas en el programa de 15 iniciativas impulsado por S\u00e1nchez. <\/p>\n<p class=\"\">Pero ha sido precisamente el caso Koldo, y las \u00faltimas novedades de la rama navarra de la supuesta trama de corrupci\u00f3n, los motivos arg\u00fcidos por los populares para votar en contra. Durante el debate, la formaci\u00f3n de Feij\u00f3o ha pasado por alto el contenido de la proposici\u00f3n de ley y en su lugar ha acusado a Sumar de \u201ctapar\u201d los procesos de corrupci\u00f3n que \u201cacosan\u201d a los socialistas, en referencia expresa a Santos Cerd\u00e1n y Jos\u00e9 Luis \u00c1balos, as\u00ed como a la esposa del presidente del Gobierno, a su hermano y al fiscal general del Estado, para justificar su rechazo. \u201cNo quieren prevenir la corrupci\u00f3n, lo que hacen es un ejercicio de cinismo e hipocres\u00eda y un intento de blanqueamiento de su papel\u201d, ha alegado la diputada del PP Edurne Uriarte en la tribuna. \u201cSalgan del Gobierno, apoyen el trabajo de los jueces y solo despu\u00e9s tendr\u00e1n credibilidad para presentar una proposici\u00f3n de ley\u201d, ha a\u00f1adido. <\/p>\n<p class=\"\">El parlamentario de Junts Josep Pag\u00e8s ha anunciado tambi\u00e9n sus reticencias a bas\u00e1ndose en la invasi\u00f3n competencial del texto. \u201cLo \u00faltimo que nos interesa es duplicar estructuras [Catalu\u00f1a cuenta con una oficina antifraude] y menos con la creaci\u00f3n de un \u00f3rgano estatal que centraliza competencias\u201d, ha argumentado una semana despu\u00e9s de tumbar la reducci\u00f3n de la jornada laboral. \u201cSi este tema se lo tomaran en serio lo m\u00e1s normal es que presentaran un proyecto de ley del Gobierno que respetara las competencias auton\u00f3micas y pactado con los grupos\u201d, ha incidido. <\/p>\n<p class=\"\">\u201cNo ser\u00e1 UPN quien vote en contra de medidas contra la corrupci\u00f3n, pero se evidencia su hipocres\u00eda ante casos que acechan a sus socios y su Gobierno\u201d, ha justificado Alberto Catal\u00e1n. <\/p>\n<p class=\"\">Por el PSOE, el diputado Pepe Mercadal ha sido el encargado de marcar distancias con los populares. \u201cNo somos iguales, no tenemos nada que ver con el PP. Tampoco en la corrupci\u00f3n. Nosotros expulsamos de inmediato. El PP a quien ech\u00f3 fue al \u00fanico que se atrevi\u00f3 a denunciar la corrupci\u00f3n, a Pablo Casado\u201d, ha arremetido en su discurso. <\/p>\n<p class=\"\">Aunque varios partidos de la mayor\u00eda de investidura han anunciado su voto favorable a la admisi\u00f3n a tr\u00e1mite de la norma, no han faltado las cr\u00edticas entre los portavoces de los grupos, claramente insatisfechos con la propuesta. Mikel Legarda, del PNV, ha advertido de que si la proposici\u00f3n no es \u201cobjeto de una profunda transformaci\u00f3n\u201d, acabar\u00e1n posicion\u00e1ndose en contra. Critica la formaci\u00f3n que no haya tenido en cuenta el plan anunciado por S\u00e1nchez en julio, la invasi\u00f3n de competencias o el m\u00e9todo para la elecci\u00f3n del director de la instituci\u00f3n. <\/p>\n<p class=\"\">\u201cEl sistema bipartidista corrupto no se combate con una oficina\u201d, ha afirmado la diputada de Podemos, Martina Velarde. \u201cNo cabe la ingenuidad. La corrupci\u00f3n es sist\u00e9mica\u201d, ha advertido en la misma l\u00ednea Oskar Matute, de EH Bildu, que ha anunciado igualmente enmiendas. \u201cLa proposici\u00f3n que usted plantea deja mucho que desear\u201d, ha resumido en ERC Francesc-Marc \u00c1lvaro, que ha usado su turno para responder a las acusaciones de Junts sobre las puertas giratorias de las que se habr\u00edan beneficiado antiguos dirigentes el partido. \u201cHablan los del 3% (&#8230;) hoy por hoy, Junts per Catalunya son un portavoz de Foment del Treball, qu\u00e9 papel tan triste\u201d, ha sentenciado. <\/p>\n<p class=\"\">\u201cEsta proposici\u00f3n que tiene como misi\u00f3n blanquear a la coalici\u00f3n del PSOE y Sumar\u201d, ha defendido por Vox Andr\u00e9s Alberto Rodr\u00edguez. <\/p>\n<p>Potestad sancionadora<\/p>\n<p class=\"\">La creaci\u00f3n de este organismo con estatus de autoridad \u201dindependiente\u201d iba en la l\u00ednea de lo que plantea el Grupo de Estados contra la Corrupci\u00f3n del Consejo de Europa (GRECO). Seg\u00fan el texto de la proposici\u00f3n de ley, la oficina tendr\u00eda funciones de concienciaci\u00f3n y sensibilizaci\u00f3n, prevenci\u00f3n, investigaci\u00f3n, evaluaci\u00f3n y protecci\u00f3n. Lleva adem\u00e1s incluida una potestad sancionadora de hasta un mill\u00f3n de euros a empresas en los casos m\u00e1s graves, as\u00ed como la posibilidad de prohibirles la contrataci\u00f3n con la administraci\u00f3n p\u00fablica en el plazo de tres a\u00f1os. Para las personas f\u00edsicas, la cuant\u00eda m\u00e1s alta prevista es de 400.000 euros. Tambi\u00e9n contempla imponer sanciones como la prohibici\u00f3n de recibir subvenciones o beneficios fiscales durante un m\u00e1ximo de cuatro a\u00f1os.<\/p>\n<p class=\"\">La agencia contar\u00eda con un director no militante en partidos pol\u00edticos y un cuerpo de inspecci\u00f3n reclutado por oposici\u00f3n. La oficina podr\u00eda investigar el uso irregular de fondos p\u00fablico y requerir documentaci\u00f3n a instituciones y bancos. <\/p>\n<p class=\"\">Entre las funciones que se enmarcan dentro de la prevenci\u00f3n, la norma recoge la elaboraci\u00f3n de c\u00f3digos de conducta, la creaci\u00f3n de sistemas internos de alerta temprana y un buz\u00f3n de denuncias. Las investigaciones no podr\u00e1n exceder de los seis meses, prorrogables por otro seis en los casos m\u00e1s complejos. El organismo tendr\u00e1 capacidad de inspecci\u00f3n para examinar expedientes y registros en las entidades del sector p\u00fablico y solicitar informaci\u00f3n a cualquier persona o sociedad que maneje fondos p\u00fablicos. <\/p>\n","protected":false},"excerpt":{"rendered":"El Congreso ha tumbado este martes la proposici\u00f3n de ley de Sumar para crear una agencia de prevenci\u00f3n&hellip;\n","protected":false},"author":2,"featured_media":119460,"comment_status":"","ping_status":"","sticky":false,"template":"","format":"standard","meta":{"footnotes":""},"categories":[8],"tags":[17,18,4334,4456,767,25,24,13,14,11,19,20,9,10,15,16,957,2959,952,8411,23,4453,12,21,22],"class_list":{"0":"post-119459","1":"post","2":"type-post","3":"status-publish","4":"format-standard","5":"has-post-thumbnail","7":"category-espana","8":"tag-breaking-news","9":"tag-breakingnews","10":"tag-caso-koldo","11":"tag-congreso-diputados","12":"tag-corrupcion","13":"tag-es","14":"tag-espana","15":"tag-featured-news","16":"tag-featurednews","17":"tag-headlines","18":"tag-latest-news","19":"tag-latestnews","20":"tag-news","21":"tag-noticias","22":"tag-noticias-destacadas","23":"tag-noticiasdestacadas","24":"tag-partidos-politicos","25":"tag-pedro-sanchez","26":"tag-politica","27":"tag-santos-cerdan","28":"tag-spain","29":"tag-sumar","30":"tag-titulares","31":"tag-ultimas-noticias","32":"tag-ultimasnoticias"},"share_on_mastodon":{"url":"","error":""},"_links":{"self":[{"href":"https:\/\/www.europesays.com\/es\/wp-json\/wp\/v2\/posts\/119459","targetHints":{"allow":["GET"]}}],"collection":[{"href":"https:\/\/www.europesays.com\/es\/wp-json\/wp\/v2\/posts"}],"about":[{"href":"https:\/\/www.europesays.com\/es\/wp-json\/wp\/v2\/types\/post"}],"author":[{"embeddable":true,"href":"https:\/\/www.europesays.com\/es\/wp-json\/wp\/v2\/users\/2"}],"replies":[{"embeddable":true,"href":"https:\/\/www.europesays.com\/es\/wp-json\/wp\/v2\/comments?post=119459"}],"version-history":[{"count":0,"href":"https:\/\/www.europesays.com\/es\/wp-json\/wp\/v2\/posts\/119459\/revisions"}],"wp:featuredmedia":[{"embeddable":true,"href":"https:\/\/www.europesays.com\/es\/wp-json\/wp\/v2\/media\/119460"}],"wp:attachment":[{"href":"https:\/\/www.europesays.com\/es\/wp-json\/wp\/v2\/media?parent=119459"}],"wp:term":[{"taxonomy":"category","embeddable":true,"href":"https:\/\/www.europesays.com\/es\/wp-json\/wp\/v2\/categories?post=119459"},{"taxonomy":"post_tag","embeddable":true,"href":"https:\/\/www.europesays.com\/es\/wp-json\/wp\/v2\/tags?post=119459"}],"curies":[{"name":"wp","href":"https:\/\/api.w.org\/{rel}","templated":true}]}}