{"id":119465,"date":"2025-09-16T20:35:07","date_gmt":"2025-09-16T20:35:07","guid":{"rendered":"https:\/\/www.europesays.com\/es\/119465\/"},"modified":"2025-09-16T20:35:07","modified_gmt":"2025-09-16T20:35:07","slug":"me-recuerdan-a-federer-y-nadal","status":"publish","type":"post","link":"https:\/\/www.europesays.com\/es\/119465\/","title":{"rendered":"Me recuerdan a Federer y Nadal"},"content":{"rendered":"<p class=\"pf0\">Tras colgar la raqueta despu\u00e9s de llevar al l\u00edmite a <b>Alcaraz<\/b> en primera ronda de Wimbledon, <b>Fabio Fognini<\/b> ha regresado a los focos en el podcast Supernova.<\/p>\n<p class=\"pf0\">Entre otros aspectos, el italiano ha hablado sobre los dos nombres propios del tenis actual: <b>JannikSinner y Carlos Alcaraz.<\/b><\/p>\n<p class=\"pf0\">Lejos de centrarse en qui\u00e9n es mejor, el ya extenista ha explicado las diferencias que ve entre su compatriota y el nuevo n\u00famero 1 del mundo.<\/p>\n<p class=\"pf0\">\u00abPara ser alguien de 24 a\u00f1os, Jannik ve las cosas con mucha claridad. Sabe que ha sido &#8216;golpeado&#8217; y que ahora le toca salir de la zona de confort, hacer algo diferente la pr\u00f3xima vez para derrotar a Carlos. Son dos jugadores diferentes. Nosotros, como italianos, conocemos mejor a Jannik, le seguimos y le animamos. En Italia, si ganas eres un fen\u00f3meno; <b>si pierdes, como pas\u00f3 en la final, empiezan a dudar de ti<\/b>\u00ab, ha arrancado.<\/p>\n<p class=\"pf0\">Seg\u00fan Fognini, Jannik es m\u00e1s \u00abcuadriculado\u00bb: \u00ab<b>Los dos me recuerdan a Federer y Nadal en mi \u00e9poca<\/b>. Sinner es &#8216;cuadrado&#8217;. Yo jugu\u00e9 con Andreas Seppi: le llamaba &#8216;kraut&#8217;, porque proven\u00eda de las monta\u00f1as. Era mitad alem\u00e1n, mitad italiano. <b>Jannik<\/b><b> es as\u00ed, m\u00e1s cuadriculado<\/b>\u00ab.<\/p>\n<p class=\"pf0\">Por el contrario, en Carlitos ve una persona que<b> \u00abse divierte y que necesita esa diversi\u00f3n fuera de la pista\u00bb.<\/b><\/p>\n<p class=\"pf0\">\u00abAlcaraz, por el contrario, parece que disfruta jugando al tenis. Vi su documental, dice que se va a Ibiza para divertirse despu\u00e9s de los partidos, y eso es exactamente lo que me transmite a m\u00ed: Alcaraz es alguien que se divierte y que necesita esa diversi\u00f3n fuera de la pista. <b>Yo tambi\u00e9n era as\u00ed, me asemejo m\u00e1s a esa personalidad<\/b>\u00ab, ha zanjado en declaraciones recogidas por &#8216;Ubitennis&#8217;.<\/p>\n","protected":false},"excerpt":{"rendered":"Tras colgar la raqueta despu\u00e9s de llevar al l\u00edmite a Alcaraz en primera ronda de Wimbledon, Fabio Fognini&hellip;\n","protected":false},"author":2,"featured_media":55981,"comment_status":"","ping_status":"","sticky":false,"template":"","format":"standard","meta":{"footnotes":""},"categories":[274],"tags":[168,25,24,23,167,327,326],"class_list":{"0":"post-119465","1":"post","2":"type-post","3":"status-publish","4":"format-standard","5":"has-post-thumbnail","7":"category-tenis","8":"tag-deportes","9":"tag-es","10":"tag-espana","11":"tag-spain","12":"tag-sports","13":"tag-tenis","14":"tag-tennis"},"share_on_mastodon":{"url":"","error":""},"_links":{"self":[{"href":"https:\/\/www.europesays.com\/es\/wp-json\/wp\/v2\/posts\/119465","targetHints":{"allow":["GET"]}}],"collection":[{"href":"https:\/\/www.europesays.com\/es\/wp-json\/wp\/v2\/posts"}],"about":[{"href":"https:\/\/www.europesays.com\/es\/wp-json\/wp\/v2\/types\/post"}],"author":[{"embeddable":true,"href":"https:\/\/www.europesays.com\/es\/wp-json\/wp\/v2\/users\/2"}],"replies":[{"embeddable":true,"href":"https:\/\/www.europesays.com\/es\/wp-json\/wp\/v2\/comments?post=119465"}],"version-history":[{"count":0,"href":"https:\/\/www.europesays.com\/es\/wp-json\/wp\/v2\/posts\/119465\/revisions"}],"wp:featuredmedia":[{"embeddable":true,"href":"https:\/\/www.europesays.com\/es\/wp-json\/wp\/v2\/media\/55981"}],"wp:attachment":[{"href":"https:\/\/www.europesays.com\/es\/wp-json\/wp\/v2\/media?parent=119465"}],"wp:term":[{"taxonomy":"category","embeddable":true,"href":"https:\/\/www.europesays.com\/es\/wp-json\/wp\/v2\/categories?post=119465"},{"taxonomy":"post_tag","embeddable":true,"href":"https:\/\/www.europesays.com\/es\/wp-json\/wp\/v2\/tags?post=119465"}],"curies":[{"name":"wp","href":"https:\/\/api.w.org\/{rel}","templated":true}]}}