{"id":119478,"date":"2025-09-16T20:42:10","date_gmt":"2025-09-16T20:42:10","guid":{"rendered":"https:\/\/www.europesays.com\/es\/119478\/"},"modified":"2025-09-16T20:42:10","modified_gmt":"2025-09-16T20:42:10","slug":"los-tres-hogares-literarios-de-una-veterana-librera-de-a-coruna-colon-lume-arenas","status":"publish","type":"post","link":"https:\/\/www.europesays.com\/es\/119478\/","title":{"rendered":"Los tres hogares literarios de una veterana librera de A Coru\u00f1a: Col\u00f3n, Lume, Arenas"},"content":{"rendered":"<p class=\"paragraph\" id=\"paragraph_1\"><strong>Col\u00f3n, Lume, Arenas.<\/strong> Tres librer\u00edas conocidas de A Coru\u00f1a, emblem\u00e1ticas, templos de referencia para el lector. Dos de ellas ya no existen. Desde hace un mes las tres figuran en el curr\u00edculo de la <strong>librera coru\u00f1esa Bego\u00f1a Varela<\/strong>.<\/p>\n<p><img loading=\"lazy\" decoding=\"async\" alt=\"Lume de A Coru\u00f1a\" height=\"180\" src=\"https:\/\/www.europesays.com\/es\/wp-content\/uploads\/2025\/09\/885422385_249147374_320x180.jpg\" width=\"320\" data-lazy-status=\"processed\" data-lazy-info=\"remove loading item 1\"\/><\/p>\n<p class=\"paragraph\" id=\"paragraph_2\">Tras vender libros durante m\u00e1s de 30 a\u00f1os en <strong>Col\u00f3n y Nova Col\u00f3n<\/strong> hasta sus cierres (en la calle Real la primera y en Olmos y San Andr\u00e9s en otras dos etapas posteriores), Varela fue contratada en <strong>Lume<\/strong>. En la librer\u00eda de la calle Fernando Mac\u00edas, que este a\u00f1o hubiera cumplido medio siglo, la verja se baj\u00f3 para siempre en el verano de 2024.<\/p>\n<p class=\"paragraph\" id=\"paragraph_3\">Tras casi un a\u00f1o en el paro, a Bego\u00f1a Varela la llam\u00f3 <strong>Manuel Arenas<\/strong>, el veterano librero propietario de Arenas, para ofrecerle un puesto en sus tiendas de <strong>Los Cantones y la avenida de Oza.<\/strong> Acept\u00f3: seguir\u00e1 trabajando y viviendo entre las p\u00e1ginas y las historias de los libros.<\/p>\n<p class=\"paragraph\" id=\"paragraph_4\">\u00abLos fondos de cada librer\u00eda son distintos, pero en todas coinciden variedad de lectores, que es una de las cosas que m\u00e1s me gusta, hablar de libros y relacionarme con los clientes\u00bb, cuenta la librera, que comenz\u00f3 su nueva etapa en el sector en el que siempre ha trabajado con motivo de la \u00faltima Feria del Libro en las fiestas de A Coru\u00f1a.<\/p>\n<p class=\"paragraph\" id=\"paragraph_5\">En Arenas qued\u00f3 vacante la plaza que hasta entonces ocupaba una sobrina de Manuel. \u00abNos dej\u00f3 para terminar la carrera, as\u00ed que necesitaba a alguien\u00bb, explica el librero, que no dud\u00f3 en elegir a la persona m\u00e1s adecuada.<\/p>\n<p class=\"paragraph\" id=\"paragraph_6\">\u00abBego\u00f1a tiene todo a favor: <strong>a\u00f1os de experiencia, conocimiento del mundo del libro, clientes que la conocen.<\/strong> Hoy encuentras gente joven en todos los comercios, y nosotros hemos trabajado con j\u00f3venes, pero en este caso quer\u00edamos a alguien ya cualificado al que no hubiera que formar. Pes\u00f3 la experiencia, y estoy muy contento con ella\u00bb, admite Arenas.<\/p>\n<p class=\"paragraph\" id=\"paragraph_7\">Entre Manuel y Bego\u00f1a se reparten a diario el trato al p\u00fablico en los dos establecimientos de Arenas, en el Cant\u00f3n Peque\u00f1o y en Cuatro Caminos, donde Arenas, junto a <strong>Couceiro<\/strong> en la ronda de Outeiro, resiste como una de las librer\u00edas m\u00e1s antiguas de la ciudad.<\/p>\n<p>Templos de libros<\/p>\n<p class=\"paragraph\" id=\"paragraph_8\">Bego\u00f1a Varela empez\u00f3 a trabajar rodeada de libros en Col\u00f3n, un punto de encuentro literario en el n\u00famero 24 de la calle Real que desapareci\u00f3 a comienzos de 2007. All\u00ed coincidi\u00f3 con <strong>Amparo Gantes<\/strong>, que encontr\u00f3 empleo en Arenas.<\/p>\n<p class=\"paragraph\" id=\"paragraph_9\">\u00abYa no recuerdo la edad que ten\u00eda cuando empec\u00e9, pero era muy joven. El cierre de Col\u00f3n fue traum\u00e1tico. Por eso cre\u00ed que necesitaba reflotarla de alguna manera\u00bb, rememora.<\/p>\n<p class=\"paragraph\" id=\"paragraph_10\">Junto a su hermana <strong>Silvia<\/strong>, Bego\u00f1a abri\u00f3 en Olmos Nova Col\u00f3n, otra librer\u00eda que recuperaba el esp\u00edritu de la original; poco despu\u00e9s cambiaron de bajo a San Andr\u00e9s. Ambos proyectos no pudieron esquivar el cierre.<\/p>\n<p class=\"paragraph\" id=\"paragraph_11\">Pero <strong>los libros siguen los pasos de Bego\u00f1a Varela<\/strong> (o es ella quien sigue el rastro de los libros) y Lume apareci\u00f3 en su camino profesional para seguir recomendando lecturas. <strong>Arenas<\/strong>, ahora, acoge a esta librera veterana de una ciudad lectora como A Coru\u00f1a.<\/p>\n","protected":false},"excerpt":{"rendered":"Col\u00f3n, Lume, Arenas. Tres librer\u00edas conocidas de A Coru\u00f1a, emblem\u00e1ticas, templos de referencia para el lector. Dos de&hellip;\n","protected":false},"author":2,"featured_media":119479,"comment_status":"","ping_status":"","sticky":false,"template":"","format":"standard","meta":{"footnotes":""},"categories":[172],"tags":[5843,224,6689,209,146,147,25,24,906,225,23],"class_list":{"0":"post-119478","1":"post","2":"type-post","3":"status-publish","4":"format-standard","5":"has-post-thumbnail","7":"category-libros","8":"tag-a-coruna","9":"tag-books","10":"tag-comarca-de-a-coruna","11":"tag-cultura","12":"tag-entertainment","13":"tag-entretenimiento","14":"tag-es","15":"tag-espana","16":"tag-librerias","17":"tag-libros","18":"tag-spain"},"share_on_mastodon":{"url":"","error":""},"_links":{"self":[{"href":"https:\/\/www.europesays.com\/es\/wp-json\/wp\/v2\/posts\/119478","targetHints":{"allow":["GET"]}}],"collection":[{"href":"https:\/\/www.europesays.com\/es\/wp-json\/wp\/v2\/posts"}],"about":[{"href":"https:\/\/www.europesays.com\/es\/wp-json\/wp\/v2\/types\/post"}],"author":[{"embeddable":true,"href":"https:\/\/www.europesays.com\/es\/wp-json\/wp\/v2\/users\/2"}],"replies":[{"embeddable":true,"href":"https:\/\/www.europesays.com\/es\/wp-json\/wp\/v2\/comments?post=119478"}],"version-history":[{"count":0,"href":"https:\/\/www.europesays.com\/es\/wp-json\/wp\/v2\/posts\/119478\/revisions"}],"wp:featuredmedia":[{"embeddable":true,"href":"https:\/\/www.europesays.com\/es\/wp-json\/wp\/v2\/media\/119479"}],"wp:attachment":[{"href":"https:\/\/www.europesays.com\/es\/wp-json\/wp\/v2\/media?parent=119478"}],"wp:term":[{"taxonomy":"category","embeddable":true,"href":"https:\/\/www.europesays.com\/es\/wp-json\/wp\/v2\/categories?post=119478"},{"taxonomy":"post_tag","embeddable":true,"href":"https:\/\/www.europesays.com\/es\/wp-json\/wp\/v2\/tags?post=119478"}],"curies":[{"name":"wp","href":"https:\/\/api.w.org\/{rel}","templated":true}]}}