{"id":119510,"date":"2025-09-16T21:02:13","date_gmt":"2025-09-16T21:02:13","guid":{"rendered":"https:\/\/www.europesays.com\/es\/119510\/"},"modified":"2025-09-16T21:02:13","modified_gmt":"2025-09-16T21:02:13","slug":"lo-mejor-y-lo-peor-del-athletic-arsenal","status":"publish","type":"post","link":"https:\/\/www.europesays.com\/es\/119510\/","title":{"rendered":"Lo mejor y lo peor del Athletic-Arsenal"},"content":{"rendered":"<p>\n        <strong>El Arsenal pas\u00f3 por encima de la ilusi\u00f3n de un <\/strong><a href=\"https:\/\/www.deia.eus\/athletic\/\" title=\"Athletic\" class=\"link copy\" rel=\"nofollow noopener\" target=\"_blank\"><strong>Athletic<\/strong><\/a><strong> que comprendi\u00f3 lo que es la Champions League. <\/strong>Los rojiblancos protagonizaron un encuentro muy meritorio ante uno de los candidatos al t\u00edtulo y le plant\u00f3 cara hasta el 0-1. <strong>Martinelli, que acababa de entrar al campo en el 72, hizo una obra de arte<\/strong> de la nada y puso por delante al Arsenal. Los\u00a0gunners\u00a0despu\u00e9s <strong>sentenciaron por medio de Trossard. <\/strong>Los leones se marchan vac\u00edos del partido, pues lo dieron todo, lo intentaron hasta el final; pero el rival fue demasiado rival.\n<\/p>\n<p>  Lo mejor: el esp\u00edritu competitivo con un once inesperado<\/p>\n<p class=\"article-body__text \">\n        M\u00e1s que alguno se qued\u00f3 at\u00f3nito la apuesta de inicio por la que se decant\u00f3 <strong>Ernesto Valverde, al que se le ocurri\u00f3 rotar en un partido grande <\/strong>como es estrenarse en la Champions ante un semifinalista de la pasada edici\u00f3n. <strong>Txingurri tir\u00f3 de cuatro novedades <\/strong>en su once respecto al que compareci\u00f3 72 horas ante el Alav\u00e9s, lo que gener\u00f3 incredulidad entre los que tienden a caer en el pesimismo, sobre todo cuando los rojiblancos afrontaban la cita contra el Arsenal de Mikel Arteta con la losa de hacer casi el rid\u00edculo ante el cuadro babazorro.\n<\/p>\n<p>            <a href=\"https:\/\/www.deia.eus\/athletic\/2025\/09\/16\/notas-pako-ruiz-jauregizar-ensena-camino-arsenal-10091774.html\" title=\"Las notas de Pako Ruiz: Jauregizar ense\u00f1a el camino pese a la derrota\" class=\"new__media\" rel=\"nofollow noopener\" target=\"_blank\"><\/p>\n<p>                <img alt=\"Las notas de Pako Ruiz: Jauregizar ense\u00f1a el camino pese a la derrota\" data-src=\"https:\/\/www.europesays.com\/es\/wp-content\/uploads\/2025\/09\/bd7c5755-a3aa-4ea8-9f0d-067696df695f_16-9-aspect-ratio_default_0.jpg\" class=\"lozad\"\/><\/p>\n<p>        <\/a><\/p>\n<p>        <a href=\"https:\/\/www.deia.eus\/athletic\/2025\/09\/16\/notas-pako-ruiz-jauregizar-ensena-camino-arsenal-10091774.html\" title=\"Las notas de Pako Ruiz: Jauregizar ense\u00f1a el camino pese a la derrota\" class=\"new__headline\" rel=\"nofollow noopener\" target=\"_blank\"><br \/>\n            Las notas de Pako Ruiz: Jauregizar ense\u00f1a el camino pese a la derrota<br \/>\n        <\/a><\/p>\n<p class=\"article-body__text \">\n        Lo cierto es que el Athletic dio la talla, que es lo que ped\u00eda el partido ante los gunners, que sacaron a flote sus mayores y mejores recursos en ese momento que tocaba decidir el partido. <strong>Los leones plantaron cara y ofrecieron m\u00fasculo competitivo durante 72 minutos,<\/strong> hasta que Gabriel Martinelli bati\u00f3 a un Unai Sim\u00f3n que se hab\u00eda mostrado solvente en dos acciones anteriores. San Mam\u00e9s so\u00f1\u00f3 incluso con la victoria y nadie puso reparos a las prestaciones de los Adama, Robert Navarro y dem\u00e1s meritorios, que superaron el\u00a0marr\u00f3n, que tambi\u00e9n gusta asumirlo, de este primer partido en la m\u00e1xima competici\u00f3n continental.\n<\/p>\n<p>  Lo peor: el escaso impacto de los que deben coger galones<\/p>\n<p class=\"article-body__text \">\n        <strong>En las dos anteriores experiencias en la Champions <\/strong><a href=\"https:\/\/www.deia.eus\/athletic\/2025\/09\/14\/estadistica-quiere-romper-athletic-debut-champions-league-10083182.html\" title=\"el Athletic no fue capaz de ganar sus respectivos encuentros de la primera jornada\" class=\"link copy\" rel=\"nofollow noopener\" target=\"_blank\"><strong>el Athletic no fue capaz de ganar<\/strong> sus respectivos encuentros de la primera jornada<\/a> y en esta ocasi\u00f3n se repite casi la misma historia. En 1998, los los leones se tuvieron que conformar con las tablas en el estreno en el viejo San Mam\u00e9s frente al Rosenborg noruego (1-1) y en 2014 tampoco fueron capaces de batir en el arranque frente al Shakhtar Donetsk ucraniano (0-0). M\u00e1s all\u00e1 de la estad\u00edstica, la derrota se explica en la parte que les corresponde a <strong>algunas de las grandes referencias de esta plantilla y que no estuvieron al nivel que se necesitaba<\/strong> para hacer da\u00f1o a un rival de la alcurnia de este Arsenal.\n<\/p>\n<p>            <a href=\"https:\/\/www.deia.eus\/athletic\/2025\/09\/16\/uriarte-descarta-ampliar-aforo-san-10092540.html\" title=\"Uriarte no descarta ampliar el aforo de San Mam\u00e9s\" class=\"new__media\" rel=\"nofollow noopener\" target=\"_blank\"><\/p>\n<p>                <img alt=\"Uriarte no descarta ampliar el aforo de San Mam\u00e9s\" data-src=\"https:\/\/www.europesays.com\/es\/wp-content\/uploads\/2025\/09\/ab67a81f-516a-4d0f-b375-d3433f0f6a1a_16-9-aspect-ratio_default_0.jpg\" class=\"lozad\"\/><\/p>\n<p>        <\/a><\/p>\n<p>        <a href=\"https:\/\/www.deia.eus\/athletic\/2025\/09\/16\/uriarte-descarta-ampliar-aforo-san-10092540.html\" title=\"Uriarte no descarta ampliar el aforo de San Mam\u00e9s\" class=\"new__headline\" rel=\"nofollow noopener\" target=\"_blank\"><br \/>\n            Uriarte no descarta ampliar el aforo de San Mam\u00e9s<br \/>\n        <\/a><\/p>\n<p class=\"article-body__text \">\n        <strong>I\u00f1aki Williams<\/strong>\u00a0vivi\u00f3 la anterior edici\u00f3n de la Champions desde la grada y depu\u00e9s de debutar en el primer equipo. Tras aquella eliminaci\u00f3n tuvo la suerte de estrenarse en la Europa League y adem\u00e1s con gol, pero <strong>su sue\u00f1o desde entonces era tocar la m\u00e1xima competici\u00f3n.<\/strong> Y lo ha hecho con la capitan\u00eda como acicate, pero se olvid\u00f3 de su mejor versi\u00f3n pese a intentar cosas. Apenas tom\u00f3 buenas decisiones en ataque, salvo en una contra que gestion\u00f3 con criterio con <strong>Alex Berenguer,<\/strong> y ese escaso impacto lastr\u00f3 a su equipo a la hora de poder crear m\u00e1s peligro. Como fue el caso de <strong>Oihan Sancet,<\/strong> que fue de m\u00e1s a memos. Se habla maravillas del talento del navarro, por lo cierto es que en esta ocasi\u00f3n lo sac\u00f3 a cuentagotas. No se recuerda golpeo alguno suyo y solo se dej\u00f3 ver en un par de asistencias en el interior del \u00e1rea inglesa, pero sin inquietar a un David Raya que se fue a vestuarios sin practicamente mancharse el equipaje.<\/p>\n","protected":false},"excerpt":{"rendered":"El Arsenal pas\u00f3 por encima de la ilusi\u00f3n de un Athletic que comprendi\u00f3 lo que es la Champions&hellip;\n","protected":false},"author":2,"featured_media":119511,"comment_status":"","ping_status":"","sticky":false,"template":"","format":"standard","meta":{"footnotes":""},"categories":[268],"tags":[5031,2182,11681,168,25,24,280,282,1684,946,281,23,167],"class_list":{"0":"post-119510","1":"post","2":"type-post","3":"status-publish","4":"format-standard","5":"has-post-thumbnail","7":"category-futbol","8":"tag-arsenal","9":"tag-athletic","10":"tag-champions","11":"tag-deportes","12":"tag-es","13":"tag-espana","14":"tag-football","15":"tag-futbol","16":"tag-mejor","17":"tag-peor","18":"tag-soccer","19":"tag-spain","20":"tag-sports"},"share_on_mastodon":{"url":"","error":""},"_links":{"self":[{"href":"https:\/\/www.europesays.com\/es\/wp-json\/wp\/v2\/posts\/119510","targetHints":{"allow":["GET"]}}],"collection":[{"href":"https:\/\/www.europesays.com\/es\/wp-json\/wp\/v2\/posts"}],"about":[{"href":"https:\/\/www.europesays.com\/es\/wp-json\/wp\/v2\/types\/post"}],"author":[{"embeddable":true,"href":"https:\/\/www.europesays.com\/es\/wp-json\/wp\/v2\/users\/2"}],"replies":[{"embeddable":true,"href":"https:\/\/www.europesays.com\/es\/wp-json\/wp\/v2\/comments?post=119510"}],"version-history":[{"count":0,"href":"https:\/\/www.europesays.com\/es\/wp-json\/wp\/v2\/posts\/119510\/revisions"}],"wp:featuredmedia":[{"embeddable":true,"href":"https:\/\/www.europesays.com\/es\/wp-json\/wp\/v2\/media\/119511"}],"wp:attachment":[{"href":"https:\/\/www.europesays.com\/es\/wp-json\/wp\/v2\/media?parent=119510"}],"wp:term":[{"taxonomy":"category","embeddable":true,"href":"https:\/\/www.europesays.com\/es\/wp-json\/wp\/v2\/categories?post=119510"},{"taxonomy":"post_tag","embeddable":true,"href":"https:\/\/www.europesays.com\/es\/wp-json\/wp\/v2\/tags?post=119510"}],"curies":[{"name":"wp","href":"https:\/\/api.w.org\/{rel}","templated":true}]}}