{"id":119516,"date":"2025-09-16T21:05:10","date_gmt":"2025-09-16T21:05:10","guid":{"rendered":"https:\/\/www.europesays.com\/es\/119516\/"},"modified":"2025-09-16T21:05:10","modified_gmt":"2025-09-16T21:05:10","slug":"las-familias-recurren-cada-vez-mas-a-los-libros-de-segunda-mano-para-ahorrar-en-la-vuelta-al-cole","status":"publish","type":"post","link":"https:\/\/www.europesays.com\/es\/119516\/","title":{"rendered":"Las familias recurren cada vez m\u00e1s a los libros de segunda mano para ahorrar en la vuelta al cole"},"content":{"rendered":"<p style=\"text-align: center;\"><strong>El encarecimiento de los libros de texto nuevos y el cambio de mentalidad de las familias ha favorecido el auge de la demanda de los libros de texto de segunda mano.<\/strong><\/p>\n<p>La demanda de libros de texto de segunda mano se ha disparado en los \u00faltimos meses, especialmente a trav\u00e9s de plataformas digitales, impulsada por el aumento del precio de los ejemplares nuevos y un cambio de mentalidad en las familias. Solo en Wallapop, las ventas crecieron en agosto un 188 % respecto al mismo mes del a\u00f1o pasado.<\/p>\n<p>En los \u00faltimos tres a\u00f1os, los precios de los manuales escolares han subido de manera significativa debido al encarecimiento del papel y a la reforma educativa que sustituy\u00f3 la Lomce por la Lomloe. La implantaci\u00f3n de esta nueva ley, en vigor desde 2021, oblig\u00f3 a renovar en dos a\u00f1os todos los libros de ense\u00f1anza obligatoria: primero en los cursos impares y despu\u00e9s en los pares.<\/p>\n<p><strong>Escasez y encarecimiento<\/strong><\/p>\n<p>La falta de ejemplares en circulaci\u00f3n y el coste de los nuevos provocaron que el mercado de segunda mano tambi\u00e9n subiera de precio. Muchas familias intentaron recuperar parte de la inversi\u00f3n realizada el curso anterior, lo que encareci\u00f3 los ejemplares usados. Adem\u00e1s, las editoriales actualizan peri\u00f3dicamente las ediciones y los centros deciden cu\u00e1ndo renovarlas, lo que dificulta a\u00fan m\u00e1s la reutilizaci\u00f3n.<\/p>\n<p>\u00abAntes un libro de Primaria pod\u00eda comprarse por 10 o 15 euros, y uno de Secundaria por unos 20. Ahora, esos precios rondan los 20 euros en Primaria y entre 30 y 35 en Secundaria\u00bb, explica Mar\u00eda S\u00e1nchez, presidenta de la Confederaci\u00f3n Espa\u00f1ola de Asociaciones de Padres y Madres de Alumnos (CEAPA). Aun as\u00ed, subraya que sigue siendo la opci\u00f3n m\u00e1s asequible, ya que un lote nuevo puede costar hasta 200 euros en Primaria y 400 en Secundaria. El ahorro en segunda mano puede alcanzar entre el 50 % y el 75 %.<\/p>\n<p><strong>Plataformas digitales al alza<\/strong><\/p>\n<p>El auge se refleja en los datos de las plataformas. Wallapop reporta que en julio las ventas crecieron un 245 % respecto al a\u00f1o anterior. Milanuncios tambi\u00e9n detecta un incremento r\u00e9cord: en julio, la demanda de libros subi\u00f3 un 207 % frente a junio, mientras que en el mismo periodo de 2024 hab\u00eda sido del 166 %.<\/p>\n<p>Seg\u00fan su portavoz, \u00cd\u00f1igo Vallejo, aunque el coste en el mercado de segunda mano sigue siendo elevado, ya se percibe una ligera bajada: el precio medio ha pasado de 18,50 euros a 17. Adem\u00e1s, destaca un cambio cultural: \u00abAntes se ve\u00eda como algo cutre, ahora se percibe como una decisi\u00f3n inteligente de la que incluso se presume\u00bb.<\/p>\n<p><strong>Librer\u00edas y programas de reutilizaci\u00f3n<\/strong><\/p>\n<p>La tendencia tambi\u00e9n se nota en las librer\u00edas f\u00edsicas de segunda mano, que han encontrado en el entorno digital un aliado para mantenerse. A ello se suman los programas de pr\u00e9stamo gratuitos promovidos por los gobiernos auton\u00f3micos, que permiten a las familias acceder a libros sin coste durante el curso escolar<\/p>\n<p>\u00a0<\/p>\n<p id=\"pvc_stats_10325939\" class=\"pvc_stats total_only  pvc_load_by_ajax_update\" data-element-id=\"10325939\" style=\"\"> <img loading=\"lazy\" class=\"lazy\" decoding=\"async\" width=\"16\" height=\"16\" alt=\"Loading\" src=\"https:\/\/www.europesays.com\/es\/wp-content\/uploads\/2025\/09\/ajax-loader-2x.gif\" border=\"0\"\/><\/p>\n<p>\t\t\t<img decoding=\"async\" class=\"aioseo-author-bio-compact-image lazy\" src=\"https:\/\/www.europesays.com\/es\/wp-content\/uploads\/2025\/09\/fa47c42183a51cd7bc1b4550325c35688ce94b364001d9091014163ed1f7d0a1\" alt=\"avatar de autor\"\/><\/p>\n","protected":false},"excerpt":{"rendered":"El encarecimiento de los libros de texto nuevos y el cambio de mentalidad de las familias ha favorecido&hellip;\n","protected":false},"author":2,"featured_media":119517,"comment_status":"","ping_status":"","sticky":false,"template":"","format":"standard","meta":{"footnotes":""},"categories":[172],"tags":[224,146,147,25,24,225,23],"class_list":{"0":"post-119516","1":"post","2":"type-post","3":"status-publish","4":"format-standard","5":"has-post-thumbnail","7":"category-libros","8":"tag-books","9":"tag-entertainment","10":"tag-entretenimiento","11":"tag-es","12":"tag-espana","13":"tag-libros","14":"tag-spain"},"share_on_mastodon":{"url":"","error":""},"_links":{"self":[{"href":"https:\/\/www.europesays.com\/es\/wp-json\/wp\/v2\/posts\/119516","targetHints":{"allow":["GET"]}}],"collection":[{"href":"https:\/\/www.europesays.com\/es\/wp-json\/wp\/v2\/posts"}],"about":[{"href":"https:\/\/www.europesays.com\/es\/wp-json\/wp\/v2\/types\/post"}],"author":[{"embeddable":true,"href":"https:\/\/www.europesays.com\/es\/wp-json\/wp\/v2\/users\/2"}],"replies":[{"embeddable":true,"href":"https:\/\/www.europesays.com\/es\/wp-json\/wp\/v2\/comments?post=119516"}],"version-history":[{"count":0,"href":"https:\/\/www.europesays.com\/es\/wp-json\/wp\/v2\/posts\/119516\/revisions"}],"wp:featuredmedia":[{"embeddable":true,"href":"https:\/\/www.europesays.com\/es\/wp-json\/wp\/v2\/media\/119517"}],"wp:attachment":[{"href":"https:\/\/www.europesays.com\/es\/wp-json\/wp\/v2\/media?parent=119516"}],"wp:term":[{"taxonomy":"category","embeddable":true,"href":"https:\/\/www.europesays.com\/es\/wp-json\/wp\/v2\/categories?post=119516"},{"taxonomy":"post_tag","embeddable":true,"href":"https:\/\/www.europesays.com\/es\/wp-json\/wp\/v2\/tags?post=119516"}],"curies":[{"name":"wp","href":"https:\/\/api.w.org\/{rel}","templated":true}]}}