{"id":119539,"date":"2025-09-16T21:17:22","date_gmt":"2025-09-16T21:17:22","guid":{"rendered":"https:\/\/www.europesays.com\/es\/119539\/"},"modified":"2025-09-16T21:17:22","modified_gmt":"2025-09-16T21:17:22","slug":"tubos-aranda-arranca-la-temporada-con-una-gran-victoria-ante-bm-nava","status":"publish","type":"post","link":"https:\/\/www.europesays.com\/es\/119539\/","title":{"rendered":"Tubos Aranda arranca la temporada con una gran victoria ante BM Nava"},"content":{"rendered":"<p><a class=\"v-mdl-ath__fig-a\" href=\"https:\/\/www.burgosconecta.es\/autor\/burgosconecta-2120.html\" title=\"BURGOSconecta\" rel=\"nofollow noopener\" target=\"_blank\"><br \/>\n<img decoding=\"async\" class=\"v-mdl-ath__img\" src=\"https:\/\/www.europesays.com\/es\/wp-content\/uploads\/2025\/08\/autor-2120-foto-2.jpeg\" alt=\"BURGOSconecta\"\/><br \/>\n<\/a><\/p>\n<p class=\"v-mdl-ath__p v-mdl-ath__p--6\">\nLunes, 15 de septiembre 2025, 08:10<\/p>\n<p class=\"v-p\">El primer domingo de septiembre quedar\u00e1 grabado en la memoria del Tubos Aranda Villa de Aranda. En el inicio de una temporada que promete emociones, el conjunto ribere\u00f1o estren\u00f3 su camino en la Liga con un triunfo de prestigio frente al Viveros Herol BM Nava (29-25). El Santiago Mangu\u00e1n fue escenario de un ambiente inigualable que empuj\u00f3 a los de Javi M\u00e1rquez hacia una victoria que refuerza la ilusi\u00f3n de toda una afici\u00f3n.<\/p>\n<p class=\"v-p\">El duelo comenz\u00f3 con un intercambio de golpes marcado por las defensas. Tanto Pau Guitart como Patotski firmaron intervenciones decisivas bajo palos, mientras que en ataque fueron Mateo Arias y Rogonovs quienes mantuvieron el pulso de los locales. Pese a las p\u00e9rdidas y las fases de sequ\u00eda, los amarillos nunca se vieron superados por m\u00e1s de dos tantos. Las rachas de 3-0 y 0-3 reflejaron la igualdad reinante, y aunque los ribere\u00f1os rozaron el golpe de efecto antes del descanso, el marcador se\u00f1al\u00f3 tablas (12-12).<\/p>\n<p class=\"v-p\">Tras la reanudaci\u00f3n, el Tubos Aranda despleg\u00f3 su mejor versi\u00f3n. Mateo Arias continu\u00f3 inspirado y encontr\u00f3 en Alberto Pinillos a un socio letal, que aprovech\u00f3 cada resquicio de la defensa navera para abrir brecha en el electr\u00f3nico (20-18). A partir de ah\u00ed, los locales gestionaron con madurez los intentos visitantes de remontada. La defensa ribere\u00f1a se mostr\u00f3 infranqueable y, con tres goles de ventaja a falta de los \u00faltimos compases, los de M\u00e1rquez certificaron un triunfo solvente que termin\u00f3 ampli\u00e1ndose a cuatro tantos (29-25).<\/p>\n<p class=\"v-p\">El bocinazo final desat\u00f3 la euforia en el Mangu\u00e1n, con la grada celebrando a lo grande los primeros dos puntos de la temporada. La comuni\u00f3n entre equipo y afici\u00f3n, reconocida como la mejor de Espa\u00f1a, volvi\u00f3 a ser determinante en una jornada inolvidable. El pr\u00f3ximo reto llevar\u00e1 al Tubos Aranda hasta la cancha del Bada Huesca, que buscar\u00e1 revancha tras caer en su debut ante el Ademar de Le\u00f3n (35-25).<\/p>\n<p>Comenta<\/p>\n<p>Reporta un error<\/p>\n","protected":false},"excerpt":{"rendered":"Lunes, 15 de septiembre 2025, 08:10 El primer domingo de septiembre quedar\u00e1 grabado en la memoria del Tubos&hellip;\n","protected":false},"author":2,"featured_media":119540,"comment_status":"","ping_status":"","sticky":false,"template":"","format":"standard","meta":{"footnotes":""},"categories":[278],"tags":[1575,11836,5881,376,168,25,24,3956,375,11655,23,167,1152,39606,1261],"class_list":{"0":"post-119539","1":"post","2":"type-post","3":"status-publish","4":"format-standard","5":"has-post-thumbnail","7":"category-balonmano","8":"tag-ante","9":"tag-aranda","10":"tag-arranca","11":"tag-balonmano","12":"tag-deportes","13":"tag-es","14":"tag-espana","15":"tag-gran","16":"tag-handball","17":"tag-nava","18":"tag-spain","19":"tag-sports","20":"tag-temporada","21":"tag-tubos","22":"tag-victoria"},"share_on_mastodon":{"url":"","error":""},"_links":{"self":[{"href":"https:\/\/www.europesays.com\/es\/wp-json\/wp\/v2\/posts\/119539","targetHints":{"allow":["GET"]}}],"collection":[{"href":"https:\/\/www.europesays.com\/es\/wp-json\/wp\/v2\/posts"}],"about":[{"href":"https:\/\/www.europesays.com\/es\/wp-json\/wp\/v2\/types\/post"}],"author":[{"embeddable":true,"href":"https:\/\/www.europesays.com\/es\/wp-json\/wp\/v2\/users\/2"}],"replies":[{"embeddable":true,"href":"https:\/\/www.europesays.com\/es\/wp-json\/wp\/v2\/comments?post=119539"}],"version-history":[{"count":0,"href":"https:\/\/www.europesays.com\/es\/wp-json\/wp\/v2\/posts\/119539\/revisions"}],"wp:featuredmedia":[{"embeddable":true,"href":"https:\/\/www.europesays.com\/es\/wp-json\/wp\/v2\/media\/119540"}],"wp:attachment":[{"href":"https:\/\/www.europesays.com\/es\/wp-json\/wp\/v2\/media?parent=119539"}],"wp:term":[{"taxonomy":"category","embeddable":true,"href":"https:\/\/www.europesays.com\/es\/wp-json\/wp\/v2\/categories?post=119539"},{"taxonomy":"post_tag","embeddable":true,"href":"https:\/\/www.europesays.com\/es\/wp-json\/wp\/v2\/tags?post=119539"}],"curies":[{"name":"wp","href":"https:\/\/api.w.org\/{rel}","templated":true}]}}