{"id":119553,"date":"2025-09-16T21:26:12","date_gmt":"2025-09-16T21:26:12","guid":{"rendered":"https:\/\/www.europesays.com\/es\/119553\/"},"modified":"2025-09-16T21:26:12","modified_gmt":"2025-09-16T21:26:12","slug":"la-emotiva-historia-de-como-ricardo-darin-conocio-al-amor-de-su-vida-florencia-bas","status":"publish","type":"post","link":"https:\/\/www.europesays.com\/es\/119553\/","title":{"rendered":"La emotiva historia de c\u00f3mo Ricardo Dar\u00edn conoci\u00f3 al amor de su vida, Florencia Bas"},"content":{"rendered":"<p id=\"e2Gx6I_E4D\" data-wc=\"90\"><strong>Ricardo Dar\u00edn<\/strong> lleva m\u00e1s de 35 a\u00f1os de vida junto a <a class=\"hm-link ho-link\" href=\"https:\/\/www.hola.com\/actualidad\/20250911855154\/ursula-corbero-embarazo-reaccion-madre-chino-darin\/\" data-mrf-recirculation=\"article-body-link\" rel=\"nofollow noopener\" target=\"_blank\">Florencia Bas, la mujer con la que ha formado una familia<\/a> y tuvo a sus dos hijos, <a class=\"hm-link ho-link\" href=\"https:\/\/www.hola.com\/actualidad\/20250911855341\/ricardo-darin-reaccion-nieto-abuelo-chino-darin-ursula-corbero\/\" data-mrf-recirculation=\"article-body-link\" rel=\"nofollow noopener\" target=\"_blank\">Chino<\/a> y<a class=\"hm-link ho-link\" href=\"https:\/\/www.hola.com\/actualidad\/20230501345206\/clara-ricardo-darin-hija-disenyadora-empresaria\/\" data-mrf-recirculation=\"article-body-link\" rel=\"nofollow noopener\" target=\"_blank\">\u00a0Clara<\/a>. A lo largo de su carrera ha recordado muchas veces c\u00f3mo fue ese primer encuentro, casi de pel\u00edcula, con quien terminar\u00eda siendo el amor de su vida. Esta vez el padre de Chino Dar\u00edn, quien pronto le convertir\u00e1 en abuelo, ha contado en el programa La Revuelta\u00a0el momento exacto en que vio a su mujer por primera vez.\u00a0<\/p>\n<p> <img src=\"https:\/\/www.europesays.com\/es\/wp-content\/uploads\/2025\/09\/50a30ff5cf96-ricardo-darin-revuelta4.jpg\"   width=\"1024\" height=\"686\" loading=\"lazy\" decoding=\"async\" alt=\"Ricardo Dar\u00edn cuenta en 'La Revuelta' c\u00f3mo conoci\u00f3 al amor de su vida, Florencia Bas\" fetchpriority=\"auto\" class=\"image ho-image\"\/>\u00a9 RTVERicardo Dar\u00edn cuenta en &#8216;La Revuelta&#8217; c\u00f3mo conoci\u00f3 al amor de su vida, Florencia Bas<\/p>\n<p id=\"eLvlp6AyWm\" data-wc=\"74\"><strong>\u00abYo recuerdo el primer d\u00eda que la vi, el primer momento, la hora, el lugar<\/strong>\u2026 Estaba en una pizzer\u00eda en la calle Corrientes con un grupo de amigos cuando pas\u00f3 frente a la vidriera. Entre una columna y otra la perd\u00ed de vista, pero justo antes de desaparecer hicimos contacto visual. Y entonces ella volvi\u00f3 a pasar por la vidriera. Ah\u00ed pens\u00e9: ac\u00e1 hay algo\u201d, cont\u00f3 el actor en una entrevista con David Broncano.\u00a0<\/p>\n<p> <img src=\"https:\/\/www.europesays.com\/es\/wp-content\/uploads\/2025\/09\/f0ddc6fb73f3-ricardo-darin-revuelta3.jpg\"   width=\"1024\" height=\"578\" loading=\"lazy\" decoding=\"async\" alt=\"Ricardo Dar\u00edn cuenta en 'La Revuelta' c\u00f3mo conoci\u00f3 al amor de su vida, Florencia Bas\" fetchpriority=\"auto\" class=\"image ho-image\"\/>\u00a9 RTVERicardo Dar\u00edn junto a Andrea Pietra en &#8216;La Revuelta&#8217;<br \/>\n&#8216;\u00bfBailamos?&#8217;, su frase improvisada<\/p>\n<p id=\"eXtDzHL3Hy\" data-wc=\"155\">\u00abLa vi pasar, casi como si fuera un tema musical. Yo estaba en una pizzeria con un par de amigos en pleno centro, en la calle Corrientes, y la veo venir, pasa por la vidriera y por supuesto entre una vidriera y la otra hab\u00eda una interrupci\u00f3n porque hab\u00eda una columna ancha y me qued\u00e9 mir\u00e1ndola, mir\u00e1ndola. De pronto la perd\u00ed con la columna, y me hizo gracia porque hicimos contacto visual y ella volvi\u00f3 a pasar por la vidriera de vuelta. Y pens\u00e9, aca algo hay\u00bb. Pero, \u00ab\u00bfvolvi\u00f3 andando para atr\u00e1s?\u00bb, le interrumpi\u00f3 Broncano, a lo que Dar\u00edn respondi\u00f3 con humor: \u00abNo, <strong>si hubiera pasado andando para atr\u00e1s, yo le propon\u00eda matrimonio en el acto<\/strong>. Uno tiene muy pocas posibilidades en la vida de encontrarse con una mujer cangrejo\u00bb, brome\u00f3. \u00abPero no, pas\u00f3 normalmente, disimulando, y eso me catapult\u00f3. Sal\u00ed despedido de la silla, fui a la calle y me par\u00e9 a su lado\u201d.<\/p>\n<p> <img src=\"https:\/\/www.europesays.com\/es\/wp-content\/uploads\/2025\/09\/1758057970_469_22005274e710-gettyimages-1243559657.jpg\"   width=\"1024\" height=\"688\" loading=\"lazy\" decoding=\"async\" alt=\"Argentine actor Ricardo Darin (L) and his wife Florencia Bas pose at the red carpet before the screening of the film 'Argentina, 1985', in Buenos Aires, on September 27, 2022. - The movie, premiered earlier this month at the Venice Film Festival, is about the 1985 trial that put the country's repressive military junta on the stand for the disappearances of tens of thousands of citizens during the 1976-1983 military dictatorship. (Photo by ALEJANDRO PAGNI \/ AFP) (Photo by ALEJANDRO PAGNI\/AFP via Getty Images)\" fetchpriority=\"auto\" class=\"image ho-image\"\/>\u00a9 Getty ImagesRicardo Darin y su esposa, Florencia Bas<\/p>\n<p id=\"eMO2LMcgwCW\" data-wc=\"131\">Nervioso, sin saber qu\u00e9 decir, se limit\u00f3 a acompa\u00f1arla. \u00abLo recuerdo y se me pone la piel de gallina. Me par\u00e9 al lado de ella sin saber qu\u00e9 decirle y por supuesto no le dije nada, pero cuando el sem\u00e1foro se abri\u00f3, se puso en verde, cruzamos juntos. Y al otro lado, haciendo uso de la creatividad que me caracteriza le dije: <strong>\u00bfBailamos?<\/strong>\u00ab. \u00a0El p\u00fablico estall\u00f3 en risas y aplausos al escuchar la an\u00e9cdota. Seg\u00fan record\u00f3 Dar\u00edn, aquel primer di\u00e1logo apenas termin\u00f3 en una risa compartida y un \u201cciao\u201d. Pero el destino volvi\u00f3 a reunirlos al d\u00eda siguiente. \u201cNo fue casualidad, fue causalidad\u201d, reconoci\u00f3. \u00a0Con el tiempo, Florencia confes\u00f3 que aquel gesto espont\u00e1neo le hab\u00eda causado cierta gracia y que fue, en realidad, el inicio perfecto de su historia de amor.\u00a0<\/p>\n<p>  <img src=\"https:\/\/www.europesays.com\/es\/wp-content\/uploads\/2025\/09\/4301e7376187-ricardo-darin-hija-clara.jpg\"   width=\"1080\" height=\"1080\" loading=\"lazy\" decoding=\"async\" alt=\"Ricardo Dar\u00edn con su mujer, Florencia Bas, y su hija, Clara Dar\u00edn, en el estreno de 'La Reina de Espa\u00f1a' el 24 de noviembre en los cines Callao, Madrid\" fetchpriority=\"auto\" class=\"image ho-image\"\/>\u00a9 Getty ImagesRicardo Dar\u00edn con su mujer, Florencia Bas, y su hija, Clara Dar\u00edn<\/p>\n<p>  <img src=\"https:\/\/www.europesays.com\/es\/wp-content\/uploads\/2025\/09\/a71459ced03d-dlu439887001.jpg\"   width=\"1080\" height=\"1080\" loading=\"lazy\" decoding=\"async\" alt=\"Ricardo Darin con su hijo Chino Dar\u00edn\" fetchpriority=\"auto\" class=\"image ho-image\"\/>\u00a9 GTRESRicardo Dar\u00edn con su hijo, Chino Dar\u00edn<\/p>\n<p id=\"et0WVUvvcX\" data-wc=\"142\">Una historia distinta, pero tambi\u00e9n curiosa fue la de<strong>\u00a0su compa\u00f1era en la obra Escenas de la vida conyugal, Andrea Pietra<\/strong>. Juntos act\u00faan en el Teatro Rialto de Madrid con esta obra y durante su entrevista en La revuelta\u00a0cont\u00f3 como conoci\u00f3 a su marido, el productor musical Daniel Grinbank. \u00a0\u00abEn realidad me busc\u00f3 \u00e9l. Me ve\u00eda en las publicidades de una serie que hac\u00eda de noche y empez\u00f3 a invitarme a los espect\u00e1culos que organizaba. \u00a0\u00c9l ten\u00eda una radio, era empresario, productor de m\u00fasica que ha llevado a los Rolling Stones a Buenos Aires, a todos los grupos de m\u00fasica&#8230; Yo quer\u00eda ver a los Rolling Stones, \u00a0Me invitaba, pero no lo ve\u00eda, hasta que un d\u00eda le dije \u00abcrucemonos\u00bb, porque lo conoc\u00eda todo el pa\u00eds, menos yo, que no sab\u00eda qui\u00e9n era. Y pasaron tres meses hasta que me enamor\u00e9\u00bb.<\/p>\n","protected":false},"excerpt":{"rendered":"Ricardo Dar\u00edn lleva m\u00e1s de 35 a\u00f1os de vida junto a Florencia Bas, la mujer con la que&hellip;\n","protected":false},"author":2,"featured_media":119554,"comment_status":"","ping_status":"","sticky":false,"template":"","format":"standard","meta":{"footnotes":""},"categories":[174],"tags":[517,255,146,147,25,24,256,37119,23],"class_list":{"0":"post-119553","1":"post","2":"type-post","3":"status-publish","4":"format-standard","5":"has-post-thumbnail","7":"category-famosos","8":"tag-actualidad","9":"tag-celebrities","10":"tag-entertainment","11":"tag-entretenimiento","12":"tag-es","13":"tag-espana","14":"tag-famosos","15":"tag-ricardo-darin","16":"tag-spain"},"share_on_mastodon":{"url":"","error":""},"_links":{"self":[{"href":"https:\/\/www.europesays.com\/es\/wp-json\/wp\/v2\/posts\/119553","targetHints":{"allow":["GET"]}}],"collection":[{"href":"https:\/\/www.europesays.com\/es\/wp-json\/wp\/v2\/posts"}],"about":[{"href":"https:\/\/www.europesays.com\/es\/wp-json\/wp\/v2\/types\/post"}],"author":[{"embeddable":true,"href":"https:\/\/www.europesays.com\/es\/wp-json\/wp\/v2\/users\/2"}],"replies":[{"embeddable":true,"href":"https:\/\/www.europesays.com\/es\/wp-json\/wp\/v2\/comments?post=119553"}],"version-history":[{"count":0,"href":"https:\/\/www.europesays.com\/es\/wp-json\/wp\/v2\/posts\/119553\/revisions"}],"wp:featuredmedia":[{"embeddable":true,"href":"https:\/\/www.europesays.com\/es\/wp-json\/wp\/v2\/media\/119554"}],"wp:attachment":[{"href":"https:\/\/www.europesays.com\/es\/wp-json\/wp\/v2\/media?parent=119553"}],"wp:term":[{"taxonomy":"category","embeddable":true,"href":"https:\/\/www.europesays.com\/es\/wp-json\/wp\/v2\/categories?post=119553"},{"taxonomy":"post_tag","embeddable":true,"href":"https:\/\/www.europesays.com\/es\/wp-json\/wp\/v2\/tags?post=119553"}],"curies":[{"name":"wp","href":"https:\/\/api.w.org\/{rel}","templated":true}]}}