{"id":119571,"date":"2025-09-16T21:35:15","date_gmt":"2025-09-16T21:35:15","guid":{"rendered":"https:\/\/www.europesays.com\/es\/119571\/"},"modified":"2025-09-16T21:35:15","modified_gmt":"2025-09-16T21:35:15","slug":"he-probado-ios-26-por-primera-vez-y-he-quitado-los-iconos-transparentes-en-minutos-pero-liquid-glass-es-mucho-mas-que-eso","status":"publish","type":"post","link":"https:\/\/www.europesays.com\/es\/119571\/","title":{"rendered":"He probado iOS 26 por primera vez y he quitado los iconos transparentes en minutos, pero Liquid Glass es mucho m\u00e1s que eso"},"content":{"rendered":"<p>Ha llegado el d\u00eda, <a class=\"text-outboundlink\" href=\"https:\/\/www.xataka.com\/nuevo\/nuevo-ios-19-informacion\" data-vars-post-title=\"iOS 26: fecha de salida, novedades, iPhone compatibles y todo lo que sabemos sobre el mayor cambio en iOS\" data-vars-post-url=\"https:\/\/www.xataka.com\/nuevo\/nuevo-ios-19-informacion\" rel=\"nofollow noopener\" target=\"_blank\">iOS 26<\/a> ya est\u00e1 disponible y anoche dej\u00e9 mi m\u00f3vil actualiz\u00e1ndose mientras yo dorm\u00eda. No instal\u00e9 la beta p\u00fablica, por lo que al despertar me he encontrado con <strong>un m\u00f3vil totalmente cambiado.<\/strong> Con la ilusi\u00f3n de quien estrena zapatos nuevos, he empezado a navegar por <a class=\"text-outboundlink\" href=\"https:\/\/www.xataka.com\/aplicaciones\/ios-26-todas-novedades-apple-no-ha-lavado-cara-iphone-ha-sometido-a-cirugia-estetica\" data-vars-post-title=\"iOS 26, todas las novedades: Apple no ha lavado la cara del iPhone. Lo ha sometido a cirug\u00eda est\u00e9tica\" data-vars-post-url=\"https:\/\/www.xataka.com\/aplicaciones\/ios-26-todas-novedades-apple-no-ha-lavado-cara-iphone-ha-sometido-a-cirugia-estetica\" rel=\"nofollow noopener\" target=\"_blank\">todas las novedades<\/a> y estas son mis primeras impresiones.\u00a0<\/p>\n<p>Liquid Glass es m\u00e1s que los iconos (y menos mal)<\/p>\n<p>El dise\u00f1o es la gran novedad de iOS 26. Se trata del cambio m\u00e1s importante desde iOS 7 en 2013, ah\u00ed es nada. Apple ha redise\u00f1ado toda la interfaz, los men\u00fas y las apps nativas con el nuevo lenguaje de dise\u00f1o al que han bautizado Liquid Glass. Mi sensaci\u00f3n en estas primeras horas es que ten\u00eda una idea equivocada. Veamos por qu\u00e9.<\/p>\n<p>                   <img class=\"\" height=\"1084\" width=\"2000\" loading=\"lazy\" decoding=\"async\"  fetchpriority=\"high\"  src=\"https:\/\/www.europesays.com\/es\/wp-content\/uploads\/2025\/09\/1758058511_740_450_1000.jpeg\" alt=\"Ios 26 Primeras Impresiones 03\"\/><\/p>\n<p>        Iconos por omisi\u00f3n, oscuro, trasl\u00facido y tintado.<\/p>\n<p>Lo m\u00e1s llamativo es que ahora podemos cambiar los iconos y, adem\u00e1s de ponerlos con fondo claro u oscuro, nos permite hacer que sean completamente transparentes. Los iconos transparentes cambian por completo la interfaz y es lo primero que he probado. <strong>Creo que he tardado tres minutos en volver al modo \u00abpor omisi\u00f3n\u00bb<\/strong>.\u00a0<\/p>\n<p>    <a href=\"https:\/\/www.xataka.com\/aplicaciones\/lenguaje-diseno-para-dominarlos-a-todos-asi-liquid-glass-nueva-interfaz-ios-macos-ipados-watchos\" class=\"pivot-outboundlink\" data-vars-post-title=\"Un lenguaje de dise\u00f1o para dominarlos a todos: as\u00ed es Liquid Glass, la nueva interfaz de iOS, macOS, iPadOS, tvOS y watchOS\" rel=\"nofollow noopener\" target=\"_blank\"><br \/>\n     <img loading=\"lazy\" decoding=\"async\" alt=\"Un lenguaje de dise\u00f1o para dominarlos a todos: as\u00ed es Liquid Glass, la nueva interfaz de iOS, macOS, iPadOS, tvOS y watchOS\" width=\"375\" height=\"142\" src=\"https:\/\/www.europesays.com\/es\/wp-content\/uploads\/2025\/09\/1758058512_372_375_142.jpeg\"\/><br \/>\n    <\/a><\/p>\n<p>M\u00e1s all\u00e1 de gustos, los iconos transparentes hacen que todo se aplane y cueste mucho diferenciar unas apps de otras. <strong>Un dise\u00f1o que nos cuesta leer, no es un buen dise\u00f1o.<\/strong> Si los hubiera dejado seguro que me habr\u00eda acabado acostumbrando a d\u00f3nde est\u00e1 cada app, pero me parece un esfuerzo innecesario para algo que adem\u00e1s tampoco me resulta especialmente rompedor. M\u00e1s a que a iOS, me recuerdan a cualquier <a class=\"text-outboundlink\" href=\"https:\/\/www.xatakandroid.com\/personalizacion\/como-personalizar-tu-android-estilo-minimalista-fondos-pantalla-e-iconos-para-hacerlo\" data-vars-post-title=\"C\u00f3mo personalizar tu Android con un estilo minimalista: fondos de pantalla e iconos para hacerlo\" data-vars-post-url=\"https:\/\/www.xatakandroid.com\/personalizacion\/como-personalizar-tu-android-estilo-minimalista-fondos-pantalla-e-iconos-para-hacerlo\" rel=\"nofollow noopener\" target=\"_blank\">tema personalizado de Android<\/a>.<\/p>\n<p>                   <img class=\"\" height=\"1500\" width=\"2000\" loading=\"lazy\" decoding=\"async\"  fetchpriority=\"high\"  src=\"https:\/\/www.europesays.com\/es\/wp-content\/uploads\/2025\/09\/1758058512_857_450_1000.jpeg\" alt=\"Ios 26 Primeras Impresiones 02\"\/><\/p>\n<p>        La llamaron Liquid Glass porque \u00abNo encuentro mis apps\u00bb no quedaba bien.<\/p>\n<p>Los iconos son opcionales, pero las transparencias afectan a toda la interfaz. Mi compa\u00f1ero Ricardo fue el encargado de probar la beta cuando fue anunciada y tuvo que sufrir una interfaz bastante menos pulida. <strong>El problema del contraste se ha minimizado<\/strong> y ahora las notificaciones y otros elementos son m\u00e1s legibles. Eso s\u00ed, si eliges un fondo de pantalla claro la legibilidad empeora.\u00a0Recomiendo apostar por un fondo m\u00e1s bien oscuro.<\/p>\n<p>                   <img class=\"centro_sinmarco\" height=\"534\" width=\"989\" loading=\"lazy\" decoding=\"async\"  fetchpriority=\"high\"  src=\"https:\/\/www.europesays.com\/es\/wp-content\/uploads\/2025\/09\/1758058512_761_450_1000.jpeg\" alt=\"Ios 26 Primeras Impresiones 08\"\/><\/p>\n<p>        El glow es sutil, pero sobra en los iconos normales<\/p>\n<p>Lo que sigue ah\u00ed es el efecto glow alrededor de botones e iconos. Con los iconos transparentes es necesario para que veamos bien los bordes, pero en los iconos normales con fondo claro <strong>da la sensaci\u00f3n de que el borde no est\u00e1 bien definido. <\/strong>De nuevo, se percibe m\u00e1s si usamos fondos de pantalla claros, llegando incluso a ser molesto, como si hubiera un efecto de deslumbramiento.\u00a0<\/p>\n<p>Otra novedad llamativa del nuevo dise\u00f1o es la pantalla de bloqueo, especialmente el <strong>nuevo reloj alargado. <\/strong>Esto s\u00ed que me ha parecido m\u00e1s interesante y lo he dejado as\u00ed configurado. Adem\u00e1s, el efecto profundidad est\u00e1 muy conseguido y queda especialmente bien si usas un retrato o una foto de tu mascota como fondo de pantalla.<\/p>\n<p>Hab\u00eda visto incontables veces las pantallas de inicio con iconos transparentes y, sin darme cuenta, <strong>me hab\u00eda formado la idea de la interfaz iba a ser ilegible<\/strong>, pero m\u00e1s all\u00e1 de los iconos, creo que el lenguaje de dise\u00f1o es coherente y hay cambios muy interesantes en algunas apps.<\/p>\n<p>App de c\u00e1mara y Fotos<\/p>\n<p>Las aplicaciones del sistema tambi\u00e9n se han redise\u00f1ado para el nuevo lenguaje visual de Liquid Glass y me quiero detener especialmente en la app de C\u00e1mara y la app Fotos.\u00a0<\/p>\n<p>                   <img class=\"\" height=\"1445\" width=\"2000\" loading=\"lazy\" decoding=\"async\"  fetchpriority=\"high\"  src=\"https:\/\/www.europesays.com\/es\/wp-content\/uploads\/2025\/09\/1758058512_870_450_1000.jpeg\" alt=\"Ios 26 Primeras Impresiones\"\/><\/p>\n<p>        La app de c\u00e1mara ha cambiado mucho<\/p>\n<p>Lo primero que piensas al abrir la app es qu\u00e9 ha pasado con el modo retrato o el modo c\u00e1mara lenta. Apple ha reducido las opciones que se ven en pantalla a v\u00eddeo y foto, que ahora se ven m\u00e1s grandes. S\u00f3lo cuando deslizas sobre ellas aparecen las dem\u00e1s. <strong>No me parece una soluci\u00f3n especialmente intuitiva,<\/strong> pero tampoco es un drama.\u00a0<\/p>\n<p>Tambi\u00e9n ha cambiado el men\u00fa de opciones de c\u00e1mara y ahora se despliega una ventana flotante con iconos redondos bastante grandes. El dise\u00f1o es algo tosco,<strong> <\/strong>aunque a priori me parece bastante <strong>m\u00e1s c\u00f3modo que el anterior. <\/strong>Sin embargo, me resulta inconsistente que estos botones sean tan grandes y en cambio el acceso directo al flash o al modo noche (arriba a la derecha) sean diminutos. De hecho, intentando abrir el men\u00fa emergente he activado el flash sin querer. La buena noticia es que tambi\u00e9n podemos abrirlo deslizando desde la parte inferior.<\/p>\n<p>                   <img class=\"\" height=\"1445\" width=\"2000\" loading=\"lazy\" decoding=\"async\"  fetchpriority=\"high\"  src=\"https:\/\/www.europesays.com\/es\/wp-content\/uploads\/2025\/09\/1758058513_534_450_1000.jpeg\" alt=\"Ios 26 Primeras Impresiones 05\"\/><\/p>\n<p>        La app Fotos tiene m\u00e1s sentido en iOS 26.<\/p>\n<p>En cambio, la app de Fotos ha recibido un redise\u00f1o que me ha encantado y que <strong>por fin tiene sentido.<\/strong> Me hab\u00eda acostumbrado a usarla en iOS 18, pero ha sido instalar iOS 26 y darme cuenta de que <a class=\"text-outboundlink\" href=\"https:\/\/www.xataka.com\/aplicaciones\/la-app-fotos-en-ios-18-es-una-apuesta-muy-arriesgada-sacrifica-simplicidad-por-funciones\" data-vars-post-title=\"La app Fotos en iOS 18 es una apuesta muy arriesgada. Sacrifica simplicidad por funciones\" data-vars-post-url=\"https:\/\/www.xataka.com\/aplicaciones\/la-app-fotos-en-ios-18-es-una-apuesta-muy-arriesgada-sacrifica-simplicidad-por-funciones\" rel=\"nofollow noopener\" target=\"_blank\">la versi\u00f3n anterior era un aut\u00e9ntico desastre<\/a>. Con iOS 26 volvemos a tener dos pesta\u00f1as, una con todas las fotos en orden cronol\u00f3gico y otra con las Colecciones, es decir, \u00e1lbumes, recuerdos, fotos destacadas, etc.<\/p>\n<p><strong>Lo interesante de esta segunda pesta\u00f1a es que es personalizable.<\/strong> Si bajamos hasta &#8216;Reordenar&#8217; podemos elegir qu\u00e9 queremos que se muestre m\u00e1s arriba. Si nos dejara eliminar algunas de estas opciones ya ser\u00eda de diez, pero al menos podemos dejarlas plegadas para que no haya tanto ruido.\u00a0<\/p>\n<p>Men\u00fas m\u00e1s accesibles<\/p>\n<p>                   <img class=\"\" height=\"1280\" width=\"1768\" loading=\"lazy\" decoding=\"async\"  fetchpriority=\"high\"  src=\"https:\/\/www.europesays.com\/es\/wp-content\/uploads\/2025\/09\/1758058513_82_450_1000.jpeg\" alt=\"Ios 26 Primeras Impresiones 09\"\/><\/p>\n<p>        Ajustes, Notas y App Store con la b\u00fasqueda en la parte inferior.<\/p>\n<p>Otra de las novedades de la nueva interfaz es que la barra de b\u00fasqueda en apps del sistema y men\u00fas est\u00e1 en la parte de abajo. Aqu\u00ed resulta mucho <strong>m\u00e1s c\u00f3modo acceder a ella<\/strong> con una sola mano, especialmente si tienes un iPhone de los m\u00e1s grandes.\u00a0<\/p>\n<p>Otro cambio que me ha gustado de la app Ajustes es que ahora <strong>los ajustes de apps se agrupan en un bloque.<\/strong> Ya no tenemos esa lista interminable en la pantalla principal, sino que est\u00e1 anidada en su propio apartado. Creo que tiene mucho m\u00e1s sentido.\u00a0<\/p>\n<p>                   <img class=\"centro_sinmarco\" height=\"683\" width=\"1024\" loading=\"lazy\" decoding=\"async\"  fetchpriority=\"high\"  src=\"https:\/\/www.europesays.com\/es\/wp-content\/uploads\/2025\/09\/1758058513_705_450_1000.jpeg\" alt=\"Dise\u00f1o safari se desactiva\"\/><\/p>\n<p>        El nuevo dise\u00f1o de Safari se puede personalizar.<\/p>\n<p>Safari es una de las apps que se ha redise\u00f1ado por completo y tambi\u00e9n apuesta por contar con la barra de b\u00fasqueda y los controles en la parte inferior, con un <strong>dise\u00f1o muy compacto y simplificado, quiz\u00e1s demasiado.<\/strong> Uso Chrome, por lo que no me afecta este cambio, pero si usas Safari y te resulta inc\u00f3modo, la buena noticia es que se puede volver al dise\u00f1o anterior.<\/p>\n<p>                   <img class=\"\" height=\"1500\" width=\"2000\" loading=\"lazy\" decoding=\"async\"  fetchpriority=\"high\"  src=\"https:\/\/www.europesays.com\/es\/wp-content\/uploads\/2025\/09\/1758058513_105_450_1000.jpeg\" alt=\"Ios 26 Primeras Impresiones 10\"\/><\/p>\n<p>        Pantalla de alarma a prueba de torpes<\/p>\n<p>Otro cambio que he descubierto por casualidad es que ahora la pantalla de alarma tiene un nuevo dise\u00f1o.\u00a0El reloj se ve enorme y debajo de \u00e9l tenemos dos botones m\u00e1s, uno para posponer la alarma y otro para detenerla.<strong> Me recuerda a la interfaz ce un m\u00f3vil para personas mayores.<\/strong> Es bastante tosco, pero teniendo en cuenta que cuando vemos esa pantalla estamos medio dormidos, me parece un acierto.<\/p>\n<p>Filtro de llamadas no, gracias\u00a0<\/p>\n<p>                   <img class=\"centro_sinmarco\" height=\"1285\" width=\"1366\" loading=\"lazy\" decoding=\"async\"  fetchpriority=\"high\"  src=\"https:\/\/www.europesays.com\/es\/wp-content\/uploads\/2025\/09\/1758058514_452_450_1000.jpeg\" alt=\"Filtro llamadas iOS 26\"\/><\/p>\n<p>        La idea est\u00e1 bien, el problema es que deja fuera a cualquier n\u00famero que no tengamos en contactos.<\/p>\n<p>Es una de las nuevas funciones que llega con iOS 26. El filtro de llamadas ya lo prob\u00e9 con mi compa\u00f1ero Ricardo hace meses y pude confirmar que <a class=\"text-outboundlink\" href=\"https:\/\/www.xataka.com\/moviles\/llamadas-spam-problemon-apple-sabe-su-solucion-ios-26-ha-sido-pasarse-frenada\" data-vars-post-title=\"Las llamadas spam son un problem\u00f3n para todo el mundo y Apple lo sabe. Su soluci\u00f3n con iOS 26 ha sido pasarse de frenada\" data-vars-post-url=\"https:\/\/www.xataka.com\/moviles\/llamadas-spam-problemon-apple-sabe-su-solucion-ios-26-ha-sido-pasarse-frenada\" rel=\"nofollow noopener\" target=\"_blank\">era como matar moscas a ca\u00f1onazos<\/a>, por lo que <strong>he decidido no activarlo. <\/strong>Lo que hace es filtrar absolutamente todas las llamadas de n\u00fameros que no tengamos en contactos y enviarlas al buz\u00f3n de voz en vivo, que le pedir\u00e1 al interlocutor el motivo de la llamada. Dudo mucho que si me llama el m\u00e9dico vaya a ponerse a hablar con Siri antes de hablar conmigo.\u00a0<\/p>\n<p>    <a href=\"https:\/\/www.xataka.com\/basics\/adios-a-llamadas-spam-numero-movil-que-nuevos-prefijos-tienen-que-usar-que-pasa-llamadas-extranjeras\" class=\"pivot-outboundlink\" data-vars-post-title=\"Adi\u00f3s a las llamadas de spam con n\u00famero de m\u00f3vil: qu\u00e9 nuevos prefijos tienen que usar y qu\u00e9 pasa con las llamadas extranjeras \" rel=\"nofollow noopener\" target=\"_blank\"><br \/>\n     <img loading=\"lazy\" decoding=\"async\" alt=\"Adi\u00f3s a las llamadas de spam con n\u00famero de m\u00f3vil: qu\u00e9 nuevos prefijos tienen que usar y qu\u00e9 pasa con las llamadas extranjeras \" width=\"375\" height=\"142\" src=\"https:\/\/www.europesays.com\/es\/wp-content\/uploads\/2025\/09\/1758058514_431_375_142.jpeg\"\/><br \/>\n    <\/a><\/p>\n<p>Ahorro de bater\u00eda adaptativo<\/p>\n<p>                   <img class=\"centro_sinmarco\" height=\"410\" width=\"1179\" loading=\"lazy\" decoding=\"async\"  fetchpriority=\"high\"  src=\"https:\/\/www.europesays.com\/es\/wp-content\/uploads\/2025\/09\/1758058514_674_450_1000.jpeg\" alt=\"Photo 2025 09 16 11 21 36\"\/><\/p>\n<p>        Por alguna raz\u00f3n, las notificaciones del consumo adaptativo salen en ingl\u00e9s.<\/p>\n<p>Otra de las novedades que estrena iOS 26 es el consumo adaptativo. En lugar de s\u00f3lo poder activar el modo de bajo consumo, esta opci\u00f3n <strong>hace ajustes de forma autom\u00e1tica<\/strong> en funci\u00f3n de la bater\u00eda que estemos usando. De momento lo he activado a ver qu\u00e9 tal funciona y le he pedido que me notifique cuando haga esos ajustes.\u00a0<\/p>\n<p>Me han llegado ya un par de avisos y<strong> no he notado una ca\u00edda en el rendimiento<\/strong> tan pronunciada como cuando activo el modo de bajo consumo. Eso s\u00ed, por alguna raz\u00f3n que desconozco, las notificaciones salen en ingl\u00e9s.<\/p>\n<p>Apple Intelligence: sin m\u00e1s<\/p>\n<p>A Apple <a class=\"text-outboundlink\" href=\"https:\/\/www.xataka.com\/aplicaciones\/siri-no-unico-juguete-roto-mundo-asistentes-voz-sus-rivales-siguen-dar-talla\" data-vars-post-title=\"A Apple se le ha atragantado la inteligencia artificial. Y los continuos retrasos de la nueva Siri son el mejor ejemplo\" data-vars-post-url=\"https:\/\/www.xataka.com\/aplicaciones\/siri-no-unico-juguete-roto-mundo-asistentes-voz-sus-rivales-siguen-dar-talla\" rel=\"nofollow noopener\" target=\"_blank\">se le ha atragantado la inteligencia artificial<\/a> y <a class=\"text-outboundlink\" href=\"https:\/\/www.xataka.com\/robotica-e-ia\/como-se-gesto-naufragio-nueva-siri-batalla-interna-dentro-apple-intelligence-control-todo\" data-vars-post-title=\"C\u00f3mo se gest\u00f3 el naufragio de la nueva Siri: una batalla interna dentro de Apple Intelligence por el control de todo\" data-vars-post-url=\"https:\/\/www.xataka.com\/robotica-e-ia\/como-se-gesto-naufragio-nueva-siri-batalla-interna-dentro-apple-intelligence-control-todo\" rel=\"nofollow noopener\" target=\"_blank\">la nueva Siri todav\u00eda no se ha hecho realidad<\/a>, pero aunque sigan <a class=\"text-outboundlink\" href=\"https:\/\/www.xataka.com\/robotica-e-ia\/ano-tenemos-nuevos-iphone-ano-apple-se-queda-atras-ia-generativa-para-moviles\" data-vars-post-title=\"Un a\u00f1o m\u00e1s, tenemos nuevos iPhone. Y un a\u00f1o m\u00e1s, Apple se queda atr\u00e1s en IA generativa para m\u00f3viles \" data-vars-post-url=\"https:\/\/www.xataka.com\/robotica-e-ia\/ano-tenemos-nuevos-iphone-ano-apple-se-queda-atras-ia-generativa-para-moviles\" rel=\"nofollow noopener\" target=\"_blank\">a la cola en IA generativa<\/a> con respecto a la competencia, eso no significa que iOS 26 no tenga funciones de IA.\u00a0<\/p>\n<p>                   <img class=\"\" height=\"1445\" width=\"2000\" loading=\"lazy\" decoding=\"async\"  fetchpriority=\"high\"  src=\"https:\/\/www.europesays.com\/es\/wp-content\/uploads\/2025\/09\/1758058515_451_450_1000.jpeg\" alt=\"Ios 26 Primeras Impresiones 04\"\/><\/p>\n<p>        La interfaz de capturas de pantalla permite hacer b\u00fasqueda visual y preguntarle a ChatGPT<\/p>\n<p>Una de las novedades es <strong>la b\u00fasqueda visual<\/strong> que podemos activar desde la interfaz que aparece cuando hacemos una captura de pantalla. Con ella podemos buscar im\u00e1genes similares a lo que tenemos en pantalla y tambi\u00e9n podemos preguntarle a ChatGPT, que \u00a0nos responder\u00e1 teniendo en cuenta el contexto de lo que estamos viendo. Tambi\u00e9n podremos crear eventos en el calendario si por ejemplo capturamos un cartel de un concierto.<\/p>\n<p>                   <img class=\"centro_sinmarco\" height=\"1280\" width=\"590\" loading=\"lazy\" decoding=\"async\"  fetchpriority=\"high\"  src=\"https:\/\/www.europesays.com\/es\/wp-content\/uploads\/2025\/09\/1758058515_696_450_1000.jpeg\" alt=\"Photo 2025 09 16 11 21 39\"\/><\/p>\n<p>La traducci\u00f3n simult\u00e1nea es otra de las novedades que llegan con iOS 26 y, de nuevo, es algo que ya tenemos desde hace tiempo en competidores como Samsung. La he probado con mi compa\u00f1ero \u00c1lvaro Garc\u00eda de Applesfera en la app Mensajes y <strong>ha hecho lo que promete, sin m\u00e1s.<\/strong><\/p>\n<p>Tambi\u00e9n tenemos la app Playground para generar im\u00e1genes y <strong>acciones inteligentes en atajos.<\/strong> Esto \u00faltimo es lo que m\u00e1s promete, aunque de momento no he podido investigarlo a fondo.\u00a0\u00a0<\/p>\n<p>iOS 26, primeras impresiones<\/p>\n<p>Los iconos transparentes son la novedad que se ha llevado todos los focos, pero en mi opini\u00f3n es algo irrelevante que parece que han puesto ah\u00ed para respaldar lo de \u00abel mayor redise\u00f1o en a\u00f1os\u00bb. No me gustan, no se distinguen bien y los he desactivado en minutos. Podemos argumentar que queda todo muy integrado y habr\u00e1 quien lo encuentre precioso, pero hay algo que es innegable y es que, con ellos, <strong>iOS no s\u00f3lo pierde su esencia, sino que visualmente es totalmente plano.<\/strong><\/p>\n<p>M\u00e1s all\u00e1 de eso, la interfaz Liquid Glass me ha gustado bastante m\u00e1s de lo que pensaba. A nivel est\u00e9tico es el punto intermedio entre los iconos totalmente planos que se estrenaron en iOS 7 y el esqueuomorfismo extremo de las versiones anteriores. Tiene cositas que pulir, especialmente a la hora de <strong>mejorar la visibilidad de algunas transparencias,<\/strong> pero tambi\u00e9n trae unos men\u00fas m\u00e1s intuitivos y algunas cosas interesantes como la nueva pantalla de bloqueo.<\/p>\n<p>                   <img class=\"\" height=\"3024\" width=\"4032\" loading=\"lazy\" decoding=\"async\"  fetchpriority=\"high\"  src=\"https:\/\/www.europesays.com\/es\/wp-content\/uploads\/2025\/09\/1758058515_872_450_1000.jpeg\" alt=\"iOS 26\"\/><\/p>\n<p><strong>El redise\u00f1o de la app Fotos<\/strong> es quiz\u00e1s lo que m\u00e1s me ha gustado, mientras que el de la app C\u00e1mara lo veo bastante tosco y poco intuitivo. Sobre nuevas funciones, no esperes nada revolucionario, especialmente en lo que a inteligencia artificial se refiere.\u00a0<\/p>\n<p>A\u00fan tengo que seguir prob\u00e1ndolo m\u00e1s a fondo, pero en este primer contacto la sensaci\u00f3n que me queda es que el dise\u00f1o no es tan terrible como esperaba y <strong>lo que m\u00e1s fr\u00eda me deja son las nuevas funciones de IA<\/strong> o ese filtro de llamadas que me parece de todo menos pr\u00e1ctico. \u00bfA ti qu\u00e9 te ha parecido?<\/p>\n<p>Im\u00e1genes | Amparo Babiloni, Xataka<\/p>\n<p>En Xataka | <a class=\"text-outboundlink\" href=\"https:\/\/www.xataka.com\/basics\/personaliza-tu-iphone-ios-26-como-aprovechar-nuevos-diseno-iconos-pantalla-bloqueo\" data-vars-post-title=\"Personaliza tu iPhone con iOS 26: c\u00f3mo aprovechar los nuevos dise\u00f1o de iconos y pantalla de bloqueo\" data-vars-post-url=\"https:\/\/www.xataka.com\/basics\/personaliza-tu-iphone-ios-26-como-aprovechar-nuevos-diseno-iconos-pantalla-bloqueo\" rel=\"nofollow noopener\" target=\"_blank\">Personaliza tu iPhone con iOS 26: c\u00f3mo aprovechar los nuevos dise\u00f1o de iconos y pantalla de bloqueo<\/a><\/p>\n","protected":false},"excerpt":{"rendered":"Ha llegado el d\u00eda, iOS 26 ya est\u00e1 disponible y anoche dej\u00e9 mi m\u00f3vil actualiz\u00e1ndose mientras yo dorm\u00eda.&hellip;\n","protected":false},"author":2,"featured_media":119572,"comment_status":"","ping_status":"","sticky":false,"template":"","format":"standard","meta":{"footnotes":""},"categories":[81],"tags":[119,123,124,25,24,117,121,122,23,118,120],"class_list":{"0":"post-119571","1":"post","2":"type-post","3":"status-publish","4":"format-standard","5":"has-post-thumbnail","7":"category-ciencia-y-tecnologia","8":"tag-ciencia","9":"tag-ciencia-y-tecnologia","10":"tag-cienciaytecnologia","11":"tag-es","12":"tag-espana","13":"tag-science","14":"tag-science-and-technology","15":"tag-scienceandtechnology","16":"tag-spain","17":"tag-technology","18":"tag-tecnologia"},"share_on_mastodon":{"url":"","error":""},"_links":{"self":[{"href":"https:\/\/www.europesays.com\/es\/wp-json\/wp\/v2\/posts\/119571","targetHints":{"allow":["GET"]}}],"collection":[{"href":"https:\/\/www.europesays.com\/es\/wp-json\/wp\/v2\/posts"}],"about":[{"href":"https:\/\/www.europesays.com\/es\/wp-json\/wp\/v2\/types\/post"}],"author":[{"embeddable":true,"href":"https:\/\/www.europesays.com\/es\/wp-json\/wp\/v2\/users\/2"}],"replies":[{"embeddable":true,"href":"https:\/\/www.europesays.com\/es\/wp-json\/wp\/v2\/comments?post=119571"}],"version-history":[{"count":0,"href":"https:\/\/www.europesays.com\/es\/wp-json\/wp\/v2\/posts\/119571\/revisions"}],"wp:featuredmedia":[{"embeddable":true,"href":"https:\/\/www.europesays.com\/es\/wp-json\/wp\/v2\/media\/119572"}],"wp:attachment":[{"href":"https:\/\/www.europesays.com\/es\/wp-json\/wp\/v2\/media?parent=119571"}],"wp:term":[{"taxonomy":"category","embeddable":true,"href":"https:\/\/www.europesays.com\/es\/wp-json\/wp\/v2\/categories?post=119571"},{"taxonomy":"post_tag","embeddable":true,"href":"https:\/\/www.europesays.com\/es\/wp-json\/wp\/v2\/tags?post=119571"}],"curies":[{"name":"wp","href":"https:\/\/api.w.org\/{rel}","templated":true}]}}