{"id":119580,"date":"2025-09-16T21:41:07","date_gmt":"2025-09-16T21:41:07","guid":{"rendered":"https:\/\/www.europesays.com\/es\/119580\/"},"modified":"2025-09-16T21:41:07","modified_gmt":"2025-09-16T21:41:07","slug":"la-danza-de-los-taurinos-por-que-no-alternativas-con-padrinos-en-pijama-y-el-milagro-de-de-6-nhb-seguidos-avance-taurino","status":"publish","type":"post","link":"https:\/\/www.europesays.com\/es\/119580\/","title":{"rendered":"La danza de los taurinos. \u00bfPor qu\u00e9 no alternativas con \u201cpadrinos\u201d en pijama? y el milagro de de 6 NHB seguidos\u2026 \u2013 Avance Taurino"},"content":{"rendered":"<p class=\"ydp8c09a507MsoNormal\">\u00bfAlguien lo hab\u00eda so\u00f1ado alguna vez?. Pues ah\u00ed est\u00e1, hist\u00f3rico, incre\u00edble, sublime. 6 NHB, 6 No hay billetes \u00a1seguidos, en ARGANDA DEL REY! Que vengan los estudiosos y encuentren alg\u00fan dato igual anterior. Est\u00e1 claro que tenemos un 2025 de cine.<\/p>\n<p>\u00a0<\/p>\n<p>\u00a0<\/p>\n<p>\u00a0<\/p>\n<p><strong>Ricardo D\u00edaz-Manresa<\/strong><\/p>\n<p>\u00a0<\/p>\n<p>\u00a0<\/p>\n<p class=\"ydp8c09a507MsoNormal\">Es que no dejan de danzar. O s\u00ed. Como otra vez MORANTE. Para la temporada y levanta dolores de cabeza a las empresas de VALLADOLID, ALBACETE, MURO, MURCIA y GUADALAJARA pensando el reaparecer el 19 en SALAMANCA. \u00bfCasualidad, coincidencia, verdad que en las dos primeras alternara con ROCA REY, al que no ver\u00e1 esas dos tardes?. Verdad porque el par\u00f3n es m\u00e1s largo.<\/p>\n<p class=\"ydp8c09a507MsoNormal\">Y qu\u00e9 gran improvisaci\u00f3n inteligente sustituirlo en ALBACETE por MANUEL CABALLERO y adelantar la alternativa, prevista para el 5 de octubre en HELL\u00cdN. Y qu\u00e9 torpeza y rid\u00edculo dar la alternativa MANUEL CABALLERO, padre, de PAISANO, \u00a0a MANUEL CABALLERO hijo, como ESPARTACO la confirm\u00f3 en DAX\u00a0 a su gran amigo BORJA JIM\u00c9NEZ. Y la pregunta que me ha hecho un guas\u00f3n : \u00bfvalen estas ceremonia si los \u201cpadrinos\u201d no est\u00e1n en activo? . Y que para mayor comodidad, salgan al ruedo en pijama. \u00a1Que se vistan de luces y est\u00e9n en la terna! Aprendan de LITRI y PACO CAMINO y c\u00f3mo doctoraron a sus hijos dando ejemplo de to-re-ros.<\/p>\n<p class=\"ydp8c09a507MsoNormal\">Y ROCA REY, cogido -pero con suerte- \u00a0m\u00e1s de la cuenta, borda todo lo que hace \u00a0tambi\u00e9n fuera del ruedo, como el JULI. Est\u00e1n tocados por la mano de DIOS. Va de pregonero a MURCIA y, sin ser pregonero fijo sino circunstancial, supera a muchos pregoneros especialistas, si es que quedan. Dijo cosas que muchos pregoneros expertos no habr\u00edan sabido decir. Y hasta lo bordaron el presentador, JOS\u00c9 FRANCISCO BAYONA, \u201cha traspasado el c\u00edrculo sagrado del ruedo para instalarse en el c\u00edrculo de la familia haciendo m\u00e1s aficionados\u201d y el Presidente de la Comunidad, L\u00d3PEZ MIRAS, \u201dha conseguido lo que consiguen muy pocos : emocionarnos de verdad\u201d.<\/p>\n<p class=\"ydp8c09a507MsoNormal\">Perlas de ROCA REY : \u201cEl toreo se mide en lo que entregas, no en lo que conservas\u201d, \u201ctorear es sufrir\u201d y record\u00f3 que recuper\u00f3 la ilusi\u00f3n en MURCIA en el 23\u00a0 cuando vino con much\u00edsimos problemas y triunf\u00f3. Tiene la cabeza de ese toro en su despacho y le habla y \u00a0recuerda, al verlo, que siempre se puede volver a empezar.\u00a0\u00a0 Matr\u00edcula para ANDR\u00c9S.<\/p>\n<p class=\"ydp8c09a507MsoNormal\">Pues sobresaliente\u00a0 tambi\u00e9n para el Canal de TV de EXTREMADURA, que se\u00f1al\u00f3 en su transmisi\u00f3n del 8 de septiembre, D\u00eda de la Regi\u00f3n, que no entrevistaba a los matadores antes del pase\u00edllo porque era absurdo. \u00bfQu\u00e9 van a decir tan preocupados por lo que les espera? Pues topicazos. Es lo que siempre he pensado.<\/p>\n<p class=\"ydp8c09a507MsoNormal\">Por cierto, vimos al multicolor FERRERA, el de los capotes, verdes y azules, de momento. Para \u00bf cu\u00e1ndo muletas \u201coriginales\u201d, en gris, morado, verde, negro, violeta, azul, etc ?. Cuesti\u00f3n de tiempo.<\/p>\n<p class=\"ydp8c09a507MsoNormal\">Y para que no faltara de nada, adem\u00e1s de orejas y rabos, el festejo empez\u00f3 con 10 minutos de retraso para que se acoplara el p\u00fablico. Estamos perdiendo la puntualidad, joya de la tauromaquia. Recuerdo una vez m\u00e1s que en una corrida de Beneficencia no hab\u00eda llegado todav\u00eda el REY JUAN CARLOS y se lo advirtieron al Presidente JUAN LAMARCA, que fiel a la tradici\u00f3n sac\u00f3 su pa\u00f1uelo blanco a la hora en punto\u2026<\/p>\n<p class=\"ydp8c09a507MsoNormal\">Y la pena por la muerte del novillero peruano, ALEX GABINO, 28 a\u00f1os, tras cinco d\u00edas de agon\u00eda. Se suma esta tragedia a la de MANUEL TRINDADE, \u00a0recortador portugu\u00e9s, tan reciente. Y es que los toros no perdonan.<\/p>\n<p>Contin\u00faan los r\u00e9cords. Se trata de reapariciones supers\u00f3nicas de JUAN DE CASTILLA y DIEGO SAN ROM\u00c1N tras JES\u00daS ENRIQUE COLOMBO.\u00a0 Ha sido tal la velocidad de recuperaci\u00f3n que, tras la pr\u00f3xima cornada o lesi\u00f3n, volver\u00e1n a los ruedos, seguramente, al d\u00eda siguiente.<\/p>\n","protected":false},"excerpt":{"rendered":"\u00bfAlguien lo hab\u00eda so\u00f1ado alguna vez?. Pues ah\u00ed est\u00e1, hist\u00f3rico, incre\u00edble, sublime. 6 NHB, 6 No hay billetes&hellip;\n","protected":false},"author":2,"featured_media":119581,"comment_status":"","ping_status":"","sticky":false,"template":"","format":"standard","meta":{"footnotes":""},"categories":[277],"tags":[373,168,25,24,23,167,374],"class_list":{"0":"post-119580","1":"post","2":"type-post","3":"status-publish","4":"format-standard","5":"has-post-thumbnail","7":"category-toreo","8":"tag-bullfighting","9":"tag-deportes","10":"tag-es","11":"tag-espana","12":"tag-spain","13":"tag-sports","14":"tag-toreo"},"share_on_mastodon":{"url":"","error":""},"_links":{"self":[{"href":"https:\/\/www.europesays.com\/es\/wp-json\/wp\/v2\/posts\/119580","targetHints":{"allow":["GET"]}}],"collection":[{"href":"https:\/\/www.europesays.com\/es\/wp-json\/wp\/v2\/posts"}],"about":[{"href":"https:\/\/www.europesays.com\/es\/wp-json\/wp\/v2\/types\/post"}],"author":[{"embeddable":true,"href":"https:\/\/www.europesays.com\/es\/wp-json\/wp\/v2\/users\/2"}],"replies":[{"embeddable":true,"href":"https:\/\/www.europesays.com\/es\/wp-json\/wp\/v2\/comments?post=119580"}],"version-history":[{"count":0,"href":"https:\/\/www.europesays.com\/es\/wp-json\/wp\/v2\/posts\/119580\/revisions"}],"wp:featuredmedia":[{"embeddable":true,"href":"https:\/\/www.europesays.com\/es\/wp-json\/wp\/v2\/media\/119581"}],"wp:attachment":[{"href":"https:\/\/www.europesays.com\/es\/wp-json\/wp\/v2\/media?parent=119580"}],"wp:term":[{"taxonomy":"category","embeddable":true,"href":"https:\/\/www.europesays.com\/es\/wp-json\/wp\/v2\/categories?post=119580"},{"taxonomy":"post_tag","embeddable":true,"href":"https:\/\/www.europesays.com\/es\/wp-json\/wp\/v2\/tags?post=119580"}],"curies":[{"name":"wp","href":"https:\/\/api.w.org\/{rel}","templated":true}]}}