{"id":119597,"date":"2025-09-16T21:52:04","date_gmt":"2025-09-16T21:52:04","guid":{"rendered":"https:\/\/www.europesays.com\/es\/119597\/"},"modified":"2025-09-16T21:52:04","modified_gmt":"2025-09-16T21:52:04","slug":"es-como-si-me-hubieran-clavado-una-flecha-en-el-corazon","status":"publish","type":"post","link":"https:\/\/www.europesays.com\/es\/119597\/","title":{"rendered":"\u00abEs como si me hubieran clavado una flecha en el coraz\u00f3n\u00bb"},"content":{"rendered":"<p>16\/09\/2025<br \/>\n<br \/><strong><br \/>\nActualizado a las 22:39h.<br \/>\n<\/strong><\/p>\n<p class=\"voc-p\" style=\"\">Dos figuras imprescindibles de la ficci\u00f3n espa\u00f1ola pusieron la nota discordante a una semana muy musical en &#8216;<strong>El Hormiguero&#8217;<\/strong>. Este martes 16 de septiembre, <strong>Pablo Motos<\/strong> recibi\u00f3 en plat\u00f3 a <a href=\"https:\/\/www.abc.es\/gente\/vida-personal-imanol-arias-tres-divorcios-dos-20250916200000-nt.html\" target=\"_self\" data-voc-vtm-id=\"in-text-traffic\" title=\"Imanol Arias\" data-mrf-link=\"www.abc.es\" rel=\"nofollow noopener\">Imanol Arias<\/a> y <strong>Mar\u00eda Barranc<\/strong>o, una visita de lujo con motivo del estreno de la comedia <strong>&#8216;Mejor no decirlo&#8217;<\/strong> en el Teatro Bellas Artes de Madrid. La obra de <strong>Salom\u00e9 Lelouch<\/strong>, con direcci\u00f3n de<strong> Claudio Tolcachi<\/strong>r, llega a Espa\u00f1a el pr\u00f3ximo 3 de octubre despu\u00e9s de colgar el cartel de &#8216;no hay entradas&#8217; en Buenos Aires, Uruguay, Chile y Paraguay.<\/p>\n<p class=\"voc-p\" style=\"\">\u00abVa de una pareja que se quiere much\u00edsimo, pero \u00e9l es m\u00e1s conservador y prefiere callarse. Sin embargo, ella es de las que no callan ni debajo de agua. Por eso tienen conflictos\u00bb, adelant\u00f3 Barranco para abrir boca. <\/p>\n<p class=\"voc-p\" style=\"\">\u00abEs una comedia de <strong>Salom\u00e9 Lelouch,<\/strong> hija del cineasta franc\u00e9s <strong>Claude Lelouch<\/strong>. Cuando su mam\u00e1 se separa, entra en relaci\u00f3n con otro actor. Se da cuenta de que lo que m\u00e1s les gustaba era charlar, y puntualizar. A partir de ah\u00ed crea una pieza en la que dos series se quieren. No discuten nunca, pero hablan de formas diferentes y genera una comedia porque son dos personajes muy distintos\u00bb, desarroll\u00f3 el otro protagonista. <\/p>\n<p>\nRecuerdan a Quique San Francisco, gran amigo de los tres\n<\/p>\n<p class=\"voc-p\" style=\"\">Pero antes de arrancar la entrevista, <strong>Pablo Motos<\/strong> se salt\u00f3 el guion. \u00abQuiero confesar una cosa que nos ha pasado arriba con <strong>Imanol<\/strong>. Es como si me hubieran clavado una flecha en el coraz\u00f3n\u00bb, manifest\u00f3. El presentador se remont\u00f3 a la \u00faltima visita de Arias a <strong>\u2018El Hormiguero<\/strong>\u2019, en cuyo transcurso coment\u00f3 que seguramente no eran tan amigos de<strong> Enrique San Francisco<\/strong> \u00abporque se fue al otro barrio sin debernos dinero\u00bb. \u00abY por lo visto, nos ha llegado a estafar desde el m\u00e1s all\u00e1\u00bb, revel\u00f3. <\/p>\n<p class=\"voc-p\" style=\"\">\u00abDe alguna manera s\u00ed\u00bb, confirm\u00f3 el actor, procediendo a contar lo sucedido. \u00ab<strong>Quique<\/strong> ten\u00eda un perfume que todo el mundo en este programa conoce. Dec\u00eda que ven\u00eda de Londres y que costaba 140 euros. Estando en Canarias en un festival se encontr\u00f3 con un ayudante y me trajo la famosa bolsita de tela con el perfume. Le dije \u2018s\u00ed hombre, le compr\u00e9 un par de frascos porque era muy dif\u00edcil conseguirlos\u2019. Y dice: \u2018no, no se consegu\u00eda en Londres, se lo llevaba yo de Canarias y vale 45 euros\u2019\u00bb.<\/p>\n<p class=\"voc-p\" style=\"\">Los tres estaban muy unidos al <a href=\"https:\/\/www.abc.es\/gente\/abci-muere-quique-san-francisco-202103011543_noticia.html\" target=\"_self\" data-voc-vtm-id=\"in-text-traffic\" title=\"actor y humorista madrile\u00f1o, fallecido en 2021.\" data-mrf-link=\"www.abc.es\" rel=\"nofollow noopener\">actor y humorista madrile\u00f1o, fallecido en 2021.<\/a> \u00abTengo su imagen en el tanatorio, estaba todo lleno de botellines de cerveza. Y parec\u00eda que Quique se iba a levantar en cualquier momento a abrir una. Adem\u00e1s estaba <strong>Gabino Diego<\/strong> todo el tiempo imit\u00e1ndolo\u00bb, revel\u00f3 Barranco. <\/p>\n<p class=\"voc-p\" style=\"\">La entrevista se convirti\u00f3 en un in memoriam de San Francisco en el que contaron varias an\u00e9cdotas. <strong>Imanol Arias<\/strong> rememor\u00f3 c\u00f3mo se conocieron siendo muy j\u00f3venes, y su compa\u00f1era de reparto habl\u00f3 de su inseparable pitbull, <strong>Flori\u00e1n<\/strong>. Motos, por su parte, brome\u00f3 con que \u00abnunca se sab\u00eda el texto\u00bb, algo que experiment\u00f3 en carne propia en la obra que compartieron y en una amistad que dur\u00f3 m\u00e1s de 20 a\u00f1os.<\/p>\n<p>Reportar un error<\/p>\n","protected":false},"excerpt":{"rendered":"16\/09\/2025 Actualizado a las 22:39h. Dos figuras imprescindibles de la ficci\u00f3n espa\u00f1ola pusieron la nota discordante a una&hellip;\n","protected":false},"author":2,"featured_media":119598,"comment_status":"","ping_status":"","sticky":false,"template":"","format":"standard","meta":{"footnotes":""},"categories":[171],"tags":[37667,146,147,25,24,33650,23,214],"class_list":{"0":"post-119597","1":"post","2":"type-post","3":"status-publish","4":"format-standard","5":"has-post-thumbnail","7":"category-tv","8":"tag-arias","9":"tag-entertainment","10":"tag-entretenimiento","11":"tag-es","12":"tag-espana","13":"tag-imanol","14":"tag-spain","15":"tag-tv"},"share_on_mastodon":{"url":"","error":""},"_links":{"self":[{"href":"https:\/\/www.europesays.com\/es\/wp-json\/wp\/v2\/posts\/119597","targetHints":{"allow":["GET"]}}],"collection":[{"href":"https:\/\/www.europesays.com\/es\/wp-json\/wp\/v2\/posts"}],"about":[{"href":"https:\/\/www.europesays.com\/es\/wp-json\/wp\/v2\/types\/post"}],"author":[{"embeddable":true,"href":"https:\/\/www.europesays.com\/es\/wp-json\/wp\/v2\/users\/2"}],"replies":[{"embeddable":true,"href":"https:\/\/www.europesays.com\/es\/wp-json\/wp\/v2\/comments?post=119597"}],"version-history":[{"count":0,"href":"https:\/\/www.europesays.com\/es\/wp-json\/wp\/v2\/posts\/119597\/revisions"}],"wp:featuredmedia":[{"embeddable":true,"href":"https:\/\/www.europesays.com\/es\/wp-json\/wp\/v2\/media\/119598"}],"wp:attachment":[{"href":"https:\/\/www.europesays.com\/es\/wp-json\/wp\/v2\/media?parent=119597"}],"wp:term":[{"taxonomy":"category","embeddable":true,"href":"https:\/\/www.europesays.com\/es\/wp-json\/wp\/v2\/categories?post=119597"},{"taxonomy":"post_tag","embeddable":true,"href":"https:\/\/www.europesays.com\/es\/wp-json\/wp\/v2\/tags?post=119597"}],"curies":[{"name":"wp","href":"https:\/\/api.w.org\/{rel}","templated":true}]}}