{"id":119611,"date":"2025-09-16T21:59:08","date_gmt":"2025-09-16T21:59:08","guid":{"rendered":"https:\/\/www.europesays.com\/es\/119611\/"},"modified":"2025-09-16T21:59:08","modified_gmt":"2025-09-16T21:59:08","slug":"el-porsche-taycan-turbo-gt-manda-un-aviso-a-tesla-y-el-pininfarina-batista-con-su-brutal-cuarto-de-milla","status":"publish","type":"post","link":"https:\/\/www.europesays.com\/es\/119611\/","title":{"rendered":"El Porsche Taycan Turbo GT manda un aviso a Tesla y el Pininfarina Batista con su brutal cuarto de milla"},"content":{"rendered":"<p data-journey-content=\"true\" data-node-id=\"3\" class=\"css-i9p093 emevuu60\"><strong data-node-id=\"3.0\">Uno de los coches el\u00e9ctricos m\u00e1s r\u00e1pidos del mundo sigue demostrando lo lejos que puede llegar. El <a href=\"https:\/\/www.caranddriver.com\/es\/coches\/novedades\/a45148492\/porsche-taycan-gt\/\" target=\"_blank\" data-vars-ga-outbound-link=\"https:\/\/www.caranddriver.com\/es\/coches\/novedades\/a45148492\/porsche-taycan-gt\/\" data-vars-ga-ux-element=\"Hyperlink\" data-vars-ga-call-to-action=\"Porsche Taycan Turbo GT\" data-node-id=\"3.0.1\" class=\"body-link css-168zq96 emevuu60\" rel=\"nofollow noopener\">Porsche Taycan Turbo GT<\/a> acaba de firmar un tiempazo en el cuarto de milla de 9,083 segundos, con una velocidad final de 252,04 km\/h<\/strong>. Un tiempo que seg\u00fan dice la marca alemana es el m\u00e1s r\u00e1pido logrado por un coche de serie sin modificar. Eso s\u00ed, lo ha hecho hecho con un importante matiz que le ha hecho, entre comillas, saltarse ciertas normas.<br data-node-id=\"3.2\"\/><\/p>\n<p><img draggable=\"true\" alt=\"porsche taycan turbo gt cuarto de milla\" title=\"Porsche Taycan Turbo GT cuarto de milla\" loading=\"lazy\" width=\"3500\" height=\"1970\" decoding=\"async\" data-nimg=\"1\" style=\"color:transparent;width:100%;height:auto;\"   src=\"https:\/\/www.europesays.com\/es\/wp-content\/uploads\/2025\/09\/porsche-taycan-turbo-gt-cuarto-de-milla-3-68c971e30521f.jpg\" class=\"css-0 e1g79fud0\"\/><a target=\"_blank\" rel=\"noopener nofollow\" data-theme-key=\"base-link\" href=\"https:\/\/pinterest.com\/pin\/create\/button\/?url=https:\/\/www.caranddriver.com\/es\/coches\/planeta-motor\/a66121935\/porsche-taycan-turbo-gt\/&amp;description=&amp;media=https:\/\/hips.hearstapps.com\/hmg-prod\/images\/porsche-taycan-turbo-gt-cuarto-de-milla-3-68c971e30521f.jpg?resize=1600:*\" class=\"pinterest css-on9hn5 e1c1bym14\"><img decoding=\"async\" data-dynamic-svg=\"true\" src=\"https:\/\/www.caranddriver.com\/_assets\/design-tokens\/fre\/static\/icons\/social\/pinterest.e8cf655.svg?primary=%2523ffffff\" loading=\"lazy\" data-testid=\"dynamic-svg-base\" height=\"auto\" width=\"auto\" alt=\"pinterest\" class=\"css-4lml0h e1mlxuuw1\"\/><\/a><\/p>\n<p>Porsche\/\/Car and Driver<\/p>\n<p>Vuelo a 252 km\/h sin paraca\u00eddas<\/p>\n<p data-journey-content=\"true\" data-node-id=\"8\" class=\"css-i9p093 emevuu60\"><strong data-node-id=\"8.0\">La carrera ha tenido lugar en la pista de aceleraci\u00f3n del Sydney Dragwayde de Australia. En ella, y con la ayuda del Launch Control de Porsche, que proporciona la potencia m\u00e1xima de 1.034 CV e incluso picos de 1.108 durante dos segundos<\/strong>, la marca de este Taycan GT supera incluso a la de los habituales muscle car V8 modificados que suelen dominar estas carreras de 402 metros. Es de esta forma un aviso para modelos como el Tesla Model S Plaid o el Pininfarina Battista, que actualmente posee el r\u00e9cord del mundo en el cuarto de milla para un coche de producci\u00f3n, con un tiempo de 8,55 segundos.<\/p>\n<p><img draggable=\"true\" alt=\"porsche taycan turbo gt cuarto de milla\" title=\"Porsche Taycan Turbo GT cuarto de milla\" loading=\"lazy\" width=\"3500\" height=\"1970\" decoding=\"async\" data-nimg=\"1\" style=\"color:transparent;width:100%;height:auto;\"   src=\"https:\/\/www.europesays.com\/es\/wp-content\/uploads\/2025\/09\/porsche-taycan-turbo-gt-cuarto-de-milla-2-68c971e22b2ee.jpg\" class=\"css-0 e1g79fud0\"\/><a target=\"_blank\" rel=\"noopener nofollow\" data-theme-key=\"base-link\" href=\"https:\/\/pinterest.com\/pin\/create\/button\/?url=https:\/\/www.caranddriver.com\/es\/coches\/planeta-motor\/a66121935\/porsche-taycan-turbo-gt\/&amp;description=&amp;media=https:\/\/hips.hearstapps.com\/hmg-prod\/images\/porsche-taycan-turbo-gt-cuarto-de-milla-2-68c971e22b2ee.jpg?resize=1600:*\" class=\"pinterest css-on9hn5 e1c1bym14\"><img decoding=\"async\" data-dynamic-svg=\"true\" src=\"https:\/\/www.caranddriver.com\/_assets\/design-tokens\/fre\/static\/icons\/social\/pinterest.e8cf655.svg?primary=%2523ffffff\" loading=\"lazy\" data-testid=\"dynamic-svg-base\" height=\"auto\" width=\"auto\" alt=\"pinterest\" class=\"css-4lml0h e1mlxuuw1\"\/><\/a><\/p>\n<p>Porsche\/\/Car and Driver<\/p>\n<p data-journey-content=\"true\" data-node-id=\"11\" class=\"css-i9p093 emevuu60\">Eso s\u00ed, <strong data-node-id=\"11.1\">la velocidad final de este Porsche Taycan Turbo GT ha sido tan alta que se ha saltado el l\u00edmite impuesto por la Hot Rod Association Internacional<\/strong>, organismo que regula las competiciones en la mayor\u00eda de las principales pistas de carreras de Australia, y que establece que <strong data-node-id=\"11.3\">todos aquellos coches que superen las 150 mph (241,4 km\/h) en estas carreras, deben llevar un paraca\u00eddas para frenarlos tras cruzar meta de forma m\u00e1s efectiva<\/strong>.<\/p>\n<p data-journey-content=\"true\" data-node-id=\"15\" class=\"css-i9p093 emevuu60\">Seg\u00fan Porsche esta demostraci\u00f3n busca \u00ab<strong data-node-id=\"15.1\">poner de manifiesto c\u00f3mo la innovaci\u00f3n el\u00e9ctrica est\u00e1 redefiniendo nuestra forma de entender la velocidad, la potencia y las sensaciones<\/strong>. Este logro ilustra un cambio cultural en el automovilismo y el liderazgo de Porsche en esta transformaci\u00f3n\u00bb.<\/p>\n<p><img draggable=\"true\" alt=\"porsche taycan turbo gt cuarto de milla\" title=\"Porsche Taycan Turbo GT cuarto de milla\" loading=\"lazy\" width=\"3500\" height=\"5250\" decoding=\"async\" data-nimg=\"1\" style=\"color:transparent;width:100%;height:auto;\"   src=\"https:\/\/www.europesays.com\/es\/wp-content\/uploads\/2025\/09\/porsche-taycan-turbo-gt-cuarto-de-milla-4-68c971e499852.jpg\" class=\"css-0 e1g79fud0\"\/><a target=\"_blank\" rel=\"noopener nofollow\" data-theme-key=\"base-link\" href=\"https:\/\/pinterest.com\/pin\/create\/button\/?url=https:\/\/www.caranddriver.com\/es\/coches\/planeta-motor\/a66121935\/porsche-taycan-turbo-gt\/&amp;description=&amp;media=https:\/\/hips.hearstapps.com\/hmg-prod\/images\/porsche-taycan-turbo-gt-cuarto-de-milla-4-68c971e499852.jpg?resize=1600:*\" class=\"pinterest css-on9hn5 e1c1bym14\"><img decoding=\"async\" data-dynamic-svg=\"true\" src=\"https:\/\/www.caranddriver.com\/_assets\/design-tokens\/fre\/static\/icons\/social\/pinterest.e8cf655.svg?primary=%2523ffffff\" loading=\"lazy\" data-testid=\"dynamic-svg-base\" height=\"auto\" width=\"auto\" alt=\"pinterest\" class=\"css-4lml0h e1mlxuuw1\"\/><\/a><\/p>\n<p>Porsche\/\/Car and Driver<\/p>\n<p>Contenidos relacionados<img src=\"https:\/\/www.europesays.com\/es\/wp-content\/uploads\/2025\/09\/1758059948_558_9c0669bc-c282-4add-8b76-fade7a264928_1656062983.file\" alt=\"Headshot of Antonio Ramos Ochoa\" title=\"Headshot of Antonio Ramos Ochoa\" width=\"100%\" height=\"100%\" decoding=\"async\" loading=\"lazy\" class=\"css-o0wq4v ev8dhu53\"\/><\/p>\n<p>Especializado en el mundo del motor, la competici\u00f3n y la tecnolog\u00eda, Antonio Ramos Ochoa es redactor de Car and Driver. Se comenta que antes de bajarse del carro ya iba diciendo el nombre de los coches que iba viendo por la calle. Unos cuantos a\u00f1os despu\u00e9s sigue hablando de una de sus pasiones aqu\u00ed. Aficionado al Motorsport, el cine, videojuegos y la historia, incluso se desfoga de vez en cuando al volante de un kart o un simulador. \u00a0<\/p>\n","protected":false},"excerpt":{"rendered":"Uno de los coches el\u00e9ctricos m\u00e1s r\u00e1pidos del mundo sigue demostrando lo lejos que puede llegar. El Porsche&hellip;\n","protected":false},"author":2,"featured_media":119612,"comment_status":"","ping_status":"","sticky":false,"template":"","format":"standard","meta":{"footnotes":""},"categories":[80],"tags":[82,253,95,94,25,24,23],"class_list":{"0":"post-119611","1":"post","2":"type-post","3":"status-publish","4":"format-standard","5":"has-post-thumbnail","7":"category-economia","8":"tag-business","9":"tag-discover","10":"tag-economia","11":"tag-economy","12":"tag-es","13":"tag-espana","14":"tag-spain"},"share_on_mastodon":{"url":"","error":""},"_links":{"self":[{"href":"https:\/\/www.europesays.com\/es\/wp-json\/wp\/v2\/posts\/119611","targetHints":{"allow":["GET"]}}],"collection":[{"href":"https:\/\/www.europesays.com\/es\/wp-json\/wp\/v2\/posts"}],"about":[{"href":"https:\/\/www.europesays.com\/es\/wp-json\/wp\/v2\/types\/post"}],"author":[{"embeddable":true,"href":"https:\/\/www.europesays.com\/es\/wp-json\/wp\/v2\/users\/2"}],"replies":[{"embeddable":true,"href":"https:\/\/www.europesays.com\/es\/wp-json\/wp\/v2\/comments?post=119611"}],"version-history":[{"count":0,"href":"https:\/\/www.europesays.com\/es\/wp-json\/wp\/v2\/posts\/119611\/revisions"}],"wp:featuredmedia":[{"embeddable":true,"href":"https:\/\/www.europesays.com\/es\/wp-json\/wp\/v2\/media\/119612"}],"wp:attachment":[{"href":"https:\/\/www.europesays.com\/es\/wp-json\/wp\/v2\/media?parent=119611"}],"wp:term":[{"taxonomy":"category","embeddable":true,"href":"https:\/\/www.europesays.com\/es\/wp-json\/wp\/v2\/categories?post=119611"},{"taxonomy":"post_tag","embeddable":true,"href":"https:\/\/www.europesays.com\/es\/wp-json\/wp\/v2\/tags?post=119611"}],"curies":[{"name":"wp","href":"https:\/\/api.w.org\/{rel}","templated":true}]}}