{"id":119619,"date":"2025-09-16T22:09:11","date_gmt":"2025-09-16T22:09:11","guid":{"rendered":"https:\/\/www.europesays.com\/es\/119619\/"},"modified":"2025-09-16T22:09:11","modified_gmt":"2025-09-16T22:09:11","slug":"dennis-martin-y-ruiz-palazon-triunfan-en-lanteira","status":"publish","type":"post","link":"https:\/\/www.europesays.com\/es\/119619\/","title":{"rendered":"Dennis Mart\u00edn y Ruiz Palaz\u00f3n triunfan en Lanteira."},"content":{"rendered":"<p>            <a href=\"https:\/\/www.europesays.com\/es\/wp-content\/uploads\/2025\/09\/IMG_3743.jpg\" data-caption=\"\"><img loading=\"lazy\" decoding=\"async\" width=\"640\" height=\"480\" class=\"entry-thumb td-modal-image\" src=\"https:\/\/www.europesays.com\/es\/wp-content\/uploads\/2025\/09\/IMG_3743.jpg\"   alt=\"\" title=\"IMG_3743\"\/><\/a><\/p>\n<p>Plaza de toros de <strong>LANTEIRA. (Granada).<\/strong> Novillada S\/P. Con motivo de las Fiestas Patronales en honor a su patr\u00f3n <strong>El Sant\u00edsimo Cristo de Las Penas.<\/strong><\/p>\n<p>Novillos de <strong>CASTILLO DE LA REINA<\/strong> . Bien presentados y parejos. 1. Bueno y noble pero con poca transmisi\u00f3n. 2. Bravo y noble. 3. Bravo, noble y con transmisi\u00f3n, premiado con la vuelta al ruedo. 4. Bravo y noble y humillando mucho.<\/p>\n<p><strong>DENNIS MART\u00cdN<\/strong>, oreja \/ dos orejas y rabo.<\/p>\n<p><strong>RUIZ PALAZ\u00d3N<\/strong>, silencio \/ dos orejas.<\/p>\n<p>Sobresaliente: Emilio ESPIGARES no hizo ning\u00fan quite.<\/p>\n<p><strong>Incidencias.<\/strong>\u2013 Lleno en tarde de mucho calor cosa muy muy poco normal por estos lares por estas fechas. Se tocaron los acordes del Himno Nacional en medio de una gran ovaci\u00f3n y con vivas a Espa\u00f1a. Al final del festejo salieron a hombros MART\u00cdN Y PALAZ\u00d3N. <\/p>\n<p><strong>DENNIS MART\u00cdN<\/strong> estuvo toda la tarde muy predispuesto, novillero este que siempre lo da todo y no iba a ser menos en el d\u00eda de hoy en la plaza de toros de Lanteira. Bien con el capote, en ambos novillos, y bien tambi\u00e9n con los palos en el suyo que los puso en solitario y en los que comparti\u00f3 con PALAZ\u00d3N. Con la franela variado y por momentos con toreo asentado y sin prisas , utilizo m\u00e1s la mano izquierda, pero con ambas estuvo ante todo muy variado.<br \/>Al primero fall\u00f3 con los aceros y todo qued\u00f3 en una oreja a su segundo lo mat\u00f3 bien y ah\u00ed si fueron a parar dos orejas y rabo a su oponente. <\/p>\n<p><strong>RUIZ PALAZ\u00d3N<\/strong> joven novillero menos echo que su compa\u00f1ero, pero tambi\u00e9n con detalles de toreo bueno y sobre todo con cierta tranquilidad pese a lo poco toreado. Al primero le ten\u00eda cortadas la orejas pero la espada lo dej\u00f3 todo en un respetuoso silencio. En su segundo estuvo m\u00e1s tranquilo y torero por momentos adem\u00e1s le vali\u00f3 tambi\u00e9n mucho el novillo.<br \/>Puso tambi\u00e9n banderillas con su compa\u00f1ero de cartel, bien, con la franela cuaj\u00f3 una faena m\u00e1s interesante y ya la gente se le entreg\u00f3 del todo y pidi\u00f3 con fuerza las dos orejas que le val\u00edan para salir a hombros con su compa\u00f1ero.<\/p>\n<p>Informaci\u00f3n y fotos: ROGELIO BURNAO. Lanteira. Granada.<\/p>\n<p><img fetchpriority=\"high\" decoding=\"async\" width=\"1024\" height=\"647\" data-id=\"156594\" src=\"https:\/\/www.europesays.com\/es\/wp-content\/uploads\/2025\/09\/2f9b73da-15c2-4c22-b887-37d7dbd91d82-1024x647.jpg\" alt=\"\" class=\"wp-image-156594\"  \/><\/p>\n<p><img loading=\"lazy\" decoding=\"async\" width=\"640\" height=\"480\" data-id=\"156596\" src=\"https:\/\/www.europesays.com\/es\/wp-content\/uploads\/2025\/09\/IMG_3690.jpg\" alt=\"\" class=\"wp-image-156596\"  \/><\/p>\n<p><img loading=\"lazy\" decoding=\"async\" width=\"640\" height=\"480\" data-id=\"156597\" src=\"https:\/\/www.europesays.com\/es\/wp-content\/uploads\/2025\/09\/IMG_3691.jpg\" alt=\"\" class=\"wp-image-156597\"  \/><\/p>\n<p><img loading=\"lazy\" decoding=\"async\" width=\"640\" height=\"480\" data-id=\"156595\" src=\"https:\/\/www.europesays.com\/es\/wp-content\/uploads\/2025\/09\/IMG_3696.jpg\" alt=\"\" class=\"wp-image-156595\"  \/><\/p>\n<p><img loading=\"lazy\" decoding=\"async\" width=\"640\" height=\"480\" data-id=\"156598\" src=\"https:\/\/www.europesays.com\/es\/wp-content\/uploads\/2025\/09\/IMG_3707.jpg\" alt=\"\" class=\"wp-image-156598\"  \/><\/p>\n<p><img loading=\"lazy\" decoding=\"async\" width=\"640\" height=\"480\" data-id=\"156599\" src=\"https:\/\/www.europesays.com\/es\/wp-content\/uploads\/2025\/09\/IMG_3716.jpg\" alt=\"\" class=\"wp-image-156599\"  \/><\/p>\n<p><img loading=\"lazy\" decoding=\"async\" width=\"640\" height=\"480\" data-id=\"156601\" src=\"https:\/\/www.europesays.com\/es\/wp-content\/uploads\/2025\/09\/IMG_3725.jpg\" alt=\"\" class=\"wp-image-156601\"  \/><\/p>\n<p><img loading=\"lazy\" decoding=\"async\" width=\"640\" height=\"480\" data-id=\"156603\" src=\"https:\/\/www.europesays.com\/es\/wp-content\/uploads\/2025\/09\/IMG_3727.jpg\" alt=\"\" class=\"wp-image-156603\"  \/><\/p>\n<p><img loading=\"lazy\" decoding=\"async\" width=\"640\" height=\"480\" data-id=\"156600\" src=\"https:\/\/www.europesays.com\/es\/wp-content\/uploads\/2025\/09\/IMG_3730.jpg\" alt=\"\" class=\"wp-image-156600\"  \/><\/p>\n<p><img loading=\"lazy\" decoding=\"async\" width=\"640\" height=\"480\" data-id=\"156602\" src=\"https:\/\/www.europesays.com\/es\/wp-content\/uploads\/2025\/09\/IMG_3732.jpg\" alt=\"\" class=\"wp-image-156602\"  \/><\/p>\n<p><img loading=\"lazy\" decoding=\"async\" width=\"640\" height=\"480\" data-id=\"156604\" src=\"https:\/\/www.europesays.com\/es\/wp-content\/uploads\/2025\/09\/IMG_3742.jpg\" alt=\"\" class=\"wp-image-156604\"  \/><\/p>\n<p><a href=\"#\"><img decoding=\"async\" src=\"https:\/\/www.lascosasdeltoro.com\/wp-content\/uploads\/2016\/10\/rec728.jpg\"\/><\/a>        <\/p>\n","protected":false},"excerpt":{"rendered":"Plaza de toros de LANTEIRA. (Granada). Novillada S\/P. Con motivo de las Fiestas Patronales en honor a su&hellip;\n","protected":false},"author":2,"featured_media":119620,"comment_status":"","ping_status":"","sticky":false,"template":"","format":"standard","meta":{"footnotes":""},"categories":[277],"tags":[373,168,25,24,23,167,374],"class_list":{"0":"post-119619","1":"post","2":"type-post","3":"status-publish","4":"format-standard","5":"has-post-thumbnail","7":"category-toreo","8":"tag-bullfighting","9":"tag-deportes","10":"tag-es","11":"tag-espana","12":"tag-spain","13":"tag-sports","14":"tag-toreo"},"share_on_mastodon":{"url":"","error":""},"_links":{"self":[{"href":"https:\/\/www.europesays.com\/es\/wp-json\/wp\/v2\/posts\/119619","targetHints":{"allow":["GET"]}}],"collection":[{"href":"https:\/\/www.europesays.com\/es\/wp-json\/wp\/v2\/posts"}],"about":[{"href":"https:\/\/www.europesays.com\/es\/wp-json\/wp\/v2\/types\/post"}],"author":[{"embeddable":true,"href":"https:\/\/www.europesays.com\/es\/wp-json\/wp\/v2\/users\/2"}],"replies":[{"embeddable":true,"href":"https:\/\/www.europesays.com\/es\/wp-json\/wp\/v2\/comments?post=119619"}],"version-history":[{"count":0,"href":"https:\/\/www.europesays.com\/es\/wp-json\/wp\/v2\/posts\/119619\/revisions"}],"wp:featuredmedia":[{"embeddable":true,"href":"https:\/\/www.europesays.com\/es\/wp-json\/wp\/v2\/media\/119620"}],"wp:attachment":[{"href":"https:\/\/www.europesays.com\/es\/wp-json\/wp\/v2\/media?parent=119619"}],"wp:term":[{"taxonomy":"category","embeddable":true,"href":"https:\/\/www.europesays.com\/es\/wp-json\/wp\/v2\/categories?post=119619"},{"taxonomy":"post_tag","embeddable":true,"href":"https:\/\/www.europesays.com\/es\/wp-json\/wp\/v2\/tags?post=119619"}],"curies":[{"name":"wp","href":"https:\/\/api.w.org\/{rel}","templated":true}]}}