{"id":119621,"date":"2025-09-16T22:10:08","date_gmt":"2025-09-16T22:10:08","guid":{"rendered":"https:\/\/www.europesays.com\/es\/119621\/"},"modified":"2025-09-16T22:10:08","modified_gmt":"2025-09-16T22:10:08","slug":"ilia-topuria-vuelve-a-retar-a-crawford-cuando-se-quiera-medir-conmigo-aqui-estoy-diario-de-noticias-de-navarra","status":"publish","type":"post","link":"https:\/\/www.europesays.com\/es\/119621\/","title":{"rendered":"Ilia Topuria vuelve a retar a Crawford: &quot;Cuando se quiera medir conmigo, aqu\u00ed estoy&quot; &#8211; Diario de Noticias de Navarra"},"content":{"rendered":"<ol>\n<li><a href=\"https:\/\/news.google.com\/rss\/articles\/CBMipAFBVV95cUxOVFczT3NfM1hTaUZhOFU4YjVwcUJ2eEM5LTllZS1LeEw3X1dkRHViSUlVQmFsNkJYdDV4a0lxV0lEYk9tbG5uZlNYYkUxbzVfeFJIRmJmWDhCTzNlckptSktNVnpEcFp0V2hBZ2JKRjNZSXh6dEFfMVlCOGtGZ3RCUnZscDlNOHhQa0JVeGY5c01HbEQ5OUFlXzQ4T09remJIMkNXN9IBqgFBVV95cUxOaTlZVWtzZzB4XzVIOVB0dV9DUVdhdlZkalR2WGFNR3ZXN1dyRVZYR05wODdRT3JLSzBmLXhyNnItNVBETkItaVpDVnJjS2xwY25DQTlwQmhlMWpRQ3YxVlVSWGRjblFQMlpyYzZFV3JSQjVvM3ZDd2xuTWN5c2R3Nzl0ZWxyVFV4WkluX3ZlU21LM2stRUNjNElHNlF6b2ZuQTYwVDJCc2l3Zw?oc=5\" target=\"_blank\" rel=\"nofollow noopener\">Ilia Topuria vuelve a retar a Crawford: \u00abCuando se quiera medir conmigo, aqu\u00ed estoy\u00bb<\/a>&nbsp;&nbsp;Diario de Noticias de Navarra<\/li>\n<li><a href=\"https:\/\/news.google.com\/rss\/articles\/CBMioAFBVV95cUxNcmxiak9hMm5CMEZpX3d0VXEzUVp3d09tMFVIeWxCYkpSc09ldV9ab1o0WmJIeDA5a2dSLWlzc095Mmh5cjd6VTM3VTBCWjFOWlNHWlNsLS1Pc0sxSjJ0cDMxZnF3WERaQndYNEV6cWVnMEp1UWZLd2JWVlFWX0R5bEU0SC0wVHlrRFJQYlFZa3VrS1NhNmFySjJreE9FMmIz0gG0AUFVX3lxTE1IWjFYa1Q1TkJyLVE5enNWTkFMWlN0d0ZyNUp0TWVJVHl5TWtNOFo5YWxwNXp2RGxSOFItNTZYc3VnWGY0ZzhQVzNKTGx6OWFmWmNZVUtNN096ZkMzZVVxbl90N2Z5NURidVpobW1VVTFtdXNzTE1QZm54cUxLOXpDMmh5c0U5SDJVMVlmaWU3UTVDVmZqS2hVcHhFS2VjUUtSX2JvMmNTM3pYVFhYRE9CUlgwNg?oc=5\" target=\"_blank\" rel=\"nofollow noopener\">Topuria, a por Crawford: \u201cPrimero me llama borracho y luego&#8230;\u201d<\/a>&nbsp;&nbsp;Diario AS<\/li>\n<li><a href=\"https:\/\/news.google.com\/rss\/articles\/CBMiqgFBVV95cUxOVTRQV3B3R0pORlFlYzdncThIenZsVkxBeHhHYTFmMFZsMXFWakpScTR0ZGI4ekFISW92a3Q2N1pyRGRhWUx2VEVrcTVJdEs0Wmowc3JRQ1kwMm1NMV8yeGpTQnRUVk5fVGhIVFJDWU5zMEVBVlBPa1E3ekgyU0N6SWV1TmZQemZhR3l4eUpvSVJjMTBBS0xaVzg4clNWd015a05HekNzYVZtUQ?oc=5\" target=\"_blank\" rel=\"nofollow noopener\">Ilia Topuria responde a Terence Crawford: \u00abCuando se quiera medir conmigo, aqu\u00ed estoy\u00bb<\/a>&nbsp;&nbsp;ABC<\/li>\n<li><a href=\"https:\/\/news.google.com\/rss\/articles\/CBMijAFBVV95cUxOcGVwVUdLZVRWVy1VeV83T0gzMFI4dllvckxLakg4UUo4MVB0TjM0WlRib0JTODJkNkhMcEFpV2pjcklUaVNBVWpyekp4NVRJT3B1Tzh3a2ZCMDF2ME9vOVpJQkN0UjQwbGhsbmxYZTNHMFQybFA2REszMlFaREQ5N3hXdDl4Z3B6VXFhMdIBjAFBVV95cUxNS2NpMHlkUmc3SXY1YzBDS3NhOVd3cWIyQ3kwT2xPLXNsdFRSOTI5WHhmaVAxb3A5T0lPZUVnSHk5Q19xSzJCZ0lUUk1QT1lIbkJ6UERQaTlEZHI0M2lDNV84a3I4QnYwUm1JTUxMR1Jnb251ZDQyZXZDenRJSTJoemRHTW8wcTFXTW4xdw?oc=5\" target=\"_blank\" rel=\"nofollow noopener\">Topuria se quiere pasar al boxeo y reta a Terence Crawford a un combate<\/a>&nbsp;&nbsp;El Mundo<\/li>\n<li><a href=\"https:\/\/news.google.com\/rss\/articles\/CBMipAFBVV95cUxQSkhueHBPVFd6WlJVa0lVT2hTZTNJbTQxOGNZTGtUNldWTTRETGZlZnh4VUJlYnltQk84Tk10d0lsS2xJRUY1aUp3bENhTUdyQ2N3TldqMFNDQ1FjZGpqdnR2cmNadXFUYWc5MnVFVTBpRFQxRTh5eTV4TE81WmVoQVRMeGc2Q21GUEJ4MThUMHQxREVpMkVPdXJEN1drOWRBbERLQtIBpAFBVV95cUxQWHo0S1Q1TWZUdnJXSk1LOFVzakZpNThXSXNaVFFVbGZaM3JIX3ByOV9TZVZqdmMzUjltRGJYNWVLX0xnS1NZc1hHSjJIRTQyTHNnNVBLajFya3ZpdDFMLWpOdVJPTmVDZzlwX3JRQWw1T3hWWnJHZWVHWVdaWGJDMWYtbG96clJZWlBGb3hidmtUdzd6M2wwUTRVcms4MWF0NVhydg?oc=5\" target=\"_blank\" rel=\"nofollow noopener\">Crawford vuelve a la carga contra Topuria: \u00ab\u00bfCu\u00e1nto ganar\u00eda por pelear con \u00e9l?\u00bb<\/a>&nbsp;&nbsp;MARCA<\/li>\n<\/ol>\n","protected":false},"excerpt":{"rendered":"Ilia Topuria vuelve a retar a Crawford: \u00abCuando se quiera medir conmigo, aqu\u00ed estoy\u00bb&nbsp;&nbsp;Diario de Noticias de Navarra&hellip;\n","protected":false},"author":2,"featured_media":118530,"comment_status":"","ping_status":"","sticky":false,"template":"","format":"standard","meta":{"footnotes":""},"categories":[276],"tags":[35636,168,25,24,347,39413,23,167,348,343,739],"class_list":{"0":"post-119621","1":"post","2":"type-post","3":"status-publish","4":"format-standard","5":"has-post-thumbnail","7":"category-ufc","8":"tag-crawford","9":"tag-deportes","10":"tag-es","11":"tag-espana","12":"tag-ilia","13":"tag-retar","14":"tag-spain","15":"tag-sports","16":"tag-topuria","17":"tag-ufc","18":"tag-vuelve"},"share_on_mastodon":{"url":"","error":""},"_links":{"self":[{"href":"https:\/\/www.europesays.com\/es\/wp-json\/wp\/v2\/posts\/119621","targetHints":{"allow":["GET"]}}],"collection":[{"href":"https:\/\/www.europesays.com\/es\/wp-json\/wp\/v2\/posts"}],"about":[{"href":"https:\/\/www.europesays.com\/es\/wp-json\/wp\/v2\/types\/post"}],"author":[{"embeddable":true,"href":"https:\/\/www.europesays.com\/es\/wp-json\/wp\/v2\/users\/2"}],"replies":[{"embeddable":true,"href":"https:\/\/www.europesays.com\/es\/wp-json\/wp\/v2\/comments?post=119621"}],"version-history":[{"count":0,"href":"https:\/\/www.europesays.com\/es\/wp-json\/wp\/v2\/posts\/119621\/revisions"}],"wp:featuredmedia":[{"embeddable":true,"href":"https:\/\/www.europesays.com\/es\/wp-json\/wp\/v2\/media\/118530"}],"wp:attachment":[{"href":"https:\/\/www.europesays.com\/es\/wp-json\/wp\/v2\/media?parent=119621"}],"wp:term":[{"taxonomy":"category","embeddable":true,"href":"https:\/\/www.europesays.com\/es\/wp-json\/wp\/v2\/categories?post=119621"},{"taxonomy":"post_tag","embeddable":true,"href":"https:\/\/www.europesays.com\/es\/wp-json\/wp\/v2\/tags?post=119621"}],"curies":[{"name":"wp","href":"https:\/\/api.w.org\/{rel}","templated":true}]}}