{"id":119624,"date":"2025-09-16T22:13:07","date_gmt":"2025-09-16T22:13:07","guid":{"rendered":"https:\/\/www.europesays.com\/es\/119624\/"},"modified":"2025-09-16T22:13:07","modified_gmt":"2025-09-16T22:13:07","slug":"una-decena-ya-tenia-antecedentes","status":"publish","type":"post","link":"https:\/\/www.europesays.com\/es\/119624\/","title":{"rendered":"una decena ya ten\u00eda antecedentes"},"content":{"rendered":"<p class=\"c-paragraph\">La <a href=\"https:\/\/www.20minutos.es\/tags\/deportes\/vuelta-a-espana.html\" title=\"Vuelta a Espa\u00f1a\" rel=\"nofollow noopener\" target=\"_blank\">Vuelta a Espa\u00f1a<\/a> lleg\u00f3 a su fin este pasado domingo marcada, de nuevo, por las protestas propalestina, que dejaron a <b>casi un centenar de personas identificadas<\/b> por la Polic\u00eda Nacional: de ellos, <b>una decena ten\u00eda ya antecedentes, cuatro por des\u00f3rdenes p\u00fablicos<\/b> y siete por delincuencia com\u00fan.<\/p>\n<p class=\"c-paragraph\">Despu\u00e9s de que la portavoz del Gobierno, Pilar Alegr\u00eda, haya explicado en rueda de prensa que la Comisar\u00eda General de Informaci\u00f3n de la Polic\u00eda Nacional ha desmentido que alguno de los identificados por los altercados tenga antecedentes policiales por terrorismo de ETA ni yihadismo, fuentes de Interior han precisado que <b>solo 11 de los 97 identificados ten\u00edan antecedentes<\/b>.<\/p>\n<p class=\"c-paragraph\">Cuatro de ellos por des\u00f3rdenes p\u00fablicos que constaban en la Brigada Provincial de Informaci\u00f3n de Madrid y otros siete por delincuencia com\u00fan, seg\u00fan las fuentes, que han a\u00f1adido que <b>uno de los detenidos es espa\u00f1ol y el otro italiano<\/b>.<\/p>\n<p class=\"c-paragraph\">\u00abA la propia Comisar\u00eda General de Informaci\u00f3n de Polic\u00eda Nacional no le consta ning\u00fan documento ni ninguna comunicaci\u00f3n oficial que avale la informaci\u00f3n que se ha conocido. Y <b>tampoco hay ning\u00fan documento ni ning\u00fan atestado de personas vinculadas a la kale borroka o al yihadismo<\/b>\u00ab, ha expresado la portavoz del Gobierno en la ma\u00f1ana de este martes.<\/p>\n<p class=\"c-paragraph\">Alegr\u00eda ha reiterado que<b> la movilizaci\u00f3n del domingo fue \u00abmayoritariamente pac\u00edfica\u00bb <\/b>y que siempre existen \u00abdesalmados\u00bb que intentan tener un protagonismo que en absoluto les corresponde en unas movilizaciones que trasladaban una posici\u00f3n contraria y clara frente a la masacre que est\u00e1 viviendo el pueblo de Gaza.<\/p>\n<p class=\"c-paragraph\">Respecto a la actuaci\u00f3n policial, <b>Alegr\u00eda ha destacado la \u00abmagn\u00edfica profesionalidad\u00bb de los polic\u00edas<\/b> que participaron en el dispositivo puesto en marcha para velar por la seguridad de los corredores, de los aficionados y de los ciudadanos que se manifestaron.<\/p>\n<p class=\"c-paragraph\">La portavoz ha trasladado su reconocimiento a las fuerzas de seguridad y, especialmente, a los <b>22 polic\u00edas heridos leves<\/b>, porque desde el inicio de la Vuelta hasta el \u00faltimo d\u00eda en Madrid \u00abhan trabajado con una magn\u00edfica profesionalidad\u00bb.<\/p>\n","protected":false},"excerpt":{"rendered":"La Vuelta a Espa\u00f1a lleg\u00f3 a su fin este pasado domingo marcada, de nuevo, por las protestas propalestina,&hellip;\n","protected":false},"author":2,"featured_media":119625,"comment_status":"","ping_status":"","sticky":false,"template":"","format":"standard","meta":{"footnotes":""},"categories":[273],"tags":[313,312,168,25,24,23,167,5411],"class_list":{"0":"post-119624","1":"post","2":"type-post","3":"status-publish","4":"format-standard","5":"has-post-thumbnail","7":"category-ciclismo","8":"tag-ciclismo","9":"tag-cycling","10":"tag-deportes","11":"tag-es","12":"tag-espana","13":"tag-spain","14":"tag-sports","15":"tag-vuelta-a-espana"},"share_on_mastodon":{"url":"","error":""},"_links":{"self":[{"href":"https:\/\/www.europesays.com\/es\/wp-json\/wp\/v2\/posts\/119624","targetHints":{"allow":["GET"]}}],"collection":[{"href":"https:\/\/www.europesays.com\/es\/wp-json\/wp\/v2\/posts"}],"about":[{"href":"https:\/\/www.europesays.com\/es\/wp-json\/wp\/v2\/types\/post"}],"author":[{"embeddable":true,"href":"https:\/\/www.europesays.com\/es\/wp-json\/wp\/v2\/users\/2"}],"replies":[{"embeddable":true,"href":"https:\/\/www.europesays.com\/es\/wp-json\/wp\/v2\/comments?post=119624"}],"version-history":[{"count":0,"href":"https:\/\/www.europesays.com\/es\/wp-json\/wp\/v2\/posts\/119624\/revisions"}],"wp:featuredmedia":[{"embeddable":true,"href":"https:\/\/www.europesays.com\/es\/wp-json\/wp\/v2\/media\/119625"}],"wp:attachment":[{"href":"https:\/\/www.europesays.com\/es\/wp-json\/wp\/v2\/media?parent=119624"}],"wp:term":[{"taxonomy":"category","embeddable":true,"href":"https:\/\/www.europesays.com\/es\/wp-json\/wp\/v2\/categories?post=119624"},{"taxonomy":"post_tag","embeddable":true,"href":"https:\/\/www.europesays.com\/es\/wp-json\/wp\/v2\/tags?post=119624"}],"curies":[{"name":"wp","href":"https:\/\/api.w.org\/{rel}","templated":true}]}}