{"id":119634,"date":"2025-09-16T22:18:08","date_gmt":"2025-09-16T22:18:08","guid":{"rendered":"https:\/\/www.europesays.com\/es\/119634\/"},"modified":"2025-09-16T22:18:08","modified_gmt":"2025-09-16T22:18:08","slug":"sijena-si-y-varios-partidos-reclaman-en-barcelona-la-vuelta-de-las-pinturas-de-sijena","status":"publish","type":"post","link":"https:\/\/www.europesays.com\/es\/119634\/","title":{"rendered":"Sijena S\u00ed y varios partidos reclaman en Barcelona la vuelta de las pinturas de Sijena"},"content":{"rendered":"<p>            Sijena S\u00ed y varios partidos reclaman en Barcelona la vuelta de las pinturas de Sijena                <\/p>\n<p>Sijena S\u00ed y varios partidos reclaman en Barcelona la vuelta de las pinturas de Sijena<\/p>\n<p class=\"epigraph\">Han dado una rueda de prensa en la capital catalana para anunciar la concentraci\u00f3n del 27 de septiembre en el MNAC.<\/p>\n<p class=\"paragraph\">La Plataforma Sijena S\u00ed, junto a Arag\u00f3n Teruel Existe y a Chunta Aragonesista, <b>han pedido este martes en Barcelona<\/b> el cumplimiento de la sentencia que ordena devolver las pinturas murales. Sus representantes han ofrecido una rueda de prensa en la capital catalana, <b>en colaboraci\u00f3n con la Casa de Arag\u00f3n<\/b> (ha tenido lugar en la sede de la Federaci\u00f3n de Casas Regionales de Catalu\u00f1a), en la que han dado detalles de la concentraci\u00f3n convocada ante el Museo Nacional de Arte de Catalu\u00f1a (MNAC) el 27 de septiembre.\u00a0<\/p>\n<p>            Conforme a los criterios de<br \/>\n            <a class=\"trustproject_img\" id=\"trustproject_img\" href=\"https:\/\/thetrustproject.org\/\" target=\"_blank\" rel=\"nofollow noopener\" aria-label=\"Trust Project\"><img decoding=\"async\" loading=\"lazy\" src=\"https:\/\/www.heraldo.es\/images\/Trust-Logo-Horizontal.svg\" alt=\"Logo Trust Project\" width=\"200\" height=\"34\"\/><\/a><\/p>\n<p>        <a href=\"https:\/\/www.henneo.com\/\" title=\"Grupo Henneo\" class=\"logo\" rel=\"nofollow noopener\" target=\"_blank\"><br \/>\n            <img decoding=\"async\" src=\"https:\/\/www.heraldo.es\/images\/logo_henneo_gris.svg\" alt=\"Logo Henneo\" width=\"559\" height=\"389\" loading=\"lazy\"\/><br \/>\n        <\/a><\/p>\n<p>\u00a9 HERALDO DE ARAGON EDITORA, S.L.U.<br \/>Tel\u00e9fono 976 765 000 \/ &#8211; P\u00ba. Independencia, 29, 50001 Zaragoza &#8211; CIF: B99288763 &#8211; Inscrita en el Registro Mercantil de Zaragoza al Tomo 3796, Libro 0, Folio 177, Secci\u00f3n 8, Hoja Z-50564<br \/>Queda prohibida toda reproducci\u00f3n sin permiso escrito de la empresa a los efectos del art\u00edculo 32.1, p\u00e1rrafo segundo, de la Ley de Propiedad Intelectual<\/p>\n<p>\n                P\u00ba Independencia, 29, 50001 Zaragoza<br \/> Tel\u00e9fono 976 765 000\n            <\/p>\n<p>                    Actualmente tu navegador no permite ejecutar JavaScript. Para poder disfrutar de nuestro contenido es necesario que lo permita.<br \/>\n                                        <img decoding=\"async\" loading=\"lazy\" alt=\"Heraldo logo\" src=\"https:\/\/dkumiip2e9ary.cloudfront.net\/xalok\/heraldo\/especiales\/hola-de-nuevo\/logo-heraldo.svg\" width=\"215\" height=\"43\"\/><\/p>\n","protected":false},"excerpt":{"rendered":"Sijena S\u00ed y varios partidos reclaman en Barcelona la vuelta de las pinturas de Sijena Sijena S\u00ed y&hellip;\n","protected":false},"author":2,"featured_media":119635,"comment_status":"","ping_status":"","sticky":false,"template":"","format":"standard","meta":{"footnotes":""},"categories":[173],"tags":[229,233,231,230,210,232,234,146,147,25,24,6758,5480,31023,3452,23],"class_list":{"0":"post-119634","1":"post","2":"type-post","3":"status-publish","4":"format-standard","5":"has-post-thumbnail","7":"category-arte-y-diseno","8":"tag-arte","9":"tag-arte-y-diseno","10":"tag-arts","11":"tag-arts-and-design","12":"tag-barcelona","13":"tag-design","14":"tag-diseno","15":"tag-entertainment","16":"tag-entretenimiento","17":"tag-es","18":"tag-espana","19":"tag-partidos","20":"tag-pinturas","21":"tag-reclaman","22":"tag-sijena","23":"tag-spain"},"share_on_mastodon":{"url":"","error":""},"_links":{"self":[{"href":"https:\/\/www.europesays.com\/es\/wp-json\/wp\/v2\/posts\/119634","targetHints":{"allow":["GET"]}}],"collection":[{"href":"https:\/\/www.europesays.com\/es\/wp-json\/wp\/v2\/posts"}],"about":[{"href":"https:\/\/www.europesays.com\/es\/wp-json\/wp\/v2\/types\/post"}],"author":[{"embeddable":true,"href":"https:\/\/www.europesays.com\/es\/wp-json\/wp\/v2\/users\/2"}],"replies":[{"embeddable":true,"href":"https:\/\/www.europesays.com\/es\/wp-json\/wp\/v2\/comments?post=119634"}],"version-history":[{"count":0,"href":"https:\/\/www.europesays.com\/es\/wp-json\/wp\/v2\/posts\/119634\/revisions"}],"wp:featuredmedia":[{"embeddable":true,"href":"https:\/\/www.europesays.com\/es\/wp-json\/wp\/v2\/media\/119635"}],"wp:attachment":[{"href":"https:\/\/www.europesays.com\/es\/wp-json\/wp\/v2\/media?parent=119634"}],"wp:term":[{"taxonomy":"category","embeddable":true,"href":"https:\/\/www.europesays.com\/es\/wp-json\/wp\/v2\/categories?post=119634"},{"taxonomy":"post_tag","embeddable":true,"href":"https:\/\/www.europesays.com\/es\/wp-json\/wp\/v2\/tags?post=119634"}],"curies":[{"name":"wp","href":"https:\/\/api.w.org\/{rel}","templated":true}]}}