{"id":119645,"date":"2025-09-16T22:25:12","date_gmt":"2025-09-16T22:25:12","guid":{"rendered":"https:\/\/www.europesays.com\/es\/119645\/"},"modified":"2025-09-16T22:25:12","modified_gmt":"2025-09-16T22:25:12","slug":"5-chaquetas-boho-de-zara-de-estilo-lujoso-perfectas-para-entretiempo","status":"publish","type":"post","link":"https:\/\/www.europesays.com\/es\/119645\/","title":{"rendered":"5 chaquetas &#8216;boho&#8217; de Zara de estilo lujoso perfectas para entretiempo"},"content":{"rendered":"<p id=\"novedades-de-zara\" data-journey-content=\"true\" data-node-id=\"0\" class=\"body-text css-i9p093 emevuu60\">Desde que Marta Ortega se puso al frente de <strong data-node-id=\"0.1\">Zara<\/strong>, la grande de Inditex no ha parado de reinventarse, consolidando su posici\u00f3n como referente del &#8216;fast fashion&#8217;, pero tambi\u00e9n marcando<strong data-node-id=\"0.3\"> un nuevo rumbo hacia la exclusividad<\/strong>. Y es que, de ah\u00ed viene el \u00e9xito viral de Zara. \u00bfRopa de estilo lujoso por precios aptos para todos los bolsillos? \u00bfQui\u00e9n se resistir\u00eda a algo as\u00ed?<\/p>\n<p id=\"novedades-de-zara\" data-journey-content=\"true\" data-node-id=\"1\" class=\"css-i9p093 emevuu60\">Los dise\u00f1adores de Zara est\u00e1n haciendo magia con las siluetas, tejidos y acabados de todas y cada una de sus prendas. Todas, adem\u00e1s, inspiradas en <strong data-node-id=\"1.1\"><a href=\"https:\/\/www.elle.com\/es\/moda\/tendencias\/a65457679\/tendencias-moda-que-dominaran-este-otono-2025\/\" target=\"_blank\" data-vars-ga-outbound-link=\"https:\/\/www.elle.com\/es\/moda\/tendencias\/a65457679\/tendencias-moda-que-dominaran-este-otono-2025\/\" data-vars-ga-ux-element=\"Hyperlink\" data-vars-ga-call-to-action=\"las \u00faltimas tendencias dictadas en pasarelas\" data-node-id=\"1.1.0\" class=\"body-link css-103hk4r emevuu60\" rel=\"nofollow noopener\">las \u00faltimas tendencias dictadas en pasarelas<\/a><\/strong>, pero reinterpretadas para tener ese toque diferencial y \u00fanico que tanto nos encanta.<\/p>\n<p id=\"novedades-de-zara\" data-journey-content=\"true\" data-node-id=\"2\" class=\"css-i9p093 emevuu60\">\u00bfSu m\u00e1xima apuesta para el <strong data-node-id=\"2.1\"><a href=\"https:\/\/www.elle.com\/es\/moda\/tendencias\/a65799589\/estilos-tendencias-de-otono-para-incorporar-y-para-olvidar\/\" target=\"_blank\" data-vars-ga-outbound-link=\"https:\/\/www.elle.com\/es\/moda\/tendencias\/a65799589\/estilos-tendencias-de-otono-para-incorporar-y-para-olvidar\/\" data-vars-ga-ux-element=\"Hyperlink\" data-vars-ga-call-to-action=\"oto\u00f1o 2025\" data-node-id=\"2.1.0\" class=\"body-link css-103hk4r emevuu60\" rel=\"nofollow noopener\">oto\u00f1o 2025<\/a><\/strong>? Sin duda, la del <strong data-node-id=\"2.3\"><a href=\"https:\/\/www.elle.com\/es\/moda\/noticias\/a63799533\/prendas-boho-tendencia-2025\/\" target=\"_blank\" data-vars-ga-outbound-link=\"https:\/\/www.elle.com\/es\/moda\/noticias\/a63799533\/prendas-boho-tendencia-2025\/\" data-vars-ga-ux-element=\"Hyperlink\" data-vars-ga-call-to-action=\"estilo boho chic\" data-node-id=\"2.3.0\" class=\"body-link css-103hk4r emevuu60\" rel=\"nofollow noopener\">estilo boho chic<\/a><\/strong>. La est\u00e9tica m\u00e1s viral gracias a apuestas como las de<strong data-node-id=\"2.5\"> Chlo\u00e9, Etro, Ulla Johnson, Zimmerman&#8230;<\/strong> Y s\u00ed, esta decisi\u00f3n se ha visto reflejada en los cientos de vestidos y blusas &#8216;boho&#8217; que protagonizan sus novedades. Aunque, sin duda, nada comparado con las nuevas chaquetas &#8216;boho&#8217; que acaban de lanzar esta semana y que, os adelanto, prometen agotarse antes de que acabe septiembre.<\/p>\n<p>Novedades de Zara: 5 chaquetas &#8216;boho&#8217; que parecen Alta Costura y son tendencia este oto\u00f1o 2025 <\/p>\n<p data-journey-content=\"true\" data-node-id=\"5\" class=\"css-i9p093 emevuu60\"><strong data-node-id=\"5.0\">Bordados, encajes, tejidos jacquard, terciopelo, dise\u00f1os de estilo kimono&#8230; <\/strong>Zara se ha inspirado en las colecciones de las grandes marcas de moda y ha sacado a su colecci\u00f3n <strong data-node-id=\"5.2\">las chaquetas bohemias m\u00e1s especiales (y originales) para <a href=\"https:\/\/www.elle.com\/es\/moda\/noticias\/a66079105\/como-vestir-en-entretiempo-con-vestidos-boho-chaquetas-faldas-plisadas-y-zapatos-de-tendencia\/\" target=\"_blank\" data-vars-ga-outbound-link=\"https:\/\/www.elle.com\/es\/moda\/noticias\/a66079105\/como-vestir-en-entretiempo-con-vestidos-boho-chaquetas-faldas-plisadas-y-zapatos-de-tendencia\/\" data-vars-ga-ux-element=\"Hyperlink\" data-vars-ga-call-to-action=\"vestir como las aut\u00e9nticas expertas en moda durante el entretiempo.\" data-node-id=\"5.2.1\" class=\"body-link css-103hk4r emevuu60\" rel=\"nofollow noopener\">vestir como las aut\u00e9nticas expertas en moda durante el entretiempo.<\/a><\/strong><\/p>\n<p data-journey-content=\"true\" data-node-id=\"6\" class=\"css-i9p093 emevuu60\">Cada dise\u00f1o es un gui\u00f1o al lujo artesanal. Y eso, queridas lectoras, es sin\u00f3nimo de \u00e9xito asegurado. Aqu\u00ed las m\u00e1s bonitas y poco t\u00edpicas de lo nuevo de Zara. Son pura fantas\u00eda.<\/p>\n<p>Chaqueta corta con encaje (69,95 \u20ac)Chaqueta corta con bordados de flores (149 \u20ac)Chaqueta de estilo kimono con tejido jacquard (79,95 \u20ac)Chaqueta larga tipo kimono con terciopelo y bordados (129 \u20ac)Chaqueta larga tipo kimono terciopelo marr\u00f3n (129 \u20ac)<img src=\"https:\/\/www.europesays.com\/es\/wp-content\/uploads\/2025\/09\/1758061512_212_5d174fc2-88a3-4418-a5b3-be884db3ec5f_1678984174.file\" alt=\"Headshot of Laura Soria\" title=\"Headshot of Laura Soria\" width=\"100%\" height=\"100%\" decoding=\"async\" loading=\"lazy\" class=\"css-o0wq4v ev8dhu53\"\/><\/p>\n<p>Laura Soria Onieva es experta en moda, tendencias, alfombras rojas y &#8216;celebrities&#8217;. Como apasionada del periodismo y la comunicaci\u00f3n, siempre est\u00e1 atenta a las \u00faltimas novedades del sector. Entiende la moda como una v\u00eda de expresi\u00f3n y siempre busca entender la filosof\u00eda que transmiten los estilismos de las famosas.<\/p>\n<p>La b\u00fasqueda constante de inspiraci\u00f3n la convierte en una prescriptora de futuras tendencias de temporada. As\u00ed, no hay prenda o estilo que se le escape en Instagram y TikTok. Experta en recrear los mejores looks de las famosas e influencers con prendas de las firmas &#8216;low cost&#8217; m\u00e1s exitosas como Zara, Mango, Stradivarius&#8230; As\u00ed como de las firmas espa\u00f1olas que debes tener s\u00ed o s\u00ed en tu radar para que puedas vestir a la \u00faltima. Para ella no hay tendencia imposible: transparencias, aberturas complicadas, brillos, lentejuelas&#8230; Buscar\u00e1 todos los trucos de la mano de las expertas para ense\u00f1ar c\u00f3mo lucirlas sin caer en el error.<\/p>\n<p>Laura Soria se gradu\u00f3 en el doble grado de Periodismo y Comunicaci\u00f3n Audiovisual en la Universidad Rey Juan Carlos y, desde el inicio, ha conseguido experiencia en distintos sectores: radio, televisi\u00f3n, peri\u00f3dico digital&#8230; Actualmente se dedica a la que es su verdadera pasi\u00f3n, el periodismo de moda, como colaboradora de moda y actualidad en la revista ELLE.<\/p>\n<p>Sus constantes ganas de aprender, y su alma inquieta, la han empujado a especializarse a\u00fan m\u00e1s en el mundillo con distintos cursos, destacando el de Marketing Digital y Comunicaci\u00f3n de Moda y Lujo. \u00a0\u00a0<\/p>\n","protected":false},"excerpt":{"rendered":"Desde que Marta Ortega se puso al frente de Zara, la grande de Inditex no ha parado de&hellip;\n","protected":false},"author":2,"featured_media":119646,"comment_status":"","ping_status":"","sticky":false,"template":"","format":"standard","meta":{"footnotes":""},"categories":[91],"tags":[1655,253,146,147,25,24,23],"class_list":{"0":"post-119645","1":"post","2":"type-post","3":"status-publish","4":"format-standard","5":"has-post-thumbnail","7":"category-entretenimiento","8":"tag-afiliacion","9":"tag-discover","10":"tag-entertainment","11":"tag-entretenimiento","12":"tag-es","13":"tag-espana","14":"tag-spain"},"share_on_mastodon":{"url":"","error":""},"_links":{"self":[{"href":"https:\/\/www.europesays.com\/es\/wp-json\/wp\/v2\/posts\/119645","targetHints":{"allow":["GET"]}}],"collection":[{"href":"https:\/\/www.europesays.com\/es\/wp-json\/wp\/v2\/posts"}],"about":[{"href":"https:\/\/www.europesays.com\/es\/wp-json\/wp\/v2\/types\/post"}],"author":[{"embeddable":true,"href":"https:\/\/www.europesays.com\/es\/wp-json\/wp\/v2\/users\/2"}],"replies":[{"embeddable":true,"href":"https:\/\/www.europesays.com\/es\/wp-json\/wp\/v2\/comments?post=119645"}],"version-history":[{"count":0,"href":"https:\/\/www.europesays.com\/es\/wp-json\/wp\/v2\/posts\/119645\/revisions"}],"wp:featuredmedia":[{"embeddable":true,"href":"https:\/\/www.europesays.com\/es\/wp-json\/wp\/v2\/media\/119646"}],"wp:attachment":[{"href":"https:\/\/www.europesays.com\/es\/wp-json\/wp\/v2\/media?parent=119645"}],"wp:term":[{"taxonomy":"category","embeddable":true,"href":"https:\/\/www.europesays.com\/es\/wp-json\/wp\/v2\/categories?post=119645"},{"taxonomy":"post_tag","embeddable":true,"href":"https:\/\/www.europesays.com\/es\/wp-json\/wp\/v2\/tags?post=119645"}],"curies":[{"name":"wp","href":"https:\/\/api.w.org\/{rel}","templated":true}]}}