{"id":119662,"date":"2025-09-16T22:36:12","date_gmt":"2025-09-16T22:36:12","guid":{"rendered":"https:\/\/www.europesays.com\/es\/119662\/"},"modified":"2025-09-16T22:36:12","modified_gmt":"2025-09-16T22:36:12","slug":"vingegaard-ya-es-segundo-tras-pogacar-despues-de-ganar-la-vuelta","status":"publish","type":"post","link":"https:\/\/www.europesays.com\/es\/119662\/","title":{"rendered":"Vingegaard ya es segundo tras Pogacar despu\u00e9s de ganar La Vuelta"},"content":{"rendered":"<p class=\"\"><b>La victoria de Jonas Vingegaard en la general de La Vuelta<\/b> tambi\u00e9n tiene gran repercusi\u00f3n para el ciclista dan\u00e9s en el ranking de la Uni\u00f3n Ciclista Internacional, que contabiliza los resultados de los ciclistas en las \u00faltimas 52 semanas.<\/p>\n<p class=\"\">Con su triunfo en la ronda espa\u00f1ola, <b>Vingegaard pasa del octavo al sexto puesto con 5.904,14 puntos tras sumar 1.100<\/b> como ganador de La Vuelta, 180 por cada una de las tres victorias de etapa en la carrera.<\/p>\n<p class=\"\">Pese a su ascenso en el ranking, <b>Vingegaard a\u00fan contin\u00faa muy lejos del esloveno Tadej Pogacar, ya que \u2018Pogi\u2019 lidera la clasificaci\u00f3n con 11.235 puntos tras sumar esta semana 400 como segundo en el Grand Prix Cycliste de Montreal. <\/b>Completa el podio el dan\u00e9s Mads Pedersen, que en esta Vuelta a Espa\u00f1a ha sumado 180 puntos por su victoria en la decimoquita etapa y otros 180 como ganador del jersey verde de la clasificaci\u00f3n de los puntos.<\/p>\n<p class=\"\">La disputa de La Vuelta tambi\u00e9n provoca cambios importantes en el ranking como la<b> ca\u00edda del segundo al cuarto puesto de Mathieu Van der Poel, el ascenso a la quinta plaza de Jo\u00e3o Almeida<\/b> y la entrada entre los diez mejores de Thomas Pidcock, que con su tercer puesto en la Vuelta sube 16 posiciones; Oscar Onley, que asciende a la novena posici\u00f3n, y Giulio Ciccone, que cierra el Top-10 esta semana.<\/p>\n<p><a title=\"Ranking UCI a 16 de septiembre de 2025\" href=\"\" rel=\"\">Ranking UCI a 16 de septiembre de 2025<\/a><\/p>\n<p>1. Tadej Pogacar (Eslovenia\/UAE Emirates) 11.235<\/p>\n<p>2. Jonas Vingegard (Dinamarca\/Visma Lease a Bike) 5.904,14<\/p>\n<p>3. Mads Pedersen (Dinamarca\/Lidl-Trek) 5.287,45<\/p>\n<p>4. Mathieu Van der Poel (Pa\u00edses Bajos\/Alpecin-Deceuninck) 4.661<\/p>\n<p>5. Jo\u00e3o Almeida (Portugal\/UAE Emirates) 4.334,07<\/p>\n<p>6. Isaac del Toro (M\u00e9xico\/UAE Emirates) 4.194<\/p>\n<p>7. Remco Evenepoel (B\u00e9lgica\/Soudal Quick-Step) 3.553<\/p>\n<p>8. Thomas Pidcock (Reino Unido\/Q36.5) 3.481,38<\/p>\n<p>9. Oscar Onley (Reino Unido\/Team Picnic PostNl) 3.182<\/p>\n<p>10. Giulio Ciccone (Italia\/Lidl-Trek) 2967.88<\/p>\n<p>&#8212;&#8212;&#8212;<\/p>\n<p><strong>16. Juan Ayuso (Espa\u00f1a\/UAE Emirates) 2.422,5<\/strong><\/p>\n<p class=\"\">Hay que bajar hasta el puesto 16 para encontrar al <b>primer espa\u00f1ol en el ranking, Juan Ayuso<\/b>, que tras su actuaci\u00f3n en La Vuelta, con dos victorias de etapa, sube quince posiciones hasta el puesto 16 con 2.422 puntos.<\/p>\n<p>Noticias relacionadas<\/p>\n<p class=\"\"><b>\u00a1Tus opiniones importan!<\/b> Comenta en los art\u00edculos y suscr\u00edbete gratis a nuestra <a href=\"https:\/\/asfan.as.com\/newsletters\/\" target=\"_blank\" rel=\"nofollow noopener\" title=\"https:\/\/asfan.as.com\/newsletters\/\">newsletter<\/a> y a las alertas informativas en la <a href=\"https:\/\/as.com\/aplicacion-de-as-n\/\" target=\"_blank\" rel=\"nofollow noopener\" title=\"https:\/\/as.com\/aplicacion-de-as-n\/\">App<\/a> o el canal de <a href=\"https:\/\/www.whatsapp.com\/channel\/0029VaAasdA7j6g745nz9M10\" target=\"_blank\" rel=\"nofollow noopener\" title=\"https:\/\/www.whatsapp.com\/channel\/0029VaAasdA7j6g745nz9M10\">WhatsApp<\/a>.<\/p>\n<p class=\"\">\u00bfBuscas licenciar contenido? Haz clic <a href=\"https:\/\/profesional.elpais.com\/soluciones-sindicacion?utm_medium=interno&amp;utm_source=crosslinking&amp;utm_campaign=sindicacion_as_pie_articulos\" target=\"_blank\" rel=\"nofollow noopener\" title=\"https:\/\/profesional.elpais.com\/soluciones-sindicacion?utm_medium=interno&amp;utm_source=crosslinking&amp;utm_campaign=sindicacion_as_pie_articulos\">aqu\u00ed<\/a><\/p>\n","protected":false},"excerpt":{"rendered":"La victoria de Jonas Vingegaard en la general de La Vuelta tambi\u00e9n tiene gran repercusi\u00f3n para el ciclista&hellip;\n","protected":false},"author":2,"featured_media":119663,"comment_status":"","ping_status":"","sticky":false,"template":"","format":"standard","meta":{"footnotes":""},"categories":[273],"tags":[313,312,168,25,24,23,167],"class_list":{"0":"post-119662","1":"post","2":"type-post","3":"status-publish","4":"format-standard","5":"has-post-thumbnail","7":"category-ciclismo","8":"tag-ciclismo","9":"tag-cycling","10":"tag-deportes","11":"tag-es","12":"tag-espana","13":"tag-spain","14":"tag-sports"},"share_on_mastodon":{"url":"","error":""},"_links":{"self":[{"href":"https:\/\/www.europesays.com\/es\/wp-json\/wp\/v2\/posts\/119662","targetHints":{"allow":["GET"]}}],"collection":[{"href":"https:\/\/www.europesays.com\/es\/wp-json\/wp\/v2\/posts"}],"about":[{"href":"https:\/\/www.europesays.com\/es\/wp-json\/wp\/v2\/types\/post"}],"author":[{"embeddable":true,"href":"https:\/\/www.europesays.com\/es\/wp-json\/wp\/v2\/users\/2"}],"replies":[{"embeddable":true,"href":"https:\/\/www.europesays.com\/es\/wp-json\/wp\/v2\/comments?post=119662"}],"version-history":[{"count":0,"href":"https:\/\/www.europesays.com\/es\/wp-json\/wp\/v2\/posts\/119662\/revisions"}],"wp:featuredmedia":[{"embeddable":true,"href":"https:\/\/www.europesays.com\/es\/wp-json\/wp\/v2\/media\/119663"}],"wp:attachment":[{"href":"https:\/\/www.europesays.com\/es\/wp-json\/wp\/v2\/media?parent=119662"}],"wp:term":[{"taxonomy":"category","embeddable":true,"href":"https:\/\/www.europesays.com\/es\/wp-json\/wp\/v2\/categories?post=119662"},{"taxonomy":"post_tag","embeddable":true,"href":"https:\/\/www.europesays.com\/es\/wp-json\/wp\/v2\/tags?post=119662"}],"curies":[{"name":"wp","href":"https:\/\/api.w.org\/{rel}","templated":true}]}}