{"id":119742,"date":"2025-09-16T23:28:06","date_gmt":"2025-09-16T23:28:06","guid":{"rendered":"https:\/\/www.europesays.com\/es\/119742\/"},"modified":"2025-09-16T23:28:06","modified_gmt":"2025-09-16T23:28:06","slug":"cuantas-y-cuales-seran-las-carreras-sprint-en-la-formula-1-de-2026-tudn-formula-1","status":"publish","type":"post","link":"https:\/\/www.europesays.com\/es\/119742\/","title":{"rendered":"\u00bfCu\u00e1ntas y cu\u00e1les ser\u00e1n las carreras sprint en la F\u00f3rmula 1 de 2026? | TUDN F\u00f3rmula 1"},"content":{"rendered":"<p>La <a href=\"https:\/\/www.tudn.com\/formula-1\/checo-perez-llega-escuderia-cadillac-manera-oficial-para-temporada-2026-formula-1\" rel=\"nofollow noopener\" target=\"_blank\">F\u00f3rmula 1 tendr\u00e1 un 2026<\/a> \u00e1lgido y lleno de emociones con el cambio de reglamento y ahora, se dan a conocer tambi\u00e9n modificaciones en las carreras sprint.<\/p>\n<p>Este es un rubro m\u00e1s en el que la llamada &#8216;categor\u00eda reina&#8217; probar\u00e1 nuevas cosas el pr\u00f3ximo a\u00f1o en donde todos los equipos, sobre todo Cadillac, que debuta en el &#8216;gran circo&#8217; <a href=\"https:\/\/www.tudn.com\/formula-1\/cadillac-the-last-dance-de-sergio-checo-perez-f1\" rel=\"nofollow noopener\" target=\"_blank\">con el mexicano Checo P\u00e9rez como piloto<\/a>, iniciar\u00e1n pr\u00e1cticamente desde cero.<\/p>\n<p>A lo largo de las 24 paradas de la F\u00f3rmula 1 en el a\u00f1o, seis circuitos son seleccionados para albergar estas carreras sprint, que ocupan espacio de dos pr\u00e1cticas libres para hacer una competencia corta o una &#8216;mini carrera&#8217;.<\/p>\n<p>Se trata de una competici\u00f3n que se da los s\u00e1bados de Gran Premio en donde se corre una tercera parte de las vueltas de la gran carrera del domingo, sin paradas, y en donde se reparten puntos solamente a los ocho primeros lugares que cruzan la meta.<\/p>\n<p>Al primer lugar se le dan ocho puntos y se disminuye una unidad en lo sucesivo hasta llegar al octavo puesto que recibe un punto.<\/p>\n<p>Con respecto al 2025, habr\u00e1 cuatro cambios de circuitos y habr\u00e1 incluso debuts en la categor\u00eda reina para esta modalidad: el Circuito Gilles Villeneuve de Canad\u00e1, Marina Bay en Singapur y Zandvoort en Pa\u00edses Bajos, que por cierto, ser\u00e1 por \u00faltima vez sede de la F\u00f3rmula 1.<\/p>\n<p>Para esta ocasi\u00f3n, salen Austin en Estados Unidos, Spa-Francorchamps en B\u00e9lgica, Catar y Sao Paulo en Brasil, que recib\u00eda la carrera sprint de forma ininterrumpida desde 2021.<\/p>\n<p>De esta forma, las carreras sprint de la F\u00f3rmula 1 2026 quedan de la siguiente forma: <\/p>\n","protected":false},"excerpt":{"rendered":"La F\u00f3rmula 1 tendr\u00e1 un 2026 \u00e1lgido y lleno de emociones con el cambio de reglamento y ahora,&hellip;\n","protected":false},"author":2,"featured_media":119743,"comment_status":"","ping_status":"","sticky":false,"template":"","format":"standard","meta":{"footnotes":""},"categories":[270],"tags":[6783,3818,23057,35998,168,25,24,306,271,272,23,167,3596],"class_list":{"0":"post-119742","1":"post","2":"type-post","3":"status-publish","4":"format-standard","5":"has-post-thumbnail","7":"category-formula-1","8":"tag-calendario","9":"tag-carreras","10":"tag-cuales","11":"tag-cuantas","12":"tag-deportes","13":"tag-es","14":"tag-espana","15":"tag-f1","16":"tag-formula-1","17":"tag-formula1","18":"tag-spain","19":"tag-sports","20":"tag-sprint"},"share_on_mastodon":{"url":"","error":""},"_links":{"self":[{"href":"https:\/\/www.europesays.com\/es\/wp-json\/wp\/v2\/posts\/119742","targetHints":{"allow":["GET"]}}],"collection":[{"href":"https:\/\/www.europesays.com\/es\/wp-json\/wp\/v2\/posts"}],"about":[{"href":"https:\/\/www.europesays.com\/es\/wp-json\/wp\/v2\/types\/post"}],"author":[{"embeddable":true,"href":"https:\/\/www.europesays.com\/es\/wp-json\/wp\/v2\/users\/2"}],"replies":[{"embeddable":true,"href":"https:\/\/www.europesays.com\/es\/wp-json\/wp\/v2\/comments?post=119742"}],"version-history":[{"count":0,"href":"https:\/\/www.europesays.com\/es\/wp-json\/wp\/v2\/posts\/119742\/revisions"}],"wp:featuredmedia":[{"embeddable":true,"href":"https:\/\/www.europesays.com\/es\/wp-json\/wp\/v2\/media\/119743"}],"wp:attachment":[{"href":"https:\/\/www.europesays.com\/es\/wp-json\/wp\/v2\/media?parent=119742"}],"wp:term":[{"taxonomy":"category","embeddable":true,"href":"https:\/\/www.europesays.com\/es\/wp-json\/wp\/v2\/categories?post=119742"},{"taxonomy":"post_tag","embeddable":true,"href":"https:\/\/www.europesays.com\/es\/wp-json\/wp\/v2\/tags?post=119742"}],"curies":[{"name":"wp","href":"https:\/\/api.w.org\/{rel}","templated":true}]}}