{"id":119748,"date":"2025-09-16T23:32:05","date_gmt":"2025-09-16T23:32:05","guid":{"rendered":"https:\/\/www.europesays.com\/es\/119748\/"},"modified":"2025-09-16T23:32:05","modified_gmt":"2025-09-16T23:32:05","slug":"una-exposicion-desenfocada-reivindica-lo-borroso-como-el-mejor-medio-de-retratar-una-realidad-insoportable","status":"publish","type":"post","link":"https:\/\/www.europesays.com\/es\/119748\/","title":{"rendered":"Una exposici\u00f3n &#8216;desenfocada&#8217; reivindica lo borroso como el mejor medio de retratar una realidad insoportable"},"content":{"rendered":"<p class=\"article-text\">\n        Cuando el impresionista <a href=\"https:\/\/www.eldiario.es\/cultura\/arte\/exposicion-madrid-50-obras-monet-no-quiso-vender_1_10530508.html\" data-mrf-recirculation=\"links-noticia\" class=\"link\" rel=\"nofollow noopener\" target=\"_blank\">Claude Monet<\/a> pint\u00f3 su famosa serie de los Nen\u00fafares en los a\u00f1os veinte, muchos achacaron sus trazos borrosos a una deficiencia ocular. Una supuesta carencia que con el tiempo fue entendida como una elecci\u00f3n est\u00e9tica real. Sus \u00f3leos, considerados como parang\u00f3n del arte abstracto, fueron precursores de otros tantos que vendr\u00edan despu\u00e9s, en los que artistas de todo el mundo rechazaron igualmente la nitidez en sus propuestas. <a href=\"https:\/\/www.eldiario.es\/cultura\/arte\/matisse-desenfoque-arte-rey-asirio-platos-fuertes-nueva-temporada-caixaforum-madrid_1_12574350.html\" data-mrf-recirculation=\"links-noticia\" class=\"link\" rel=\"nofollow noopener\" target=\"_blank\">CaixaForum Madrid<\/a> analiza el recorrido de esta pr\u00e1ctica en la exposici\u00f3n Desenfocados, que podr\u00e1 visitarse en la capital hasta que el pr\u00f3ximo mayo viaje a Barcelona.\n    <\/p>\n<p class=\"article-text\">\n        La muestra, fruto de la colaboraci\u00f3n de la Fundaci\u00f3n &#8216;la Caixa&#8217; con el Mus\u00e9e d&#8217;Orsay y el Mus\u00e9e de l&#8217;Orangerie de Par\u00eds, cuenta con 72 piezas, entre las que se incluyen pintura, obra gr\u00e1fica, escultura y fotograf\u00edas. Alberto Giacometti, Gerhard Ritcher, Mark Rothko, Eva Nielsen, Thomas Ruff, Alfredo Jaar, Soledad Sevilla, Christian Boltanski y Perejaume son algunos de sus protagonistas.\n    <\/p>\n","protected":false},"excerpt":{"rendered":"Cuando el impresionista Claude Monet pint\u00f3 su famosa serie de los Nen\u00fafares en los a\u00f1os veinte, muchos achacaron&hellip;\n","protected":false},"author":2,"featured_media":119749,"comment_status":"","ping_status":"","sticky":false,"template":"","format":"standard","meta":{"footnotes":""},"categories":[173],"tags":[229,233,231,230,39647,39646,232,234,146,147,25,24,2003,39648,697,1684,9812,9137,6640,23],"class_list":{"0":"post-119748","1":"post","2":"type-post","3":"status-publish","4":"format-standard","5":"has-post-thumbnail","7":"category-arte-y-diseno","8":"tag-arte","9":"tag-arte-y-diseno","10":"tag-arts","11":"tag-arts-and-design","12":"tag-borroso","13":"tag-desenfocada","14":"tag-design","15":"tag-diseno","16":"tag-entertainment","17":"tag-entretenimiento","18":"tag-es","19":"tag-espana","20":"tag-exposicion","21":"tag-insoportable","22":"tag-medio","23":"tag-mejor","24":"tag-realidad","25":"tag-reivindica","26":"tag-retratar","27":"tag-spain"},"share_on_mastodon":{"url":"","error":""},"_links":{"self":[{"href":"https:\/\/www.europesays.com\/es\/wp-json\/wp\/v2\/posts\/119748","targetHints":{"allow":["GET"]}}],"collection":[{"href":"https:\/\/www.europesays.com\/es\/wp-json\/wp\/v2\/posts"}],"about":[{"href":"https:\/\/www.europesays.com\/es\/wp-json\/wp\/v2\/types\/post"}],"author":[{"embeddable":true,"href":"https:\/\/www.europesays.com\/es\/wp-json\/wp\/v2\/users\/2"}],"replies":[{"embeddable":true,"href":"https:\/\/www.europesays.com\/es\/wp-json\/wp\/v2\/comments?post=119748"}],"version-history":[{"count":0,"href":"https:\/\/www.europesays.com\/es\/wp-json\/wp\/v2\/posts\/119748\/revisions"}],"wp:featuredmedia":[{"embeddable":true,"href":"https:\/\/www.europesays.com\/es\/wp-json\/wp\/v2\/media\/119749"}],"wp:attachment":[{"href":"https:\/\/www.europesays.com\/es\/wp-json\/wp\/v2\/media?parent=119748"}],"wp:term":[{"taxonomy":"category","embeddable":true,"href":"https:\/\/www.europesays.com\/es\/wp-json\/wp\/v2\/categories?post=119748"},{"taxonomy":"post_tag","embeddable":true,"href":"https:\/\/www.europesays.com\/es\/wp-json\/wp\/v2\/tags?post=119748"}],"curies":[{"name":"wp","href":"https:\/\/api.w.org\/{rel}","templated":true}]}}