{"id":119763,"date":"2025-09-16T23:41:14","date_gmt":"2025-09-16T23:41:14","guid":{"rendered":"https:\/\/www.europesays.com\/es\/119763\/"},"modified":"2025-09-16T23:41:14","modified_gmt":"2025-09-16T23:41:14","slug":"el-petroleo-sube-por-ataques-ucranianos-y-sanciones-contra-rusia","status":"publish","type":"post","link":"https:\/\/www.europesays.com\/es\/119763\/","title":{"rendered":"El Petr\u00f3leo Sube Por Ataques Ucranianos Y Sanciones Contra Rusia"},"content":{"rendered":"<p data-type=\"paragraph\" data=\"[object Object]\">Los precios del petr\u00f3leo subieron el martes, ante el temor de los operadores a una intensificaci\u00f3n de los ataques ucranianos contra las infraestructuras petroleras rusas, lo que podr\u00eda frenar la oferta.<\/p>\n<p data-type=\"paragraph\" data=\"[object Object]\" class=\"emotion-1akm6h5-Paragraph e1e4oisd0\">El precio del barril de Brent del mar del Norte, con entrega en noviembre, subi\u00f3 un 1,53% hasta los 68,47 d\u00f3lares.<\/p>\n<p data-type=\"paragraph\" data=\"[object Object]\" class=\"emotion-1akm6h5-Paragraph e1e4oisd0\">Su equivalente estadounidense, el barril de West Texas Intermediate, con entrega en octubre, experiment\u00f3 un aumento del 1,93% hasta los 64,52 d\u00f3lares.<\/p>\n<p data-type=\"paragraph\" data=\"[object Object]\" class=\"emotion-1akm6h5-Paragraph e1e4oisd0\">\u00abLos ataques ucranianos contra las infraestructuras rusas comienzan a acumularse\u00bb, coment\u00f3 a la AFP John Kilduff, de Again Capital.<\/p>\n<p data-type=\"paragraph\" data=\"[object Object]\" class=\"emotion-1akm6h5-Paragraph e1e4oisd0\">\u00abEsto podr\u00eda reducir potencialmente la producci\u00f3n de petr\u00f3leo ruso (&#8230;) y podr\u00edamos acabar perdiendo parte de ese suministro en el mercado mundial\u00bb, a\u00f1adi\u00f3 el analista.<\/p>\n<p data-type=\"paragraph\" data=\"[object Object]\" class=\"emotion-1akm6h5-Paragraph e1e4oisd0\">Rusia inform\u00f3 el viernes que hab\u00eda derribado 221 drones ucranianos, uno de los ataques m\u00e1s importantes de Kiev en tres a\u00f1os y medio de ofensiva rusa.<\/p>\n<p data-type=\"paragraph\" data=\"[object Object]\" class=\"emotion-1akm6h5-Paragraph e1e4oisd0\">El puerto de Primorsk, el lugar m\u00e1s importante de exportaci\u00f3n de petr\u00f3leo ruso, habr\u00eda sido uno de los blancos, seg\u00fan varias fuentes.<\/p>\n<p data-type=\"paragraph\" data=\"[object Object]\" class=\"emotion-1akm6h5-Paragraph e1e4oisd0\">Al d\u00eda siguiente, un dron ucraniano se estrell\u00f3 contra otro de los mayores complejos de refiner\u00eda rusa.<\/p>\n<p data-type=\"paragraph\" data=\"[object Object]\" class=\"emotion-1akm6h5-Paragraph e1e4oisd0\">\u00abLa prima de riesgo geopol\u00edtico, que suele provenir de Oriente Medio, se ve hoy en d\u00eda muy amplificada por la situaci\u00f3n en Rusia\u00bb, resumi\u00f3 Kilduff.<\/p>\n<p data-type=\"paragraph\" data=\"[object Object]\" class=\"emotion-1akm6h5-Paragraph e1e4oisd0\">Paralelamente, los operadores siguen evaluando un posible endurecimiento de las sanciones contra Rusia, luego de que el presidente estadounidense Donald Trump afirmara que est\u00e1 dispuesto a penalizar m\u00e1s duramente a Mosc\u00fa a condici\u00f3n de que los dem\u00e1s pa\u00edses de la OTAN dejen de comprar petr\u00f3leo ruso.<\/p>\n<p data-type=\"paragraph\" data=\"[object Object]\" class=\"emotion-1akm6h5-Paragraph e1e4oisd0\">Tambi\u00e9n sugiri\u00f3 a estos pa\u00edses que consideraran aumentar sustancialmente los aranceles aduaneros a China, para que Pek\u00edn reduzca su apoyo a Rusia.<\/p>\n<p data-type=\"paragraph\" data=\"[object Object]\" class=\"emotion-1akm6h5-Paragraph e1e4oisd0\">ni\/tmc\/def\/db\/mar<\/p>\n","protected":false},"excerpt":{"rendered":"Los precios del petr\u00f3leo subieron el martes, ante el temor de los operadores a una intensificaci\u00f3n de los&hellip;\n","protected":false},"author":2,"featured_media":108739,"comment_status":"","ping_status":"","sticky":false,"template":"","format":"standard","meta":{"footnotes":""},"categories":[80],"tags":[82,95,94,115,5220,25,24,114,1195,1614,23,116],"class_list":{"0":"post-119763","1":"post","2":"type-post","3":"status-publish","4":"format-standard","5":"has-post-thumbnail","7":"category-economia","8":"tag-business","9":"tag-economia","10":"tag-economy","11":"tag-eeuu","12":"tag-energia","13":"tag-es","14":"tag-espana","15":"tag-mercados","16":"tag-petroleo","17":"tag-rusia","18":"tag-spain","19":"tag-synd"},"share_on_mastodon":{"url":"","error":""},"_links":{"self":[{"href":"https:\/\/www.europesays.com\/es\/wp-json\/wp\/v2\/posts\/119763","targetHints":{"allow":["GET"]}}],"collection":[{"href":"https:\/\/www.europesays.com\/es\/wp-json\/wp\/v2\/posts"}],"about":[{"href":"https:\/\/www.europesays.com\/es\/wp-json\/wp\/v2\/types\/post"}],"author":[{"embeddable":true,"href":"https:\/\/www.europesays.com\/es\/wp-json\/wp\/v2\/users\/2"}],"replies":[{"embeddable":true,"href":"https:\/\/www.europesays.com\/es\/wp-json\/wp\/v2\/comments?post=119763"}],"version-history":[{"count":0,"href":"https:\/\/www.europesays.com\/es\/wp-json\/wp\/v2\/posts\/119763\/revisions"}],"wp:featuredmedia":[{"embeddable":true,"href":"https:\/\/www.europesays.com\/es\/wp-json\/wp\/v2\/media\/108739"}],"wp:attachment":[{"href":"https:\/\/www.europesays.com\/es\/wp-json\/wp\/v2\/media?parent=119763"}],"wp:term":[{"taxonomy":"category","embeddable":true,"href":"https:\/\/www.europesays.com\/es\/wp-json\/wp\/v2\/categories?post=119763"},{"taxonomy":"post_tag","embeddable":true,"href":"https:\/\/www.europesays.com\/es\/wp-json\/wp\/v2\/tags?post=119763"}],"curies":[{"name":"wp","href":"https:\/\/api.w.org\/{rel}","templated":true}]}}