{"id":119764,"date":"2025-09-16T23:42:08","date_gmt":"2025-09-16T23:42:08","guid":{"rendered":"https:\/\/www.europesays.com\/es\/119764\/"},"modified":"2025-09-16T23:42:08","modified_gmt":"2025-09-16T23:42:08","slug":"espana-y-otros-15-paises-exigen-a-israel-que-se-abstenga-de-atacar-la-flotilla-a-gaza-rendira-cuentas","status":"publish","type":"post","link":"https:\/\/www.europesays.com\/es\/119764\/","title":{"rendered":"Espa\u00f1a y otros 15 pa\u00edses exigen a Israel que se abstenga de atacar la Flotilla a Gaza: \u00abRendir\u00e1 cuentas\u00bb"},"content":{"rendered":"<p class=\"article-text\">\n        Los gobiernos de Espa\u00f1a y otros 15 pa\u00edses han lanzando una advertencia a Israel por <a href=\"https:\/\/www.eldiario.es\/internacional\/flotilla-sumud-lleva-ayuda-gaza-reporta-nuevo-ataque-dron-tunez_1_12590859.html\" target=\"_blank\" data-mrf-recirculation=\"links-noticia\" class=\"link\" rel=\"nofollow noopener\">los ataques que est\u00e1 denunciando la Flotilla Global<\/a> que va con rumbo a Gaza para entregar ayuda humanitaria. En un comunicado conjunto, expresan su \u201cpreocupaci\u00f3n por la seguridad\u201d de la Flotilla Global \u201cSumud\u201d y advierten de que cualquier ataque o violaci\u00f3n del derecho internacional tendr\u00e1 consecuencias.\n    <\/p>\n<p>    <a href=\"https:\/\/www.eldiario.es\/internacional\/flotilla-sumud-lleva-ayuda-gaza-reporta-nuevo-ataque-dron-tunez_1_12590859.html\" data-mrf-recirculation=\"saber-mas\" data-dl-event=\"saber-mas\" rel=\"nofollow noopener\" target=\"_blank\"><\/p>\n<p class=\"know-more__title\">La Flotilla, atacada por segunda vez por un dron en T\u00fanez<\/p>\n<p>            <img decoding=\"async\" class=\"lazy\" loading=\"lazy\" data-src=\"https:\/\/static.eldiario.es\/clip\/6c3da0a6-1946-4316-bb93-a1b11ce952ce_16-9-aspect-ratio_default_0.jpg\" src=\"data:image\/svg+xml,%3Csvg xmlns=\" http:=\"\" viewbox=\"0 0 880 495\" alt=\"La Flotilla, atacada por segunda vez por un dron en T\u00fanez\"\/><\/p>\n<p>                        <\/a><\/p>\n<p class=\"article-text\">\n        \u201cHacemos por tanto un llamamiento a la abstenci\u00f3n de todo acto ilegal o violento contra la Flotilla, y a que se respeten el derecho internacional y el derecho internacional humanitario\u201d, se\u00f1ala el comunicado que rubrican Espa\u00f1a, Turqu\u00eda, Bangladesh, Brasil, Colombia, Eslovenia, Indonesia, Irlanda, Libia, Malasia, Maldivas, M\u00e9xico, Om\u00e1n, Pakist\u00e1n, Qatar, y Sud\u00e1frica, que tienen ciudadanos a bordo de los barcos que integran la Flotilla.\n    <\/p>\n<p class=\"article-text\">\n        \u201cRecordamos que cualquier violaci\u00f3n del derecho internacional y de los derechos humanos de los participantes en la Flotilla, incluidos los ataques contra los buques en aguas internacionales o detenciones ilegales, dar\u00e1n lugar a la rendici\u00f3n de cuentas\u201d, advierten esos gobiernos, que apoyan la iniciativa de la sociedad civil que tiene como objetivos la entrega de ayuda humanitaria a la Franja de Gaza as\u00ed como la concienciaci\u00f3n social. \u201cEstos dos objetivos, la paz y la prestaci\u00f3n de ayuda humanitaria, junto con el respeto del derecho internacional, incluido el derecho humanitario, son compartidos por nuestros Gobiernos\u201d, se\u00f1ala el comunicado.\n    <\/p>\n<p class=\"article-text\">\n        La Flotilla denunci\u00f3 dos ataques los pasados 9 y 10 de septiembre contra dos de los barcos que la integran cuando fondeaban en un puerto de T\u00fanez, que era la \u00faltima escala antes de emprender la traves\u00eda hacia las costas de Gaza con el objetivo de romper el bloqueo impuesto por Israel. Los barcos Family (bandera de Portugal) y Alma (bandera de Reino Unido) fueron atacados con bombas incendiarias disparadas desde drones supuestamente israel\u00edes, seg\u00fan afirma en un comunicado.\n    <\/p>\n<p>    <a href=\"https:\/\/www.eldiario.es\/internacional\/flotilla-gaza-denuncia-israel-empleo-bases-malta-e-italia-atacar-barcos-espacio-aereo-vigilarlos_1_12603478.html\" data-mrf-recirculation=\"saber-mas-abajo\" data-dl-event=\"saber-mas-abajo\" rel=\"nofollow noopener\" target=\"_blank\"><\/p>\n<p class=\"know-more__title\">La Flotilla a Gaza denuncia que Israel emple\u00f3 bases de Malta e Italia para atacar sus barcos<\/p>\n<p>            <img decoding=\"async\" class=\"lazy\" loading=\"lazy\" data-src=\"https:\/\/static.eldiario.es\/clip\/e29c0b22-5ab5-4cdc-888d-e4de23f4605e_16-9-aspect-ratio_default_0.jpg\" src=\"data:image\/svg+xml,%3Csvg xmlns=\" http:=\"\" viewbox=\"0 0 880 495\" alt=\"La Flotilla a Gaza denuncia que Israel emple\u00f3 bases de Malta e Italia para atacar sus barcos\"\/><\/p>\n<p>                        <\/a><\/p>\n<p class=\"article-text\">\n        La organizaci\u00f3n de la Global Sumud Flotilla ha denunciado que el ej\u00e9rcito israel\u00ed ha atacado varias veces sus embarcaciones y lo ha hecho en el espacio a\u00e9reo y <a href=\"https:\/\/www.eldiario.es\/internacional\/flotilla-gaza-denuncia-israel-empleo-bases-malta-e-italia-atacar-barcos-espacio-aereo-vigilarlos_1_12603478.html\" target=\"_blank\" data-mrf-recirculation=\"links-noticia\" class=\"link\" rel=\"nofollow noopener\">usando las bases de dos pa\u00edses europeos: Malta e Italia<\/a>.\n    <\/p>\n","protected":false},"excerpt":{"rendered":"Los gobiernos de Espa\u00f1a y otros 15 pa\u00edses han lanzando una advertencia a Israel por los ataques que&hellip;\n","protected":false},"author":2,"featured_media":119765,"comment_status":"","ping_status":"","sticky":false,"template":"","format":"standard","meta":{"footnotes":""},"categories":[42],"tags":[9122,39650,20481,17,18,10305,24,29455,13,14,9144,694,11,61,62,63,64,74,19,20,9,10,15,16,8523,29425,12,21,22,65,66,67],"class_list":{"0":"post-119764","1":"post","2":"type-post","3":"status-publish","4":"format-standard","5":"has-post-thumbnail","7":"category-internacional","8":"tag-9122","9":"tag-abstenga","10":"tag-atacar","11":"tag-breaking-news","12":"tag-breakingnews","13":"tag-cuentas","14":"tag-espana","15":"tag-exigen","16":"tag-featured-news","17":"tag-featurednews","18":"tag-flotilla","19":"tag-gaza","20":"tag-headlines","21":"tag-internacional","22":"tag-international","23":"tag-international-news","24":"tag-internationalnews","25":"tag-israel","26":"tag-latest-news","27":"tag-latestnews","28":"tag-news","29":"tag-noticias","30":"tag-noticias-destacadas","31":"tag-noticiasdestacadas","32":"tag-paises","33":"tag-rendira","34":"tag-titulares","35":"tag-ultimas-noticias","36":"tag-ultimasnoticias","37":"tag-world","38":"tag-world-news","39":"tag-worldnews"},"share_on_mastodon":{"url":"","error":""},"_links":{"self":[{"href":"https:\/\/www.europesays.com\/es\/wp-json\/wp\/v2\/posts\/119764","targetHints":{"allow":["GET"]}}],"collection":[{"href":"https:\/\/www.europesays.com\/es\/wp-json\/wp\/v2\/posts"}],"about":[{"href":"https:\/\/www.europesays.com\/es\/wp-json\/wp\/v2\/types\/post"}],"author":[{"embeddable":true,"href":"https:\/\/www.europesays.com\/es\/wp-json\/wp\/v2\/users\/2"}],"replies":[{"embeddable":true,"href":"https:\/\/www.europesays.com\/es\/wp-json\/wp\/v2\/comments?post=119764"}],"version-history":[{"count":0,"href":"https:\/\/www.europesays.com\/es\/wp-json\/wp\/v2\/posts\/119764\/revisions"}],"wp:featuredmedia":[{"embeddable":true,"href":"https:\/\/www.europesays.com\/es\/wp-json\/wp\/v2\/media\/119765"}],"wp:attachment":[{"href":"https:\/\/www.europesays.com\/es\/wp-json\/wp\/v2\/media?parent=119764"}],"wp:term":[{"taxonomy":"category","embeddable":true,"href":"https:\/\/www.europesays.com\/es\/wp-json\/wp\/v2\/categories?post=119764"},{"taxonomy":"post_tag","embeddable":true,"href":"https:\/\/www.europesays.com\/es\/wp-json\/wp\/v2\/tags?post=119764"}],"curies":[{"name":"wp","href":"https:\/\/api.w.org\/{rel}","templated":true}]}}