{"id":119766,"date":"2025-09-16T23:43:04","date_gmt":"2025-09-16T23:43:04","guid":{"rendered":"https:\/\/www.europesays.com\/es\/119766\/"},"modified":"2025-09-16T23:43:04","modified_gmt":"2025-09-16T23:43:04","slug":"el-millonario-jose-elias-no-se-corta-y-explica-cuanto-dinero-se-ha-gastado-en-sus-vacaciones-de-verano-hemos-estado-15-dias","status":"publish","type":"post","link":"https:\/\/www.europesays.com\/es\/119766\/","title":{"rendered":"El millonario Jos\u00e9 El\u00edas no se corta y explica cu\u00e1nto dinero se ha gastado en sus vacaciones de verano: \u00abHemos estado 15 d\u00edas&#8230;\u00bb"},"content":{"rendered":"<p>En vacaciones casi todo el mundo hace excepciones y gasta m\u00e1s de lo habitual<\/p>\n<p><img fetchpriority=\"high\" class=\"voc-img\" src=\"https:\/\/www.europesays.com\/es\/wp-content\/uploads\/2025\/09\/Captura-R5XBXfnsCI06dIGnUv8HIFJ-1200x840@diario_abc.PNG\" loading=\"eager\" decoding=\"async\" alt=\"El millonario Jos\u00e9 El\u00edas no se corta y explica cu\u00e1nto dinero se ha gastado en sus vacaciones de verano\" width=\"1200\" height=\"840\"\/><\/p>\n<p>El millonario Jos\u00e9 El\u00edas no se corta y explica cu\u00e1nto dinero se ha gastado en sus vacaciones de verano    ABC  <\/p>\n<p class=\"voc-p\" style=\"\">En vacaciones <a href=\"https:\/\/www.abc.es\/recreo\/millonario-jose-elias-tajante-sistema-educativo-espana-20250823124226-nt.html\" target=\"_self\" data-voc-vtm-id=\"in-text-traffic\" title=\"casi todo el mundo hace excepciones\" rel=\"nofollow noopener\">casi todo el mundo hace excepciones<\/a> y gasta m\u00e1s de lo habitual, ya sea en comidas, viajes o alg\u00fan capricho. Y en el caso de los millonarios no es distinto: ellos tambi\u00e9n reconocen que durante estos meses se estiran m\u00e1s en sus gastos.<\/p>\n<p class=\"voc-p\" style=\"\">Este es precisamente el caso del multimillonario espa\u00f1ol Jos\u00e9 El\u00edas, consejero delegado de Audax y comunicador habitual en redes sociales. En una charla de su popular podcast<strong> &#8216;B\u00fascate la vida&#8217;,<\/strong> el empresario ha explicado cu\u00e1nto se ha gastado estas vacaciones y en qu\u00e9 se le ha ido el dinero.<\/p>\n<p>\n\u00bfCu\u00e1nto se ha gastado Jos\u00e9 El\u00edas en vacaciones?\n<\/p>\n<p class=\"voc-p\" style=\"\">Al comienzo del fragmento, el entrevistador le pregunta directamente cu\u00e1nto se ha gastado solo en verano. El\u00edas responde que en Ibiza y Formentera fueron unos <strong>35.000 euros.<\/strong> Al pedirle que aclare si esa cifra era por pareja o por familia, explica que fue en familia y durante 15 d\u00edas. <\/p>\n<p class=\"voc-p\" style=\"\"><a href=\"https:\/\/www.abc.es\/recreo\/argentina-vive-espana-contundente-tras-vive-salir-20250823140038-nt.html\" target=\"_self\" data-voc-vtm-id=\"in-text-traffic\" title=\"\u00abParece mucho, pero solo el barco ya cost\u00f3 28.000 euros\u00bb,\" rel=\"nofollow noopener\">\u00abParece mucho, pero solo el barco ya cost\u00f3 28.000 euros\u00bb,<\/a> comenta, sumando luego los gastos en comidas y alojamiento. Adem\u00e1s, reconoce que a ese gasto hay que a\u00f1adir un viaje a las Seychelles valorado en 15.000 euros.<\/p>\n<p class=\"voc-p\" style=\"\">Por \u00faltimo, confiesa que a lo largo del a\u00f1o se dej\u00f3 otros 10.000 euros en varias escapadas. En total, la cifra anual de vacaciones alcanza los<strong> 60.000 euros.<\/strong><\/p>\n<p>Reportar un error<\/p>\n","protected":false},"excerpt":{"rendered":"En vacaciones casi todo el mundo hace excepciones y gasta m\u00e1s de lo habitual El millonario Jos\u00e9 El\u00edas&hellip;\n","protected":false},"author":2,"featured_media":119767,"comment_status":"","ping_status":"","sticky":false,"template":"","format":"standard","meta":{"footnotes":""},"categories":[8],"tags":[17,18,4708,960,534,15279,25,24,693,5134,13,14,11229,11,2467,19,20,5342,9,10,15,16,23,12,21,22,2110,1793],"class_list":{"0":"post-119766","1":"post","2":"type-post","3":"status-publish","4":"format-standard","5":"has-post-thumbnail","7":"category-espana","8":"tag-breaking-news","9":"tag-breakingnews","10":"tag-corta","11":"tag-dias","12":"tag-dinero","13":"tag-elias","14":"tag-es","15":"tag-espana","16":"tag-estado","17":"tag-explica","18":"tag-featured-news","19":"tag-featurednews","20":"tag-gastado","21":"tag-headlines","22":"tag-jose","23":"tag-latest-news","24":"tag-latestnews","25":"tag-millonario","26":"tag-news","27":"tag-noticias","28":"tag-noticias-destacadas","29":"tag-noticiasdestacadas","30":"tag-spain","31":"tag-titulares","32":"tag-ultimas-noticias","33":"tag-ultimasnoticias","34":"tag-vacaciones","35":"tag-verano"},"share_on_mastodon":{"url":"","error":""},"_links":{"self":[{"href":"https:\/\/www.europesays.com\/es\/wp-json\/wp\/v2\/posts\/119766","targetHints":{"allow":["GET"]}}],"collection":[{"href":"https:\/\/www.europesays.com\/es\/wp-json\/wp\/v2\/posts"}],"about":[{"href":"https:\/\/www.europesays.com\/es\/wp-json\/wp\/v2\/types\/post"}],"author":[{"embeddable":true,"href":"https:\/\/www.europesays.com\/es\/wp-json\/wp\/v2\/users\/2"}],"replies":[{"embeddable":true,"href":"https:\/\/www.europesays.com\/es\/wp-json\/wp\/v2\/comments?post=119766"}],"version-history":[{"count":0,"href":"https:\/\/www.europesays.com\/es\/wp-json\/wp\/v2\/posts\/119766\/revisions"}],"wp:featuredmedia":[{"embeddable":true,"href":"https:\/\/www.europesays.com\/es\/wp-json\/wp\/v2\/media\/119767"}],"wp:attachment":[{"href":"https:\/\/www.europesays.com\/es\/wp-json\/wp\/v2\/media?parent=119766"}],"wp:term":[{"taxonomy":"category","embeddable":true,"href":"https:\/\/www.europesays.com\/es\/wp-json\/wp\/v2\/categories?post=119766"},{"taxonomy":"post_tag","embeddable":true,"href":"https:\/\/www.europesays.com\/es\/wp-json\/wp\/v2\/tags?post=119766"}],"curies":[{"name":"wp","href":"https:\/\/api.w.org\/{rel}","templated":true}]}}