{"id":119768,"date":"2025-09-16T23:44:22","date_gmt":"2025-09-16T23:44:22","guid":{"rendered":"https:\/\/www.europesays.com\/es\/119768\/"},"modified":"2025-09-16T23:44:22","modified_gmt":"2025-09-16T23:44:22","slug":"ayuntamiento-de-alhama-de-murcia","status":"publish","type":"post","link":"https:\/\/www.europesays.com\/es\/119768\/","title":{"rendered":"Ayuntamiento de Alhama de Murcia"},"content":{"rendered":"<p>             \t\t &#13;<br \/>\n         &#13;<br \/>\n         &#13;<br \/>\n            <a href=\"https:\/\/ayuntamiento.alhamademurcia.es\/agenda.asp?id=14200\" itemprop=\"url\" rel=\"nofollow noopener\" target=\"_blank\"><img loading=\"lazy\" decoding=\"async\" title=\"LIGA F\u00daTBOL PREFERENTE: ALHAMA CF El Pozo - CD TENERIFE Femenino\" src=\"https:\/\/www.europesays.com\/es\/wp-content\/uploads\/2025\/09\/m_090920251435171.jpg\" itemprop=\"image\" alt=\"Imagen de LIGA F\u00daTBOL PREFERENTE: ALHAMA CF El Pozo - CD TENERIFE Femenino\"\/><\/a>&#13;<br \/>\n          &#13;<br \/>\n            <a href=\"https:\/\/ayuntamiento.alhamademurcia.es\/agenda.asp?id=14200\" itemprop=\"url\" rel=\"nofollow noopener\" target=\"_blank\">LIGA F\u00daTBOL PREFERENTE: ALHAMA CF El Pozo &#8211; CD TENERIFE Femenino<\/a>&#13;<\/p>\n<p class=\"lugar\" itemprop=\"location\">Lugar: Complejo Deportivo Francisco Artes Carrasco (Lorca)<\/p>\n<p>&#13;<\/p>\n<p>21\/9\/2025<strong> 12:00.<\/strong><\/p>\n<p>&#13;<br \/>\n            &#13;<\/p>\n<p itemprop=\"description\">El Club ha ofertado una PROMOCI\u00d3N s\u00f3lo aplicable a la venta anticipada, en la que, adquiriendo las entradas de los 2 pr\u00f3ximos partidos, costar\u00edan 15 \u20ac en total.\u00a0 <\/p>\n<p>&#13;<\/p>\n","protected":false},"excerpt":{"rendered":"&#13; &#13; &#13; &#13; &#13; LIGA F\u00daTBOL PREFERENTE: ALHAMA CF El Pozo &#8211; CD TENERIFE Femenino&#13; Lugar: Complejo&hellip;\n","protected":false},"author":2,"featured_media":119769,"comment_status":"","ping_status":"","sticky":false,"template":"","format":"standard","meta":{"footnotes":""},"categories":[5],"tags":[18824,1250,18825,17,18,25,24,13,14,11,19,20,9,10,15,16,23,12,21,22],"class_list":{"0":"post-119768","1":"post","2":"type-post","3":"status-publish","4":"format-standard","5":"has-post-thumbnail","7":"category-titulares","8":"tag-alhama-de-murcia","9":"tag-ayuntamiento","10":"tag-ayuntamiento-de-alhama","11":"tag-breaking-news","12":"tag-breakingnews","13":"tag-es","14":"tag-espana","15":"tag-featured-news","16":"tag-featurednews","17":"tag-headlines","18":"tag-latest-news","19":"tag-latestnews","20":"tag-news","21":"tag-noticias","22":"tag-noticias-destacadas","23":"tag-noticiasdestacadas","24":"tag-spain","25":"tag-titulares","26":"tag-ultimas-noticias","27":"tag-ultimasnoticias"},"share_on_mastodon":{"url":"","error":""},"_links":{"self":[{"href":"https:\/\/www.europesays.com\/es\/wp-json\/wp\/v2\/posts\/119768","targetHints":{"allow":["GET"]}}],"collection":[{"href":"https:\/\/www.europesays.com\/es\/wp-json\/wp\/v2\/posts"}],"about":[{"href":"https:\/\/www.europesays.com\/es\/wp-json\/wp\/v2\/types\/post"}],"author":[{"embeddable":true,"href":"https:\/\/www.europesays.com\/es\/wp-json\/wp\/v2\/users\/2"}],"replies":[{"embeddable":true,"href":"https:\/\/www.europesays.com\/es\/wp-json\/wp\/v2\/comments?post=119768"}],"version-history":[{"count":0,"href":"https:\/\/www.europesays.com\/es\/wp-json\/wp\/v2\/posts\/119768\/revisions"}],"wp:featuredmedia":[{"embeddable":true,"href":"https:\/\/www.europesays.com\/es\/wp-json\/wp\/v2\/media\/119769"}],"wp:attachment":[{"href":"https:\/\/www.europesays.com\/es\/wp-json\/wp\/v2\/media?parent=119768"}],"wp:term":[{"taxonomy":"category","embeddable":true,"href":"https:\/\/www.europesays.com\/es\/wp-json\/wp\/v2\/categories?post=119768"},{"taxonomy":"post_tag","embeddable":true,"href":"https:\/\/www.europesays.com\/es\/wp-json\/wp\/v2\/tags?post=119768"}],"curies":[{"name":"wp","href":"https:\/\/api.w.org\/{rel}","templated":true}]}}