{"id":119794,"date":"2025-09-17T00:14:11","date_gmt":"2025-09-17T00:14:11","guid":{"rendered":"https:\/\/www.europesays.com\/es\/119794\/"},"modified":"2025-09-17T00:14:11","modified_gmt":"2025-09-17T00:14:11","slug":"a-dos-anos-de-su-partida-ese-recuerdo-taurino-del-maestro-botero-que-quiso-ser-torero-y-solo-llego-a-gran-pintor-universal","status":"publish","type":"post","link":"https:\/\/www.europesays.com\/es\/119794\/","title":{"rendered":"A dos a\u00f1os de su partida , ese recuerdo taurino del maestro Botero que quiso ser torero y solo lleg\u00f3 a gran pintor universal"},"content":{"rendered":"<p><strong>Fernando Botero, el m\u00e1s reconocido pintor y escultor colombiano de la historia, falleci\u00f3 hace do,s a\u00f1os  a los 91 a\u00f1os.<\/strong><\/p>\n<p>Medios colombianos informaron que el artista muri\u00f3 en M\u00f3naco, despu\u00e9s de que una neumon\u00eda tuvo que ser atendida en un hospital en el norte de Italia, donde resid\u00eda hace d\u00e9cadas.<\/p>\n<p><strong>Su esposa, la artista Sophia Vari, muri\u00f3 hace cinco meses<\/strong>.<\/p>\n<p>Las obras de Botero, que han sido subastadas por hasta US$2 millones, dieron la vuelta al mundo: sus cuadros, destacados por personajes de grandes vol\u00famenes, se exhiben en los museos m\u00e1s importantes y sus esculturas han adornado calles y plazas de grandes capitales, incluidas Madrid, Par\u00eds, Londres y Roma.<\/p>\n<p><strong>Su legado taurino<\/strong><\/p>\n<p>Fernando Botero, fue un amante de la tauromaquia. En su infancia, pas\u00f3 sus d\u00edas asistiendo a las plazas e inmediatamente empez\u00f3 a dibujar escenas de corridas y a venderlas afuera de estas.<\/p>\n<p>Motivado por su t\u00edo Joaqu\u00edn, un apasionado por el espect\u00e1culo taurino, se inscribi\u00f3 en una escuela de tauromaquia, siendo esta una experiencia imborrable para el artista. Al poco tiempo de ingresar decidi\u00f3 que desde la barrera y detr\u00e1s del lienzo sent\u00eda m\u00e1s amor por su afici\u00f3n: \u00abAh\u00ed empez\u00f3 mi afici\u00f3n por el dibujo y la pintura, porque empec\u00e9 a pintar muchos cuadros de toros, a lo mejor soy pintor por eso\u00bb, afirma el artista colombiano.<\/p>\n<p><img decoding=\"async\" src=\"https:\/\/www.europesays.com\/es\/wp-content\/uploads\/2025\/09\/img_9725.jpg\" alt=\"\" class=\"wp-image-124480 lazyload\"\/><\/p>\n<p>As\u00ed fue como Fernando Botero entabl\u00f3 una conexi\u00f3n la tauromaquia, y que d\u00e9cadas despu\u00e9s continu\u00f3 siendo una de las grandes caracter\u00edsticas en sus obras. Adem\u00e1s, nunca se deslig\u00f3 su afici\u00f3n y constantemente asist\u00eda a los toros cuando sus actividades se lo permit\u00edan.<\/p>\n<p>Las escenas de la serie de la tauromaquia de Botero, describ\u00eda con gran precisi\u00f3n los gestos, actitudes, posturas y ambientes que fortalecen una visi\u00f3n \u00fanica y aut\u00e9ntica del mundo taurino, capturando la esencia y hasta el m\u00e1s m\u00ednimo detalle de todo aquello que est\u00e1 siempre presente en una corrida de toros. As\u00ed, logr\u00f3 que este espect\u00e1culo tan \u00fanico y especial pudiera percibirse de forma llamativa y de grandes proporciones m\u00e1s all\u00e1 de lo retratado, pues contiene todos los elementos que definen lo particular de su obra: figuras voluminosas, representaciones voluptuosas, juegos de escalas, espacios y vol\u00famenes particulares e inconfundibles en su obra al servicio del torero, el picador, su caballo y el propio toro.<\/p>\n<p>Tambi\u00e9n fue gran amigo de numerosos toreros, entre ellos,\u00a0<strong>Enrique Ponce o C\u00e9sar Rinc\u00f3n<\/strong>. A este \u00faltimo, colombiano tambi\u00e9n, le dise\u00f1\u00f3 un capote de paseo muy original. Cedi\u00f3 algunas de sus obras para ilustrar algunos carteles taurinos, como el que anunci\u00f3 la feria de Albacete de 2016.<\/p>\n<p>Ayud\u00f3 siempre a los toreros colombianos, como en el caso de\u00a0<strong>Juan de Castilla<\/strong>. Adem\u00e1s, pint\u00f3 al torero franc\u00e9s<strong>\u00a0Sebasti\u00e1n Castella<\/strong>\u00a0para ilustrar el cartel de la encerrona del diestro franc\u00e9s en Nimes a beneficio de ls damnificados por el terremoto de Hait\u00ed.<\/p>\n<p>\nRelacionado<\/p>\n","protected":false},"excerpt":{"rendered":"Fernando Botero, el m\u00e1s reconocido pintor y escultor colombiano de la historia, falleci\u00f3 hace do,s a\u00f1os a los&hellip;\n","protected":false},"author":2,"featured_media":119795,"comment_status":"","ping_status":"","sticky":false,"template":"","format":"standard","meta":{"footnotes":""},"categories":[277],"tags":[373,168,25,24,23,167,374],"class_list":{"0":"post-119794","1":"post","2":"type-post","3":"status-publish","4":"format-standard","5":"has-post-thumbnail","7":"category-toreo","8":"tag-bullfighting","9":"tag-deportes","10":"tag-es","11":"tag-espana","12":"tag-spain","13":"tag-sports","14":"tag-toreo"},"share_on_mastodon":{"url":"","error":""},"_links":{"self":[{"href":"https:\/\/www.europesays.com\/es\/wp-json\/wp\/v2\/posts\/119794","targetHints":{"allow":["GET"]}}],"collection":[{"href":"https:\/\/www.europesays.com\/es\/wp-json\/wp\/v2\/posts"}],"about":[{"href":"https:\/\/www.europesays.com\/es\/wp-json\/wp\/v2\/types\/post"}],"author":[{"embeddable":true,"href":"https:\/\/www.europesays.com\/es\/wp-json\/wp\/v2\/users\/2"}],"replies":[{"embeddable":true,"href":"https:\/\/www.europesays.com\/es\/wp-json\/wp\/v2\/comments?post=119794"}],"version-history":[{"count":0,"href":"https:\/\/www.europesays.com\/es\/wp-json\/wp\/v2\/posts\/119794\/revisions"}],"wp:featuredmedia":[{"embeddable":true,"href":"https:\/\/www.europesays.com\/es\/wp-json\/wp\/v2\/media\/119795"}],"wp:attachment":[{"href":"https:\/\/www.europesays.com\/es\/wp-json\/wp\/v2\/media?parent=119794"}],"wp:term":[{"taxonomy":"category","embeddable":true,"href":"https:\/\/www.europesays.com\/es\/wp-json\/wp\/v2\/categories?post=119794"},{"taxonomy":"post_tag","embeddable":true,"href":"https:\/\/www.europesays.com\/es\/wp-json\/wp\/v2\/tags?post=119794"}],"curies":[{"name":"wp","href":"https:\/\/api.w.org\/{rel}","templated":true}]}}