{"id":119806,"date":"2025-09-17T00:22:17","date_gmt":"2025-09-17T00:22:17","guid":{"rendered":"https:\/\/www.europesays.com\/es\/119806\/"},"modified":"2025-09-17T00:22:17","modified_gmt":"2025-09-17T00:22:17","slug":"conoce-los-nombres-de-la-nueva-generacion-ganadores-de-los-premios-gen-h","status":"publish","type":"post","link":"https:\/\/www.europesays.com\/es\/119806\/","title":{"rendered":"Conoce los nombres de la nueva generaci\u00f3n, ganadores de los Premios GEN \u00a1H!"},"content":{"rendered":"<p id=\"elQpbqKhE4\" data-wc=\"100\">\u00a1HOLA! lleva 80 a\u00f1os siendo una aut\u00e9ntica referencia de la cultura y la sociedad. Generaci\u00f3n tras generaci\u00f3n, y portada a portada, marca la pauta y se\u00f1ala los nombres imperdibles del panorama social. Ahora, presente y futuro se dan la mano en <a class=\"hm-link ho-link\" href=\"https:\/\/www.hola.com\/actualidad\/20250916855975\/evento-hola-gen-h-en-directo\/\" data-mrf-recirculation=\"article-body-link\" rel=\"nofollow noopener\" target=\"_blank\">el gran acontecimiento, con aires de festival, que ha organizado \u00a1HOLA<\/a>! en el Hip\u00f3dromo de la Zarzuela de Madrid para caminar juntos con nuevas caras, frescas, relevantes, con prop\u00f3sito, talento e impacto positivo que, sin duda, marcar\u00e1n el paso los a\u00f1os venideros. Los premios Generaci\u00f3n \u00a1HOLA! reconocen y celebran a las personalidades de un futuro que ya es presente.\u00a0<\/p>\n<p> <img src=\"https:\/\/www.europesays.com\/es\/wp-content\/uploads\/2025\/09\/9ebe930f74d5-jaa8860.jpg\"   width=\"1024\" height=\"682\" loading=\"lazy\" decoding=\"async\" alt=\"Media Image\" fetchpriority=\"auto\" class=\"image ho-image\"\/>\u00a9 Javier Alonso<\/p>\n<p> <img src=\"https:\/\/www.europesays.com\/es\/wp-content\/uploads\/2025\/09\/452060c61e6e-jaa8257.jpg\"   width=\"682\" height=\"1024\" loading=\"lazy\" decoding=\"async\" alt=\"Jota Abril \" fetchpriority=\"auto\" class=\"image ho-image\"\/>\u00a9 Javier Alonso<\/p>\n<p id=\"eBm2Z_Nwmt\" data-wc=\"203\">Presentado por<strong>\u00a0Jota Abril,<\/strong> GEN \u00a1H! simboliza el talento de la juventud en todos los \u00e1mbitos de la sociedad, desde el cine, al deporte, pasando por la moda, y tambi\u00e9n los nuevos sectores ligados a la tecnolog\u00eda, la comunicaci\u00f3n y las redes sociales. \u00a1HOLA! ha seleccionado 50 rostros que se dan cita esta noche inolvidable y que est\u00e1n llamados a liderar los nuevos tiempos: Abraham Mateo, Alba D\u00edaz, Aleix Puig, <a class=\"hm-link ho-link\" href=\"http:\/\/hola.com\/actualidad\/20250916856235\/alvaro-de-luna-pone-el-broche-de-oro-a-los-premios-gen-h\/\" rel=\"nofollow noopener\" data-mrf-recirculation=\"article-body-link\" target=\"_blank\">\u00c1lvaro de Luna<\/a>, <a class=\"hm-link ho-link\" href=\"https:\/\/www.hola.com\/actualidad\/20250916856219\/ana-cristina-portillo-laura-matamoros-abrazo-confidencias\/\" data-mrf-recirculation=\"article-body-link\" rel=\"nofollow noopener\" target=\"_blank\">Ana Cristina Portillo<\/a>, Ana Guerra, Ana Peleteiro, Anna Padilla, Bea Gimeno, Bel\u00e9n \u00c9cija, Carlota Melendi, Carmen de la Puerta, Carolina Villanueva, Diego y Felipe Gilca, Gabriel Guevara, Gisela Pulido, In\u00e9s Bilbao, \u00cd\u00f1igo Quintero, Katia Colomer, Laura Corsini, Lidia Torrent, Loreto Sesma, Luna Lionne, Mal\u00fa Salgado, Mar\u00eda Fern\u00e1ndez Rub\u00edes, Mar\u00eda Garc\u00eda de Jaime y Tom\u00e1s P\u00e1ramo, Mar\u00eda Mart\u00edn Pozuelo, Mar\u00eda Monfort, Marta D\u00edaz, Marta Ortiz, Marta Pombo, Mirela Balic, Ona Carbonell,<a class=\"hm-link ho-link\" href=\"https:\/\/www.hola.com\/actualidad\/20250916856223\/ona-mafalda-inaugura-los-premios-gen-h-con-una-actuacion-inolvidable\/\" data-mrf-recirculation=\"article-body-link\" rel=\"nofollow noopener\" target=\"_blank\">\u00a0Ona Mafalda<\/a>, \u00d3scar Casas, Paula Cabanas, Rochi Laffon, Sof\u00eda Surferss y V\u00edctor El\u00edas. Todos ellos tienen mucho que decir y por eso la gala ha comenzado con las frases m\u00e1s inspiradoras de cada uno de ellos. En total han sido 39 los j\u00f3venes a los que ha nombrado el presentador, porque los 11 restantes son los premiados de la noche.\u00a0<\/p>\n<p> <img src=\"https:\/\/www.europesays.com\/es\/wp-content\/uploads\/2025\/09\/f95dedeff38a-jaa8277.jpg\"   width=\"682\" height=\"1024\" loading=\"lazy\" decoding=\"async\" alt=\"Jaime Lorente y Aleix Puig\" fetchpriority=\"auto\" class=\"image ho-image\"\/>\u00a9 Javier Alonso<\/p>\n<p> <img src=\"https:\/\/www.europesays.com\/es\/wp-content\/uploads\/2025\/09\/1a1385793d6a-jaa8280.jpg\"   width=\"682\" height=\"1024\" loading=\"lazy\" decoding=\"async\" alt=\"GEN \u00a1H!\" fetchpriority=\"auto\" class=\"image ho-image\"\/>\u00a9 Javier Alonso<\/p>\n<p id=\"e5LXd2ikdG\" data-wc=\"79\">El primero de los galardones ha sido para <strong>Jaime Lorente<\/strong>, protagonista de \u00e9xitos como\u00a0La casa de papel\u00a0o El Cid. Ha recogido su Gen \u00a1H! <strong>Icono del cine<\/strong> de la mano del chef Aleix Puig, presidente\u00a0y fundador de Vicio, sin duda, otro referente de su generaci\u00f3n. El chef ha destacado la autenticidad y naturalidad del actor, as\u00ed como su capacidad para gestionar una fama desmedida, en especial despu\u00e9s de la repercusi\u00f3n internacional de su papel de Denver.\u00a0<\/p>\n<p> <img src=\"https:\/\/www.europesays.com\/es\/wp-content\/uploads\/2025\/09\/9022a69169d1-gen-h-6jaa8328.jpg\"   width=\"682\" height=\"1024\" loading=\"lazy\" decoding=\"async\" alt=\"Media Image\" fetchpriority=\"auto\" class=\"image ho-image\"\/>\u00a9 Javier Alonso<\/p>\n<p> <img src=\"https:\/\/www.europesays.com\/es\/wp-content\/uploads\/2025\/09\/38855cae6c04-ffjt5608.jpg\"   width=\"682\" height=\"1024\" loading=\"lazy\" decoding=\"async\" alt=\"GEN \u00a1H!\" fetchpriority=\"auto\" class=\"image ho-image\"\/>\u00a9 Javier Alonso<\/p>\n<p> <img src=\"https:\/\/www.europesays.com\/es\/wp-content\/uploads\/2025\/09\/3d41624471fe-jaa8313.jpg\"   width=\"682\" height=\"1024\" loading=\"lazy\" decoding=\"async\" alt=\"Media Image\" fetchpriority=\"auto\" class=\"image ho-image\"\/>\u00a9 Javier Alonso<\/p>\n<p id=\"e6LeV9Oy2x\" data-wc=\"89\">En la categor\u00eda de <strong>Estilo y Talento<\/strong>, el premio ha reca\u00eddo en <a class=\"hm-link ho-link\" href=\"http:\/\/hola.com\/moda\/20250916856230\/victoria-federica-fiesta-hola-premios-gen-h-traje-bermudas-ze-garcia-look\/\" rel=\"nofollow noopener\" data-mrf-recirculation=\"article-body-link\" target=\"_blank\">Victoria de Marichalar<\/a>, un aut\u00e9ntico icono de la generaci\u00f3n Z. El encargado de hacer entrega de este reconocimiento es su gran amigo Tom\u00e1s P\u00e1ramo, uno de los influencers m\u00e1s importantes de su generaci\u00f3n. La conoce muy bien y por eso ha destacado \u00ablo buena persona que es y el coraz\u00f3n tan grande que tiene\u00bb. Para ella este premio es una motivaci\u00f3n para seguir adelante con sus objetivos, tal y como ha dicho en su discurso de agradecimiento.\u00a0<\/p>\n<p> <img src=\"https:\/\/www.europesays.com\/es\/wp-content\/uploads\/2025\/09\/a5a244ca2c1a-jaa8378.jpg\"   width=\"682\" height=\"1024\" loading=\"lazy\" decoding=\"async\" alt=\"GEN \u00a1H!\" fetchpriority=\"auto\" class=\"image ho-image\"\/>\u00a9 Javier Alonso<\/p>\n<p> <img src=\"https:\/\/www.europesays.com\/es\/wp-content\/uploads\/2025\/09\/47cae26dddd1-gen-h-6jaa8357.jpg\"   width=\"682\" height=\"1024\" loading=\"lazy\" decoding=\"async\" alt=\"Media Image\" fetchpriority=\"auto\" class=\"image ho-image\"\/><\/p>\n<p id=\"eibimcPE2l\" data-wc=\"94\"><strong>La Estrella de la Comunicaci\u00f3n<\/strong> que recibe el galard\u00f3n GEN \u00a1H! con este nombre es <a class=\"hm-link ho-link\" href=\"https:\/\/www.hola.com\/belleza\/20250916856232\/laura-escanes-maquillaje-festival-peinado-look-premios-gen-h-ganadora\/\" data-mrf-recirculation=\"article-body-link\" rel=\"nofollow noopener\" target=\"_blank\">Laura Escanes<\/a>. La tambi\u00e9n ganadora de un premio Ondas al mejor podcast revelaci\u00f3n ha conseguido hacerse un hueco en el disputado mundo de los medios. Adem\u00e1s de ser una referencia en las redes sociales, ha presentado el programa La Travessa en Tv3 y ha sido el rostro de las campanadas en la televisi\u00f3n catalana durante dos a\u00f1os consecutivos. Mar\u00eda Cordero, fundadora y CEO de TWIC destaca de Laura algo muy dif\u00edcil de conseguir: \u00abTransformar las cr\u00edticas en algo positivo\u00bb.\u00a0<\/p>\n<p> <img src=\"https:\/\/www.europesays.com\/es\/wp-content\/uploads\/2025\/09\/7ad679cf600f-jaa8419.jpg\"   width=\"682\" height=\"1024\" loading=\"lazy\" decoding=\"async\" alt=\"GEN \u00a1H!\" fetchpriority=\"auto\" class=\"image ho-image\"\/>\u00a9 Javier Alonso<\/p>\n<p> <img src=\"https:\/\/www.europesays.com\/es\/wp-content\/uploads\/2025\/09\/4811511fdf29-jaa8423.jpg\"   width=\"682\" height=\"1024\" loading=\"lazy\" decoding=\"async\" alt=\"GEN \u00a1H!\" fetchpriority=\"auto\" class=\"image ho-image\"\/>\u00a9 Javier Alonso<\/p>\n<p> <img src=\"https:\/\/www.europesays.com\/es\/wp-content\/uploads\/2025\/09\/9658083b376e-jaa8399.jpg\"   width=\"682\" height=\"1024\" loading=\"lazy\" decoding=\"async\" alt=\"Media Image\" fetchpriority=\"auto\" class=\"image ho-image\"\/>\u00a9 Javier Alonso<\/p>\n<p id=\"eNBItEGX_u\" data-wc=\"106\">Los nuevos tiempos son saludables, por eso el GEN \u00a1H! <strong>New Healthy Life<\/strong> no pod\u00eda faltar. Si hay alguien que he hecho de la divulgaci\u00f3n y el coaching nutricional su forma de vida es<a class=\"hm-link ho-link\" href=\"https:\/\/www.hola.com\/moda\/20250916856239\/fiesta-hola-premios-gen-h-isabelle-junot-vestido-flecos-capa-look\/\" data-mrf-recirculation=\"article-body-link\" rel=\"nofollow noopener\" target=\"_blank\">\u00a0Isabelle Junot<\/a>, que recoge el galard\u00f3n de manos de<a class=\"hm-link ho-link\" href=\"https:\/\/www.hola.com\/fashion\/tendencias\/20250916856243\/ines-domecq-traje-estampado-premios-gen-h\/\" data-mrf-recirculation=\"article-body-link\" rel=\"nofollow noopener\" target=\"_blank\">\u00a0In\u00e9s Domecq<\/a>. Autora de\u00a0Eat Girl: de la obsesi\u00f3n a la ilusi\u00f3n, ofrece consejos y cursos online para todos aquellos que necesiten ayuda para mantener una relaci\u00f3n sana con la comida. \u00abCuidarse no significa castigarse\u00bb, ha recordado al recoger su galard\u00f3n. Adem\u00e1s, seg\u00fan la dise\u00f1adora, es una mujer \u00abpendiente de la gente que quiere\u00bb y que valora enormemente la familia y la amistad.<\/p>\n<p> <img src=\"https:\/\/www.europesays.com\/es\/wp-content\/uploads\/2025\/09\/473104b79fee-jaa8467.jpg\"   width=\"682\" height=\"1024\" loading=\"lazy\" decoding=\"async\" alt=\"GEN \u00a1H!\" fetchpriority=\"auto\" class=\"image ho-image\"\/>\u00a9 Javier Alonso<\/p>\n<p> <img src=\"https:\/\/www.europesays.com\/es\/wp-content\/uploads\/2025\/09\/3fcb02392627-gen-h-6jaa8453.jpg\"   width=\"682\" height=\"1024\" loading=\"lazy\" decoding=\"async\" alt=\"Media Image\" fetchpriority=\"auto\" class=\"image ho-image\"\/>\u00a9 Javier Alonso<\/p>\n<p id=\"en11eW0h6x\" data-wc=\"99\">Es una de las j\u00f3venes influencers que ha llegado pisando m\u00e1s fuerte. Considerada la reina de TikTok, su talento ha trascendido las redes sociales, ha sido<strong>\u00a0Lola Lolita<\/strong>, ganadora del Gen H <strong>Power Social Media<\/strong>. Le entrega el premio alguien tan querido y cercano como su hermana Sof\u00eda Surferss. \u00abTenemos una relaci\u00f3n muy especial, aunque es verdad que chocamos mucho. Sin embargo, admiro su constancia y su gran fortaleza\u00bb, ha dicho ilusionada. Igual de ilusionada ha recogido el premio Lola Lolita que ha agradecido a \u00a1HOLA! el cari\u00f1o: \u00abMe ha cuidado como si fuera una m\u00e1s de la familia\u00bb.\u00a0<\/p>\n<p> <img src=\"https:\/\/www.europesays.com\/es\/wp-content\/uploads\/2025\/09\/31803245e3fe-gen-h-6jaa8520.jpg\"   width=\"682\" height=\"1024\" loading=\"lazy\" decoding=\"async\" alt=\"Media Image\" fetchpriority=\"auto\" class=\"image ho-image\"\/>\u00a9 Javier Alonso<\/p>\n<p> <img src=\"https:\/\/www.europesays.com\/es\/wp-content\/uploads\/2025\/09\/21e57ee18569-jaa8079.jpg\"   width=\"682\" height=\"1024\" loading=\"lazy\" decoding=\"async\" alt=\"GEN \u00a1H! \" fetchpriority=\"auto\" class=\"image ho-image\"\/>\u00a9 Javier Alonso<\/p>\n<p id=\"eawg0TncNI\" data-wc=\"89\">El premio GEN \u00a1H! <strong>Compromiso<\/strong> es compartido. Las hermanas<strong>\u00a0Mar\u00eda Carolina y Mar\u00eda Chiara de Borb\u00f3n-Dos Sicilias<\/strong> son las ganadoras de este reconocimiento a su implicaci\u00f3n con las causas medioambientales y la protecci\u00f3n de los oc\u00e9anos. Son mucho m\u00e1s que iconos de moda y estilo, aunque el premio se lo entrega una de las top models m\u00e1s importantes de Espa\u00f1a. In\u00e9s Sastre es, adem\u00e1s, madrina de Mar\u00eda Carolina y conoce de primera mano su conciencia social. \u00abEs importante sostener causas que puedan cambiar el mundo\u00bb, han dicho las hermanas.\u00a0<\/p>\n<p> <img src=\"https:\/\/www.europesays.com\/es\/wp-content\/uploads\/2025\/09\/6c5dc28c82b8-gen-h-6jaa8602.jpg\"   width=\"682\" height=\"1024\" loading=\"lazy\" decoding=\"async\" alt=\"Media Image\" fetchpriority=\"auto\" class=\"image ho-image\"\/>\u00a9 Javier Alonso<\/p>\n<p id=\"eU2TE-M6K-\" data-wc=\"76\">Mujer polifac\u00e9tica donde las haya, la ganadora del galard\u00f3n a <strong>la Presencia y la Influencia<\/strong>, es<a class=\"hm-link ho-link\" href=\"https:\/\/www.hola.com\/actualidad\/20250916856207\/alice-campello-nueva-vida-italia-hijos-alvaro-morata\/\" data-mrf-recirculation=\"article-body-link\" rel=\"nofollow noopener\" target=\"_blank\">\u00a0Alice Campello<\/a>, que adem\u00e1s de ser una referente de las redes sociales, dirige su propia empresa de cosm\u00e9ticos. Le entrega el premio alguien que la conoce muy bien. Beatriz Espejel es una buena amiga que sabe que, adem\u00e1s de empresaria y madre de cuatro hijos, \u00abes una mujer que est\u00e1 aprendiendo a gestionar la vida con m\u00e1s seguridad y tranquilidad\u00bb.\u00a0<\/p>\n<p> <img src=\"https:\/\/www.europesays.com\/es\/wp-content\/uploads\/2025\/09\/f80bbcda3b11-gen-h-6jaa8658.jpg\"   width=\"682\" height=\"1024\" loading=\"lazy\" decoding=\"async\" alt=\"Media Image\" fetchpriority=\"auto\" class=\"image ho-image\"\/>\u00a9 Javier Alonso<\/p>\n<p> <img src=\"https:\/\/www.europesays.com\/es\/wp-content\/uploads\/2025\/09\/4bdfc1cd8b4c-ffjt5954.jpg\"   width=\"682\" height=\"1024\" loading=\"lazy\" decoding=\"async\" alt=\"GEN \u00a1H!\" fetchpriority=\"auto\" class=\"image ho-image\"\/>\u00a9 Javier Alonso<\/p>\n<p id=\"eYzccTH5nX\" data-wc=\"73\">El deporte en el siglo XXI se escribe con nombre de mujer y si hay una que ha grabado a fuego el suyo en el olimpo de los grandes deportistas, esas es <strong>Carolina Mar\u00edn<\/strong>. Campeona ol\u00edmpica, tricampeona del mundo, y ocho veces campeona de Europa, no hace falta mucho m\u00e1s para llamarla leyenda y, sobre todo, para entregarle el Premio GEN \u00a1H! <strong>Deporte y Superaci\u00f3n<\/strong>. Lo recoge de manos del presentador, Jota Abril.\u00a0<\/p>\n<p> <img src=\"https:\/\/www.europesays.com\/es\/wp-content\/uploads\/2025\/09\/b2932bcdbc4e-jaa8687.jpg\"   width=\"682\" height=\"1024\" loading=\"lazy\" decoding=\"async\" alt=\"GEN \u00a1H!\" fetchpriority=\"auto\" class=\"image ho-image\"\/>\u00a9 Javier Alonso<\/p>\n<p> <img src=\"https:\/\/www.europesays.com\/es\/wp-content\/uploads\/2025\/09\/f253102b15a8-jaa8694.jpg\"   width=\"682\" height=\"1024\" loading=\"lazy\" decoding=\"async\" alt=\"GEN \u00a1H!\" fetchpriority=\"auto\" class=\"image ho-image\"\/>\u00a9 Javier Alonso<\/p>\n<p> <img src=\"https:\/\/www.europesays.com\/es\/wp-content\/uploads\/2025\/09\/950519e78e18-gen-h-6jaa8673.jpg\"   width=\"682\" height=\"1024\" loading=\"lazy\" decoding=\"async\" alt=\"Media Image\" fetchpriority=\"auto\" class=\"image ho-image\"\/>\u00a9 Javier Alonso<\/p>\n<p id=\"eVUir0VWxX\" data-wc=\"75\">Es pr\u00e1cticamente una pionera en el mundo de las redes sociales y ha conseguido lo m\u00e1s dif\u00edcil: mantenerse como una de las creadoras de contenido m\u00e1s influyentes. <a class=\"hm-link ho-link\" href=\"https:\/\/www.hola.com\/moda\/20250916856202\/aida-domenech-vestido-crochet-fiesta-hola-premios-gen-z\/\" data-mrf-recirculation=\"article-body-link\" rel=\"nofollow noopener\" target=\"_blank\">Dulceida ha sabido representar a toda una generaci\u00f3n<\/a> y por eso Anna Pascual, CEO de In Management, le entrega el Premio GEN \u00a1H! <strong>\u00cddolo de una generaci\u00f3n<\/strong>. Encantada de recibir un nuevo reconocimiento por su trabajo , se lo dedica a su mujer, su madre y su hija.<\/p>\n<p> <img src=\"https:\/\/www.europesays.com\/es\/wp-content\/uploads\/2025\/09\/d800dc07d96e-jaa8714.jpg\"   width=\"682\" height=\"1024\" loading=\"lazy\" decoding=\"async\" alt=\"GEN \u00a1H! \" fetchpriority=\"auto\" class=\"image ho-image\"\/>\u00a9 Javier Alonso<\/p>\n<p> <img src=\"https:\/\/www.europesays.com\/es\/wp-content\/uploads\/2025\/09\/603201256aa5-jaa8768.jpg\"   width=\"682\" height=\"1024\" loading=\"lazy\" decoding=\"async\" alt=\"Media Image\" fetchpriority=\"auto\" class=\"image ho-image\"\/>\u00a9 Javier Alonso<\/p>\n<p id=\"e36fjoYwj1\" data-wc=\"96\">Seguimos hablando de \u00eddolos juveniles. Esta vez en la categor\u00eda de<strong>\u00a0Fashion Idol<\/strong> encontramos a una mujer que con solo 27 a\u00f1os ha conseguido consolidar su carrera en el mundo de la moda. Hablamos de<a class=\"hm-link ho-link\" href=\"https:\/\/www.hola.com\/moda\/20250916856222\/fiesta-hola-gen-h-lucia-rivera-vestido-flecos-juan-vidal-look\/\" data-mrf-recirculation=\"article-body-link\" rel=\"nofollow noopener\" target=\"_blank\">\u00a0Luc\u00eda Rivera<\/a>, orgullo de muchos, pero sobre todo de su madre, Blanca Romero. Ha sido ella la encargada de entregarle el premio, asegurando con humor, que en buena parte tambi\u00e9n es suyo. Tras fundirse en un emotivo abrazo, Luc\u00eda le ha dedicado el premio a su madre y a su abuela. Tambi\u00e9n ha tenido unas palabras para \u00a1HOLA!. \u00abCrey\u00f3 en m\u00ed\u00bb.\u00a0<\/p>\n<p> <img src=\"https:\/\/www.europesays.com\/es\/wp-content\/uploads\/2025\/09\/7657af78287f-jaa8841.jpg\"   width=\"682\" height=\"1024\" loading=\"lazy\" decoding=\"async\" alt=\"GEN \u00a1H!\" fetchpriority=\"auto\" class=\"image ho-image\"\/><\/p>\n<p> <img src=\"https:\/\/www.europesays.com\/es\/wp-content\/uploads\/2025\/09\/774fa82d4331-jaa8813.jpg\"   width=\"682\" height=\"1024\" loading=\"lazy\" decoding=\"async\" alt=\"Media Image\" fetchpriority=\"auto\" class=\"image ho-image\"\/>\u00a9 Javier Alonso<\/p>\n<p id=\"eIfXmb3UWm\" data-wc=\"108\">Se cierran los Premios GEN \u00a1H! con una categor\u00eda dedicada a<strong>\u00a0la nueva generaci\u00f3n en el art<\/strong>e. Eduardo S\u00e1nchez, CEO del Grupo \u00a1HOLA! tiene el honor de entregar este galard\u00f3n a<a class=\"hm-link ho-link\" href=\"https:\/\/www.hola.com\/moda\/20250916856213\/carmen-thyssen-vestido-dorado-asimetrico-fiesta-hola-gen-h\/\" data-mrf-recirculation=\"article-body-link\" rel=\"nofollow noopener\" target=\"_blank\">\u00a0Carmen Thyssen<\/a>, que ha demostrado siempre una sensibilidad extraordinaria para el arte y una ilusi\u00f3n por seguir los pasos de su madre en el mundo del coleccionismo y el mecenazgo. \u00abPara m\u00ed es un placer entregar este premio, primero porque desde la revista \u00a1HOLA! siempre hemos intentado impulsar y promover el arte y la cultura&#8230; y segundo, por la buena relaci\u00f3n que existe desde hace muchos a\u00f1os entre mi familia y la suya\u00bb, ha afirmado Eduardo S\u00e1nchez.\u00a0<\/p>\n<p id=\"efUqOLc3zA\" data-wc=\"49\">Con las palabras de la hija de Carmen Cervera ha finalizado una emocionante entrega de premios, pero la fiesta contin\u00faa. El Hip\u00f3dromo de la Zarzuela sigue lleno del talento, la vitalidad y las ganas de divertirse de los grandes nombres de la nueva generaci\u00f3n. \u00a1Qu\u00e9 siga sonando la m\u00fasica!<\/p>\n","protected":false},"excerpt":{"rendered":"\u00a1HOLA! lleva 80 a\u00f1os siendo una aut\u00e9ntica referencia de la cultura y la sociedad. Generaci\u00f3n tras generaci\u00f3n, y&hellip;\n","protected":false},"author":2,"featured_media":119807,"comment_status":"","ping_status":"","sticky":false,"template":"","format":"standard","meta":{"footnotes":""},"categories":[174],"tags":[517,255,146,147,25,24,256,39652,23],"class_list":{"0":"post-119806","1":"post","2":"type-post","3":"status-publish","4":"format-standard","5":"has-post-thumbnail","7":"category-famosos","8":"tag-actualidad","9":"tag-celebrities","10":"tag-entertainment","11":"tag-entretenimiento","12":"tag-es","13":"tag-espana","14":"tag-famosos","15":"tag-gen-h","16":"tag-spain"},"share_on_mastodon":{"url":"","error":""},"_links":{"self":[{"href":"https:\/\/www.europesays.com\/es\/wp-json\/wp\/v2\/posts\/119806","targetHints":{"allow":["GET"]}}],"collection":[{"href":"https:\/\/www.europesays.com\/es\/wp-json\/wp\/v2\/posts"}],"about":[{"href":"https:\/\/www.europesays.com\/es\/wp-json\/wp\/v2\/types\/post"}],"author":[{"embeddable":true,"href":"https:\/\/www.europesays.com\/es\/wp-json\/wp\/v2\/users\/2"}],"replies":[{"embeddable":true,"href":"https:\/\/www.europesays.com\/es\/wp-json\/wp\/v2\/comments?post=119806"}],"version-history":[{"count":0,"href":"https:\/\/www.europesays.com\/es\/wp-json\/wp\/v2\/posts\/119806\/revisions"}],"wp:featuredmedia":[{"embeddable":true,"href":"https:\/\/www.europesays.com\/es\/wp-json\/wp\/v2\/media\/119807"}],"wp:attachment":[{"href":"https:\/\/www.europesays.com\/es\/wp-json\/wp\/v2\/media?parent=119806"}],"wp:term":[{"taxonomy":"category","embeddable":true,"href":"https:\/\/www.europesays.com\/es\/wp-json\/wp\/v2\/categories?post=119806"},{"taxonomy":"post_tag","embeddable":true,"href":"https:\/\/www.europesays.com\/es\/wp-json\/wp\/v2\/tags?post=119806"}],"curies":[{"name":"wp","href":"https:\/\/api.w.org\/{rel}","templated":true}]}}