{"id":119808,"date":"2025-09-17T00:23:15","date_gmt":"2025-09-17T00:23:15","guid":{"rendered":"https:\/\/www.europesays.com\/es\/119808\/"},"modified":"2025-09-17T00:23:15","modified_gmt":"2025-09-17T00:23:15","slug":"ninguno-de-mis-clientes-quiere-el-minimalismo","status":"publish","type":"post","link":"https:\/\/www.europesays.com\/es\/119808\/","title":{"rendered":"Ninguno de mis clientes quiere el minimalismo"},"content":{"rendered":"<p data-journey-content=\"true\" data-node-id=\"2\" class=\"css-i9p093 emevuu60\">El oto\u00f1o siempre ha sido la \u00e9poca de transformaci\u00f3n de la naturaleza; parece que cuando los \u00e1rboles cambian su verdor veraniego por dorados bru\u00f1idos y carmes\u00edes intensos, el mundo entero est\u00e1 listo para cambiar. Este a\u00f1o, parece que todos est\u00e1n tomando nota. \u00abLos hogares est\u00e1n cambiando para lucir m\u00e1s personales, cuidados y arraigados\u00bb, dice <strong data-node-id=\"2.1\">Lauren Lerner de Living with Lolo<\/strong>, y ve c\u00f3mo sus clientes acogen la energ\u00eda transformadora de la temporada en sus propios espacios. \u00abLos clientes quieren casas que reflejen su estilo de vida y los hagan sentir como un refugio\u00bb.<\/p>\n<p data-journey-content=\"true\" data-node-id=\"5\" class=\"css-i9p093 emevuu60\">\u00bfQu\u00e9 es lo que realmente triunfa esta temporada? Encuestamos a dise\u00f1adores para descifrar <a href=\"https:\/\/www.elledecor.com\/es\/decoracion\/a65462941\/detalles-decoracion-caros-innecesarios\/\" target=\"_blank\" data-vars-ga-outbound-link=\"https:\/\/www.elledecor.com\/es\/decoracion\/a65462941\/detalles-decoracion-caros-innecesarios\/\" data-vars-ga-ux-element=\"Hyperlink\" data-vars-ga-call-to-action=\"las tendencias que vale la pena adoptar \" data-node-id=\"5.1\" class=\"body-link css-15fjk10 emevuu60\" rel=\"nofollow noopener\">las tendencias que vale la pena adoptar <\/a>y los looks desgastados que finalmente se est\u00e1n desvaneciendo.<\/p>\n<p>In: Tonos terrosos y profundos<img draggable=\"true\" alt=\"Living room with modern furnishings and decor elements.\" title=\"Living room with modern furnishings and decor elements.\" loading=\"lazy\" width=\"2048\" height=\"2444\" decoding=\"async\" data-nimg=\"1\" style=\"color:transparent;width:100%;height:auto;\"   src=\"https:\/\/www.europesays.com\/es\/wp-content\/uploads\/2025\/09\/284032d1-ac39-4a7a-aa76-7a53fe988734.jpg\" class=\"css-0 e1g79fud0\"\/>Gieves Anderson<\/p>\n<p>Dise\u00f1o de Frederick Tang Architecture.<\/p>\n<p data-journey-content=\"true\" data-node-id=\"9\" class=\"css-i9p093 emevuu60\">\u201cEsta temporada me atraen los colores ricos y org\u00e1nicos inspirados en la naturaleza\u201d, dice <strong data-node-id=\"9.1\">Sarah Solis de Sarah Solis Design Studio .<\/strong> \u201cLos tonos tierra, inspirados en la piedra, la corteza y el follaje, resuenan especialmente en este momento\u201d.<\/p>\n<p data-journey-content=\"true\" data-node-id=\"13\" class=\"css-i9p093 emevuu60\"><strong data-node-id=\"13.0\">Krista Alterman, de Krista + Home<\/strong>, afirma que \u00abse llevan tonos sexys y <a href=\"https:\/\/www.elledecor.com\/es\/decoracion\/g63794553\/colores-casa-cara-decorar-parece-lujo\/\" target=\"_blank\" data-vars-ga-outbound-link=\"https:\/\/www.elledecor.com\/es\/decoracion\/g63794553\/colores-casa-cara-decorar-parece-lujo\/\" data-vars-ga-ux-element=\"Hyperlink\" data-vars-ga-call-to-action=\"profundos como el burdeos, el ciruela y el moca\" data-node-id=\"13.2\" class=\"body-link css-15fjk10 emevuu60\" rel=\"nofollow noopener\">profundos como el burdeos, el ciruela y el moca<\/a>\u201d para lo que ella llama \u201cintimidad estacional\u201d: espacios dise\u00f1ados para acurrucarse cuando el clima se vuelve fr\u00edo. \u00bfEl secreto para acertar con esta tendencia? Inundar de color . Solis recomienda \u00absumergir una habitaci\u00f3n en una familia tonal y luego jugar con sutiles cambios de textura y materialidad\u00bb, citando la magia de superponer diferentes marrones extra\u00eddos de la naturaleza (piedra, tierra, hojas) para crear ambientes que se sientan \u00absensibles y conmovedores\u00bb.<\/p>\n<p>Out: Dise\u00f1o de moda r\u00e1pida<\/p>\n<p data-journey-content=\"true\" data-node-id=\"16\" class=\"css-i9p093 emevuu60\">Seg\u00fan los dise\u00f1adores, los propietarios buscan hogares que se sientan personalizados, cuidados y personales. \u00abLas tendencias r\u00e1pidas y los dise\u00f1os de cat\u00e1logo de temporada ya no son cosa del pasado\u00bb, afirma Lerner. \u00abLos muebles de env\u00edo r\u00e1pido est\u00e1n perdiendo su atractivo, hay que priorizar las piezas duraderas y que valen la pena invertir\u00bb.<\/p>\n<p><img draggable=\"true\" alt=\"deniot townhouse\" title=\"deniot townhouse\" loading=\"lazy\" width=\"1874\" height=\"2500\" decoding=\"async\" data-nimg=\"1\" style=\"color:transparent;width:100%;height:auto;\"   src=\"https:\/\/www.europesays.com\/es\/wp-content\/uploads\/2025\/09\/edc090125wdeniot-009-68bf090e16c52.jpg\" class=\"css-0 e1g79fud0\"\/>Stephan Julliard<\/p>\n<p>Los clientes priorizan \u201cpiezas duraderas y que valgan la pena invertir\u201d, como se ve en este dise\u00f1o de Jean-Louis Deniot.<\/p>\n<p data-journey-content=\"true\" data-node-id=\"19\" class=\"css-i9p093 emevuu60\">\u201cLos clientes parecen estar rehuyendo las tendencias y buscando que su identidad se manifieste en sus espacios\u201d, dice <strong data-node-id=\"19.1\">Lindsay Olson de Lulu Designs.<\/strong> \u201cSe ha centrado menos en las tendencias y m\u00e1s en ser \u00fanicos y adaptarse a la est\u00e9tica y estilo de vida del cliente\u201d.<\/p>\n<p data-journey-content=\"true\" data-node-id=\"21\" class=\"css-i9p093 emevuu60\"><strong data-node-id=\"21.0\">Andria Mitsakos, fundadora de Anthologist <\/strong>, resume el cambio: \u00abLa compra r\u00e1pida de piezas llamativas con un solo clic ya no es una opci\u00f3n. Los clientes editan e invierten: menos, mejor y con una historia clara\u00bb, afirma.<\/p>\n<p>In: El para\u00edso del coleccionista<img draggable=\"true\" alt=\"michael ellison\" title=\"michael ellison\" loading=\"lazy\" width=\"3000\" height=\"2001\" decoding=\"async\" data-nimg=\"1\" style=\"color:transparent;width:100%;height:auto;\"   src=\"https:\/\/www.europesays.com\/es\/wp-content\/uploads\/2025\/09\/bz3-living-room-005-68a4bb92e5ee2.jpg\" class=\"css-0 e1g79fud0\"\/>Nicole Franzen<\/p>\n<p>Dise\u00f1o de Michael Ellison.<\/p>\n<p data-journey-content=\"true\" data-node-id=\"25\" class=\"css-i9p093 emevuu60\">\u00abNinguno de mis clientes quiere el minimalismo\u00bb, dice Mitsakos. \u00abLa gente quiere convertirse en coleccionista. De repente, quieren mesas de centro llenas de adornos\u00bb. Este cambio hacia lo que Mitsakos denomina \u00absuperposici\u00f3n de colecci\u00f3n\u00bb se traduce en repisas y mesas repletas de esculturas a peque\u00f1a escala, cer\u00e1mica y objetos encontrados, pero con un prop\u00f3sito. <strong data-node-id=\"25.1\">Beth Dotolo, de Pulp Design Studios<\/strong>, observa c\u00f3mo sus clientes adoptan patrones atrevidos y estilos personalizados, y se\u00f1ala que la mezcla y la superposici\u00f3n est\u00e1n teniendo eco en todos los mercados.<\/p>\n<p data-journey-content=\"true\" data-node-id=\"27\" class=\"css-i9p093 emevuu60\"><strong data-node-id=\"27.0\">Carolina V. Gentry, tambi\u00e9n de Pulp Design Studios<\/strong>, est\u00e1 particularmente entusiasmada con la desaparici\u00f3n de los adornos de pared producidos en masa: \u00abNos alegra que los clientes ya no pidan arte decorativo. El arte original es mucho mejor para mostrar personalidad y vida en el hogar\u00bb.<\/p>\n<p>Out: Todo brillos<\/p>\n<p data-journey-content=\"true\" data-node-id=\"30\" class=\"css-i9p093 emevuu60\">La moda del espejo y el cromo ha pasado de moda. Los muebles y herrajes de metal brillante est\u00e1n perdiendo protagonismo, afirma Mitsakos. \u00abLos metales m\u00e1s fr\u00edos siguen manteniendo el equilibrio, pero las piezas hiperreflectantes est\u00e1n siendo reemplazadas por acabados de lat\u00f3n, bronce y peltre envejecidos\u00bb.<\/p>\n<p><img draggable=\"true\" alt=\"Luxurious marble bathroom featuring a vintage tub and floral arrangement.\" title=\"Luxurious marble bathroom featuring a vintage tub and floral arrangement.\" loading=\"lazy\" width=\"2160\" height=\"2700\" decoding=\"async\" data-nimg=\"1\" style=\"color:transparent;width:100%;height:auto;\"   src=\"https:\/\/www.europesays.com\/es\/wp-content\/uploads\/2025\/09\/0203c7ce-7abc-448c-8e84-e21d58507b84.jpg\" class=\"css-0 e1g79fud0\"\/>David Mitchell<\/p>\n<p>Los acabados en lat\u00f3n envejecido, bronce y peltre est\u00e1n de moda, como se ve en este dise\u00f1o de Nina Farmer.<\/p>\n<p data-journey-content=\"true\" data-node-id=\"33\" class=\"css-i9p093 emevuu60\">Ni siquiera las ventanas son inmunes a la est\u00e9tica antidesnudez. \u00abLas ventanas descubiertas son definitivamente cosa del pasado\u00bb, dice Dotolo. \u00abNos encantan<a href=\"https:\/\/www.elledecor.com\/es\/decoracion\/a41780032\/como-elegir-cortinas-adecuadas-salon\/\" target=\"_blank\" data-vars-ga-outbound-link=\"https:\/\/www.elledecor.com\/es\/decoracion\/a41780032\/como-elegir-cortinas-adecuadas-salon\/\" data-vars-ga-ux-element=\"Hyperlink\" data-vars-ga-call-to-action=\" las cortinas\" data-node-id=\"33.1\" class=\"body-link css-15fjk10 emevuu60\" rel=\"nofollow noopener\"> las cortinas<\/a> preciosas que enmarcan la vista y se convierten en un punto focal impactante por s\u00ed solas\u00bb. El objetivo ahora es calidez y textura sobre superficies reflectantes austeras que se sienten fr\u00edas e impersonales.<\/p>\n<p>In: Texturas artesanales<img draggable=\"true\" alt=\"Cozy bedroom with vintage decor, featuring a fireplace and seating area.\" title=\"Cozy bedroom with vintage decor, featuring a fireplace and seating area.\" loading=\"lazy\" width=\"1767\" height=\"2350\" decoding=\"async\" data-nimg=\"1\" style=\"color:transparent;width:100%;height:auto;\"   src=\"https:\/\/www.europesays.com\/es\/wp-content\/uploads\/2025\/09\/0732c44b-1bdc-4296-bd8c-4a982c292060.jpg\" class=\"css-0 e1g79fud0\"\/>Noe DeWitt<\/p>\n<p>Dise\u00f1o de Redd Kaihoi.<\/p>\n<p data-journey-content=\"true\" data-node-id=\"38\" class=\"css-i9p093 emevuu60\">La tendencia se ha inclinado fuertemente hacia las piezas que muestran la mano del artesano. A Mitsakos le encanta la artesan\u00eda y la p\u00e1tina sustanciales: piensa en la mezcla de metales c\u00e1lidos (bronce, lat\u00f3n envejecido, cobre martillado), esmaltes mate, bordes cosidos a mano y bordes imperfectos. \u00abLa gente quiere sentir la mano en la obra\u00bb, dice.<\/p>\n<p data-journey-content=\"true\" data-node-id=\"40\" class=\"css-i9p093 emevuu60\"><strong data-node-id=\"40.0\">Deborah Wecselman, de Wecselman Design<\/strong>, ve un gran auge en la cer\u00e1mica, tanto en acabados como en objetos artesanales que aportan un toque de alma a los interiores, afirma. Y no se olviden de los textiles: Mitsakos se\u00f1ala que las mantas, manteler\u00edas y <a href=\"https:\/\/www.elledecor.com\/es\/decoracion\/a65463095\/piezas-vintage-mejor-nuevas-interioristas\/\" target=\"_blank\" data-vars-ga-outbound-link=\"https:\/\/www.elledecor.com\/es\/decoracion\/a65463095\/piezas-vintage-mejor-nuevas-interioristas\/\" data-vars-ga-ux-element=\"Hyperlink\" data-vars-ga-call-to-action=\"piezas vintage \" data-node-id=\"40.2\" class=\"body-link css-15fjk10 emevuu60\" rel=\"nofollow noopener\">piezas vintage <\/a>o tejidas a mano con calidad de reliquia han vuelto a estar de moda, ya sea sobre sof\u00e1s, apiladas en bancos o debajo de bandejas.<\/p>\n<p>Out: Espacios perfectos<\/p>\n<p data-journey-content=\"true\" data-node-id=\"43\" class=\"css-i9p093 emevuu60\">El estilo sala de exposiciones est\u00e1 acabado. Mitsakos est\u00e1 viendo el fin de los conjuntos combinados, con \u00abpares id\u00e9nticos y conjuntos de sal\u00f3n de exposici\u00f3n dejan paso a espacios vestidos con mezcla de piezas adquiridas con el tiempo, como en capas: lo antiguo con lo moderno, lo refinado con lo r\u00fastico\u00bb, dice. Lerner coincide con esta opini\u00f3n: \u00abLos clientes no quieren looks id\u00e9nticos, r\u00e9plicas de mediados de siglo ni conjuntos de muebles a juego\u00bb, afirma.<\/p>\n<p><img draggable=\"true\" alt=\"Interior hallway with decorative elements and furniture.\" title=\"Interior hallway with decorative elements and furniture.\" loading=\"lazy\" width=\"1418\" height=\"1890\" decoding=\"async\" data-nimg=\"1\" style=\"color:transparent;width:100%;height:auto;\"   src=\"https:\/\/www.europesays.com\/es\/wp-content\/uploads\/2025\/09\/956ff198-74ba-4613-936e-c7bdbfc8eaed.jpg\" class=\"css-0 e1g79fud0\"\/>Galileo Rocca<\/p>\n<p>Mezclas recopiladas y estratificadas en el tiempo\u201d, como se ve en este dise\u00f1o de Maddalena Casadei, son la prioridad esta temporada.<\/p>\n<p data-journey-content=\"true\" data-node-id=\"46\" class=\"css-i9p093 emevuu60\">\u00bfEl veredicto? Este oto\u00f1o se centra en espacios con alma, car\u00e1cter y prop\u00f3sito, y en una aversi\u00f3n a todo lo que parezca reci\u00e9n salido de una f\u00e1brica.<\/p>\n<p>Los m\u00e1s visto<img src=\"https:\/\/www.europesays.com\/es\/wp-content\/uploads\/2025\/09\/9590bb2c-60b4-4b28-9138-f093470389a0_1734436227.jpg\" alt=\"Headshot of Julia Cancilla\" title=\"Headshot of Julia Cancilla\" width=\"100%\" height=\"100%\" decoding=\"async\" loading=\"lazy\" class=\"css-o0wq4v ev8dhu53\"\/><\/p>\n<p>Julia Cancilla es la editora de compromiso (y bruja residente) de ELLE DECOR, donde gestiona la presencia de la marca en las redes sociales y cubre las tendencias, el estilo de vida y la cultura en el mundo del dise\u00f1o. Su inter\u00e9s por los estilos emergentes ayuda a acercar lo \u00faltimo en dise\u00f1o de interiores a la audiencia de ELLE Decor en todas las plataformas. Julia forj\u00f3 su experiencia en la revista Inked, donde aument\u00f3 su audiencia en las redes sociales en dos millones, realiz\u00f3 entrevistas con celebridades de primer nivel y escribi\u00f3 art\u00edculos de fondo centrados en la cultura pop, el dise\u00f1o y el estilo de vida. Durante sus cinco a\u00f1os de experiencia en medios digitales, Julia ha escrito sobre numerosos temas, desde la moda hasta la astrolog\u00eda.<\/p>\n","protected":false},"excerpt":{"rendered":"El oto\u00f1o siempre ha sido la \u00e9poca de transformaci\u00f3n de la naturaleza; parece que cuando los \u00e1rboles cambian&hellip;\n","protected":false},"author":2,"featured_media":119809,"comment_status":"","ping_status":"","sticky":false,"template":"","format":"standard","meta":{"footnotes":""},"categories":[173],"tags":[229,233,231,230,232,253,234,146,147,25,24,254,23],"class_list":{"0":"post-119808","1":"post","2":"type-post","3":"status-publish","4":"format-standard","5":"has-post-thumbnail","7":"category-arte-y-diseno","8":"tag-arte","9":"tag-arte-y-diseno","10":"tag-arts","11":"tag-arts-and-design","12":"tag-design","13":"tag-discover","14":"tag-diseno","15":"tag-entertainment","16":"tag-entretenimiento","17":"tag-es","18":"tag-espana","19":"tag-sindicado","20":"tag-spain"},"share_on_mastodon":{"url":"","error":""},"_links":{"self":[{"href":"https:\/\/www.europesays.com\/es\/wp-json\/wp\/v2\/posts\/119808","targetHints":{"allow":["GET"]}}],"collection":[{"href":"https:\/\/www.europesays.com\/es\/wp-json\/wp\/v2\/posts"}],"about":[{"href":"https:\/\/www.europesays.com\/es\/wp-json\/wp\/v2\/types\/post"}],"author":[{"embeddable":true,"href":"https:\/\/www.europesays.com\/es\/wp-json\/wp\/v2\/users\/2"}],"replies":[{"embeddable":true,"href":"https:\/\/www.europesays.com\/es\/wp-json\/wp\/v2\/comments?post=119808"}],"version-history":[{"count":0,"href":"https:\/\/www.europesays.com\/es\/wp-json\/wp\/v2\/posts\/119808\/revisions"}],"wp:featuredmedia":[{"embeddable":true,"href":"https:\/\/www.europesays.com\/es\/wp-json\/wp\/v2\/media\/119809"}],"wp:attachment":[{"href":"https:\/\/www.europesays.com\/es\/wp-json\/wp\/v2\/media?parent=119808"}],"wp:term":[{"taxonomy":"category","embeddable":true,"href":"https:\/\/www.europesays.com\/es\/wp-json\/wp\/v2\/categories?post=119808"},{"taxonomy":"post_tag","embeddable":true,"href":"https:\/\/www.europesays.com\/es\/wp-json\/wp\/v2\/tags?post=119808"}],"curies":[{"name":"wp","href":"https:\/\/api.w.org\/{rel}","templated":true}]}}