{"id":119812,"date":"2025-09-17T00:27:09","date_gmt":"2025-09-17T00:27:09","guid":{"rendered":"https:\/\/www.europesays.com\/es\/119812\/"},"modified":"2025-09-17T00:27:09","modified_gmt":"2025-09-17T00:27:09","slug":"el-documental-la-hungara-toma-que-toma-mostrara-la-carrera-de-la-artista-que-sublimo-la-fusion-del-flamenco-con-otros-generos","status":"publish","type":"post","link":"https:\/\/www.europesays.com\/es\/119812\/","title":{"rendered":"El documental &#8216;La H\u00fangara. Toma que toma&#8217; mostrar\u00e1 la carrera de la artista que sublim\u00f3 la fusi\u00f3n del flamenco con otros g\u00e9neros"},"content":{"rendered":"<p class=\"c-paragraph\">Mediaset Infinity ha presentado hoy en el South International Series Festival La H\u00fangara. Toma que toma, documental que ofrece un recorrido por la trayectoria profesional y vital de Sonia Priego, conocida popularmente como La H\u00fangara, <b>una de las voces m\u00e1s representativas de la m\u00fasica espa\u00f1ola<\/b> de las \u00faltimas d\u00e9cadas.\u00a0<\/p>\n<p class=\"c-paragraph\">Producido por la plataforma digital de Mediaset Espa\u00f1a en colaboraci\u00f3n con Lyo Media, el documental consta de<b> tres episodios en los que participan numerosos artistas de nuestro pa\u00eds.<\/b> La primera entrega se estrenar\u00e1 en Mediaset Infinity el pr\u00f3ximo viernes 19 de septiembre.<\/p>\n<p class=\"c-paragraph\">La H\u00fangara. Toma que toma \u00abrepasa los grandes hitos de la carrera de la cantante\u00bb, entre los que destaca especialmente su colaboraci\u00f3n con\u00a0<a href=\"https:\/\/www.20minutos.es\/tags\/personas\/c-tangana.html\" title=\"C. Tangana\" rel=\"nofollow noopener\" target=\"_blank\">C. Tangana<\/a>\u00a0en\u00a0<b>T\u00fa me dejaste de querer<\/b><b>, un tema que supuso un punto de inflexi\u00f3n en su trayectoria<\/b> \u00abcatapult\u00e1ndola a lo m\u00e1s alto de las listas de \u00e9xitos\u00bb y que interpret\u00f3 junto al artista madrile\u00f1o en una<b>\u00a0<\/b>actuaci\u00f3n conjunta en los Latin Grammy.<\/p>\n<p class=\"c-paragraph\">Desde que se dio a conocer en 2001 con\u00a0su \u00e1lbum debut\u00a0A Camar\u00f3n, la cantante ecijana ha construido una carrera <b>\u00abmarcada por la autenticidad y la capacidad de emocionar\u00bb<\/b>, seg\u00fan destacan desde Mediaset. \u00c9xitos como\u00a0Me levant\u00e9\u00a0o\u00a0Lo voy a borrar\u00a0se convirtieron r\u00e1pidamente en himnos entre sus seguidores y la consolidaron como una de las voces m\u00e1s queridas de la escena.\u00a0<\/p>\n<p class=\"c-paragraph\">Su evoluci\u00f3n constante y su capacidad para\u00a0<b>fusionar el flamenco con otros g\u00e9neros\u00a0como el\u00a0pop<\/b>\u00a0y la rumba le han permitido conectar con varias generaciones y convertirse en un icono de la m\u00fasica nacional.<\/p>\n<p class=\"c-paragraph\">La H\u00fangara. Toma que toma cuenta<b> con testimonios de artistas como\u00a0C. Tangana,\u00a0Antonio Carmona\u00a0y\u00a0Dioni Mart\u00edn\u00a0<\/b>(Camela), as\u00ed como del\u00a0entorno m\u00e1s cercano de la cantante\u00a0y de figuras como\u00a0Francisco Carmona,\u00a0su productor de toda la vida.<\/p>\n","protected":false},"excerpt":{"rendered":"Mediaset Infinity ha presentado hoy en el South International Series Festival La H\u00fangara. Toma que toma, documental que&hellip;\n","protected":false},"author":2,"featured_media":119813,"comment_status":"","ping_status":"","sticky":false,"template":"","format":"standard","meta":{"footnotes":""},"categories":[169],"tags":[177,6084,146,147,25,24,176,39653,175,2074,23,4350],"class_list":{"0":"post-119812","1":"post","2":"type-post","3":"status-publish","4":"format-standard","5":"has-post-thumbnail","7":"category-cine","8":"tag-cine","9":"tag-documental","10":"tag-entertainment","11":"tag-entretenimiento","12":"tag-es","13":"tag-espana","14":"tag-film","15":"tag-hungara","16":"tag-movies","17":"tag-que","18":"tag-spain","19":"tag-toma"},"share_on_mastodon":{"url":"","error":""},"_links":{"self":[{"href":"https:\/\/www.europesays.com\/es\/wp-json\/wp\/v2\/posts\/119812","targetHints":{"allow":["GET"]}}],"collection":[{"href":"https:\/\/www.europesays.com\/es\/wp-json\/wp\/v2\/posts"}],"about":[{"href":"https:\/\/www.europesays.com\/es\/wp-json\/wp\/v2\/types\/post"}],"author":[{"embeddable":true,"href":"https:\/\/www.europesays.com\/es\/wp-json\/wp\/v2\/users\/2"}],"replies":[{"embeddable":true,"href":"https:\/\/www.europesays.com\/es\/wp-json\/wp\/v2\/comments?post=119812"}],"version-history":[{"count":0,"href":"https:\/\/www.europesays.com\/es\/wp-json\/wp\/v2\/posts\/119812\/revisions"}],"wp:featuredmedia":[{"embeddable":true,"href":"https:\/\/www.europesays.com\/es\/wp-json\/wp\/v2\/media\/119813"}],"wp:attachment":[{"href":"https:\/\/www.europesays.com\/es\/wp-json\/wp\/v2\/media?parent=119812"}],"wp:term":[{"taxonomy":"category","embeddable":true,"href":"https:\/\/www.europesays.com\/es\/wp-json\/wp\/v2\/categories?post=119812"},{"taxonomy":"post_tag","embeddable":true,"href":"https:\/\/www.europesays.com\/es\/wp-json\/wp\/v2\/tags?post=119812"}],"curies":[{"name":"wp","href":"https:\/\/api.w.org\/{rel}","templated":true}]}}