{"id":119816,"date":"2025-09-17T00:32:10","date_gmt":"2025-09-17T00:32:10","guid":{"rendered":"https:\/\/www.europesays.com\/es\/119816\/"},"modified":"2025-09-17T00:32:10","modified_gmt":"2025-09-17T00:32:10","slug":"pablo-isla-asume-la-presidencia-de-nestle-el-1-de-octubre-tras-la-salida-anticipada-de-paul-bulcke","status":"publish","type":"post","link":"https:\/\/www.europesays.com\/es\/119816\/","title":{"rendered":"Pablo Isla asume la presidencia de Nestl\u00e9 el 1 de octubre tras la salida anticipada de Paul Bulcke"},"content":{"rendered":"<p>Nestl\u00e9 ha anunciado este lunes un relevo clave en su c\u00fapula directiva. <strong>Paul Bulcke<\/strong>, actual presidente del Consejo de Administraci\u00f3n, ha decidido dejar el cargo antes de lo previsto, y ser\u00e1 reemplazado por <strong>Pablo Isla<\/strong> a partir del pr\u00f3ximo 1 de octubre. Isla, quien ya ejerc\u00eda como vicepresidente del consejo y presidente electo, asumir\u00e1 as\u00ed la presidencia del gigante suizo de la alimentaci\u00f3n.<\/p>\n<p>\u201cConf\u00edo plenamente en el nuevo liderazgo de Nestl\u00e9 y creo firmemente que esta gran compa\u00f1\u00eda est\u00e1 bien posicionada para el futuro\u201d, ha afirmado Bulcke en el comunicado oficial. \u201cEs el momento adecuado para dar un paso al lado y acelerar la transici\u00f3n prevista, permitiendo a Pablo y a Philipp avanzar en la estrategia de Nestl\u00e9 con una nueva perspectiva\u201d.<\/p>\n<p>Isla ha agradecido el legado de su predecesor, destacando su \u201cliderazgo y dedicaci\u00f3n inquebrantable\u201d a la compa\u00f1\u00eda. \u201cLa sabidur\u00eda y el compromiso de Paul han moldeado la empresa y han sentado las bases para nuestro pr\u00f3ximo cap\u00edtulo\u201d, ha a\u00f1adido. En reconocimiento a su trayectoria, el Consejo de Administraci\u00f3n ha nombrado a Paul Bulcke presidente honorario de Nestl\u00e9. <\/p>\n<p>El cambio en la presidencia llega acompa\u00f1ado de otros movimientos en la estructura del consejo. <strong>Dick Boer<\/strong> ser\u00e1 a partir del 1 de octubre vicepresidente del consejo y lead independent director, mientras que Marie-Gabrielle Ineichen-Fleisch tambi\u00e9n ha sido nombrada vicepresidenta del consejo.<\/p>\n<p>Pablo Isla, conocido por su etapa como presidente ejecutivo de Inditex, asume ahora el liderazgo institucional de una de las compa\u00f1\u00edas m\u00e1s influyentes del sector alimentario a nivel global.<\/p>\n<p><img loading=\"lazy\" decoding=\"async\" width=\"1200\" height=\"675\" src=\"data:image\/svg+xml,%3Csvg%20xmlns=\" http:=\"\" alt=\"\" class=\"wp-image-742409\" data-lazy- data-lazy- data-lazy-src=\"https:\/\/www.europesays.com\/es\/wp-content\/uploads\/2025\/09\/CEODecada_PabloIslaNewslet-1200x675.jpg\"\/>Pablo Isla, nombrado por Forbes Espa\u00f1a \u2018CEO de la d\u00e9cada\u2019, en la portada del n\u00famero de febrero de 2020.<\/p>\n","protected":false},"excerpt":{"rendered":"Nestl\u00e9 ha anunciado este lunes un relevo clave en su c\u00fapula directiva. Paul Bulcke, actual presidente del Consejo&hellip;\n","protected":false},"author":2,"featured_media":119817,"comment_status":"","ping_status":"","sticky":false,"template":"","format":"standard","meta":{"footnotes":""},"categories":[80],"tags":[82,95,94,25,24,27477,32140,23],"class_list":{"0":"post-119816","1":"post","2":"type-post","3":"status-publish","4":"format-standard","5":"has-post-thumbnail","7":"category-economia","8":"tag-business","9":"tag-economia","10":"tag-economy","11":"tag-es","12":"tag-espana","13":"tag-nestle","14":"tag-pablo-isla","15":"tag-spain"},"share_on_mastodon":{"url":"","error":""},"_links":{"self":[{"href":"https:\/\/www.europesays.com\/es\/wp-json\/wp\/v2\/posts\/119816","targetHints":{"allow":["GET"]}}],"collection":[{"href":"https:\/\/www.europesays.com\/es\/wp-json\/wp\/v2\/posts"}],"about":[{"href":"https:\/\/www.europesays.com\/es\/wp-json\/wp\/v2\/types\/post"}],"author":[{"embeddable":true,"href":"https:\/\/www.europesays.com\/es\/wp-json\/wp\/v2\/users\/2"}],"replies":[{"embeddable":true,"href":"https:\/\/www.europesays.com\/es\/wp-json\/wp\/v2\/comments?post=119816"}],"version-history":[{"count":0,"href":"https:\/\/www.europesays.com\/es\/wp-json\/wp\/v2\/posts\/119816\/revisions"}],"wp:featuredmedia":[{"embeddable":true,"href":"https:\/\/www.europesays.com\/es\/wp-json\/wp\/v2\/media\/119817"}],"wp:attachment":[{"href":"https:\/\/www.europesays.com\/es\/wp-json\/wp\/v2\/media?parent=119816"}],"wp:term":[{"taxonomy":"category","embeddable":true,"href":"https:\/\/www.europesays.com\/es\/wp-json\/wp\/v2\/categories?post=119816"},{"taxonomy":"post_tag","embeddable":true,"href":"https:\/\/www.europesays.com\/es\/wp-json\/wp\/v2\/tags?post=119816"}],"curies":[{"name":"wp","href":"https:\/\/api.w.org\/{rel}","templated":true}]}}