{"id":119818,"date":"2025-09-17T00:33:09","date_gmt":"2025-09-17T00:33:09","guid":{"rendered":"https:\/\/www.europesays.com\/es\/119818\/"},"modified":"2025-09-17T00:33:09","modified_gmt":"2025-09-17T00:33:09","slug":"pediran-pena-de-muerte-para-el-sospechoso-de-asesinar-a-charlie-kirk-en-eeuu","status":"publish","type":"post","link":"https:\/\/www.europesays.com\/es\/119818\/","title":{"rendered":"Pedir\u00e1n pena de muerte para el sospechoso de asesinar a Charlie Kirk en EEUU"},"content":{"rendered":"<p>    <img src=\"https:\/\/www.europesays.com\/es\/wp-content\/uploads\/2025\/09\/2025-09-16T173A123A46Z-90015248.jpg\" width=\"1024\" height=\"585\" alt=\"\" loading=\"eager\" decoding=\"sync\" fetchpriority=\"high\"\/><\/p>\n<p>            afp_tickers        <\/p>\n<p>        Este contenido fue publicado en    <\/p>\n<p>        17 septiembre 2025 &#8211; 01:11\n<\/p>\n<p>Tyler Robinson, sospechoso de asesinar al activista de derecha estadounidense Charlie Kirk, compareci\u00f3 por primera vez ante la justicia este martes, cuando fue acusado de homicidio agravado, cargo que podr\u00eda rendirle la pena de muerte.<\/p>\n<p>Kirk, de 31 a\u00f1os y un cercano aliado al presidente Donald Trump, muri\u00f3 baleado el 10 de septiembre durante un evento en una universidad de Utah. Era el fundador del grupo pol\u00edtico juvenil conservador Turning Point USA.<\/p>\n<p>Seg\u00fan las autoridades, Robinson, de 22 a\u00f1os, utiliz\u00f3 un rifle con mira telesc\u00f3pica para matar a Kirk de un tiro en el cuello desde un tejado. Fue arrestado cuando se entreg\u00f3 a las autoridades, despu\u00e9s de 33 horas de persecuci\u00f3n.<\/p>\n<p>Robinson, quien este martes fue acusado de siete cargos, incluyendo el de homicidio agravado, compareci\u00f3 a su primera audiencia judicial que transcurri\u00f3 de forma virtual.\u00a0<\/p>\n<p>Desde la c\u00e1rcel del condado de Utah, donde permanece sin derecho a fianza, el joven apareci\u00f3 en c\u00e1mara con un chaleco verde anti-suicidio, y luciendo una incipiente barba.\u00a0<\/p>\n<p>Observ\u00f3 pr\u00e1cticamente inm\u00f3vil todo el procedimiento que se extendi\u00f3 por casi quince minutos, apenas asintiendo levemente cuando el juez Tony Graf se dirig\u00eda a \u00e9l.<\/p>\n<p>Graf anunci\u00f3 que la pr\u00f3xima audiencia del caso ser\u00e1 el 29 de septiembre, tambi\u00e9n virtual, y que le asignar\u00e1 un abogado a Robinson, quien no tiene representaci\u00f3n legal.<\/p>\n<p>\u2013 \u00abOfensa capital\u00bb \u2013<\/p>\n<p>M\u00e1s temprano, la Fiscal\u00eda oficializ\u00f3 su acusaci\u00f3n con siete cargos contra Robinson, incluyendo homicidio agravado.\u00a0<\/p>\n<p>\u00ab(Es) una ofensa capital, por saber intencionalmente que causar\u00eda la muerte de Charlie Kirk bajo circunstancias que causaron un gran riesgo de muerte a otros\u00bb, dijo en rueda de prensa el fiscal Jeff Gray.<\/p>\n<p>Gray adem\u00e1s notific\u00f3 que su despach\u00f3 perseguir\u00e1 la pena de muerte como castigo, caso Robinson sea hallado culpable.<\/p>\n<p>\u00abNo tomo esta decisi\u00f3n de forma ligera, y es una decisi\u00f3n que tom\u00e9 de forma independiente como fiscal del condado, basado apenas en la evidencia disponible y en las circunstancias y naturaleza del crimen\u00bb, a\u00f1adi\u00f3.<\/p>\n<p>El fiscal precis\u00f3 que encontraron ADN en el gatillo del arma recuperada por las autoridades, adem\u00e1s de evidencia proporcionada por el compa\u00f1ero de apartamento de Robinson, quien colabora con la justicia.\u00a0<\/p>\n<p>El compa\u00f1ero de apartamento inform\u00f3 a los investigadores que Robinson le dijo en un intercambio de mensajes que habr\u00eda dejado un mensaje debajo de su teclado en el que denotaba su intenci\u00f3n de asesinar al activista, dijo Gray.<\/p>\n<p>\u00abTengo la oportunidad de eliminar a Charlie Kirk, y la voy a tomar\u00bb, reza la nota, de acuerdo con el fiscal.\u00a0<\/p>\n<p>La persona refiri\u00f3 adem\u00e1s que Robinson le habr\u00eda confesado el crimen en la misma conversaci\u00f3n.<\/p>\n<p>\u00ab\u00bfPor qu\u00e9 lo hice?\u00bb, dijo el fiscal Gray citando los mensajes de Robinson. \u00abEstaba harto de su odio (refiri\u00e9ndose a Charlie Kirk). Hay odio que no puede negociarse\u00bb.\u00a0<\/p>\n<p>Robinson se entreg\u00f3 la noche del jueves a las autoridades gracias a la mediaci\u00f3n de su familia.\u00a0<\/p>\n<p>Kirk, casado con Erika Kirk y padre de dos ni\u00f1os, utilizaba habitualmente TikTok, Instagram y YouTube para difundir sus puntos de vista conservadores, incluidas duras cr\u00edticas al movimiento por los derechos transg\u00e9nero.<\/p>\n<p>Tambi\u00e9n difund\u00eda fragmentos de sus interacciones en debates durante sus numerosos eventos universitarios.<\/p>\n<p>El director del FBI, Kash Patel, ha sido severamente criticado por su gesti\u00f3n tras el crimen, inclusive por anunciar demasiado r\u00e1pido la captura de otro sospechoso que fue liberado dos horas despu\u00e9s.<\/p>\n<p>La Casa Blanca dijo el lunes que perseguir\u00e1 un supuesto \u00abmovimiento terrorista dom\u00e9stico\u00bb de izquierda tras el asesinato del influencer, lo que despert\u00f3 preocupaciones de que pueda ser utilizado para silenciar a opositores pol\u00edticos.<\/p>\n<p>aha\/bgs\/val\/pr\/mr\/mel<\/p>\n","protected":false},"excerpt":{"rendered":"afp_tickers Este contenido fue publicado en 17 septiembre 2025 &#8211; 01:11 Tyler Robinson, sospechoso de asesinar al activista&hellip;\n","protected":false},"author":2,"featured_media":119819,"comment_status":"","ping_status":"","sticky":false,"template":"","format":"standard","meta":{"footnotes":""},"categories":[42],"tags":[17,18,13,14,11,61,62,63,64,19,20,7657,9,10,15,16,90,12,21,22,65,66,67],"class_list":{"0":"post-119818","1":"post","2":"type-post","3":"status-publish","4":"format-standard","5":"has-post-thumbnail","7":"category-internacional","8":"tag-breaking-news","9":"tag-breakingnews","10":"tag-featured-news","11":"tag-featurednews","12":"tag-headlines","13":"tag-internacional","14":"tag-international","15":"tag-international-news","16":"tag-internationalnews","17":"tag-latest-news","18":"tag-latestnews","19":"tag-law-and-order","20":"tag-news","21":"tag-noticias","22":"tag-noticias-destacadas","23":"tag-noticiasdestacadas","24":"tag-ticker","25":"tag-titulares","26":"tag-ultimas-noticias","27":"tag-ultimasnoticias","28":"tag-world","29":"tag-world-news","30":"tag-worldnews"},"share_on_mastodon":{"url":"","error":""},"_links":{"self":[{"href":"https:\/\/www.europesays.com\/es\/wp-json\/wp\/v2\/posts\/119818","targetHints":{"allow":["GET"]}}],"collection":[{"href":"https:\/\/www.europesays.com\/es\/wp-json\/wp\/v2\/posts"}],"about":[{"href":"https:\/\/www.europesays.com\/es\/wp-json\/wp\/v2\/types\/post"}],"author":[{"embeddable":true,"href":"https:\/\/www.europesays.com\/es\/wp-json\/wp\/v2\/users\/2"}],"replies":[{"embeddable":true,"href":"https:\/\/www.europesays.com\/es\/wp-json\/wp\/v2\/comments?post=119818"}],"version-history":[{"count":0,"href":"https:\/\/www.europesays.com\/es\/wp-json\/wp\/v2\/posts\/119818\/revisions"}],"wp:featuredmedia":[{"embeddable":true,"href":"https:\/\/www.europesays.com\/es\/wp-json\/wp\/v2\/media\/119819"}],"wp:attachment":[{"href":"https:\/\/www.europesays.com\/es\/wp-json\/wp\/v2\/media?parent=119818"}],"wp:term":[{"taxonomy":"category","embeddable":true,"href":"https:\/\/www.europesays.com\/es\/wp-json\/wp\/v2\/categories?post=119818"},{"taxonomy":"post_tag","embeddable":true,"href":"https:\/\/www.europesays.com\/es\/wp-json\/wp\/v2\/tags?post=119818"}],"curies":[{"name":"wp","href":"https:\/\/api.w.org\/{rel}","templated":true}]}}