{"id":119824,"date":"2025-09-17T00:37:05","date_gmt":"2025-09-17T00:37:05","guid":{"rendered":"https:\/\/www.europesays.com\/es\/119824\/"},"modified":"2025-09-17T00:37:05","modified_gmt":"2025-09-17T00:37:05","slug":"balonmano-mislata-estreno-la-nueva-temporada-con-una-clara-victoria-ante-castellon-2","status":"publish","type":"post","link":"https:\/\/www.europesays.com\/es\/119824\/","title":{"rendered":"Balonmano Mislata estren\u00f3 la nueva temporada con una clara victoria ante Castell\u00f3n"},"content":{"rendered":"<p class=\"ft-text ft-helper-align-justify\">La temporada 2025\/2026 de la <strong>Primera Divisi\u00f3n Nacional masculina de balonmano<\/strong> dio comienzo y tuvo uno de sus primeros partidos en el Pabell\u00f3n La Canaleta. All\u00ed, el <a class=\"ft-link ft-link--decoration\" href=\"https:\/\/www.superdeporte.es\/tags\/club-balonmano-mislata\/\" target=\"_blank\" rel=\"nofollow noopener\"><strong>Club Balonmano Mislata<\/strong><\/a><a class=\"ft-link ft-link--decoration\" href=\"https:\/\/www.superdeporte.es\/tags\/club-balonmano-mislata\/\" target=\"_blank\" rel=\"nofollow noopener\"> <\/a><strong>comenz\u00f3 con buen pie su andadura en la categor\u00eda y super\u00f3 por 32-22 al <\/strong><a class=\"ft-link ft-link--decoration\" href=\"https:\/\/www.facebook.com\/balonmano.castellon\/?locale=es_ES\" rel=\"nofollow noopener\" target=\"_blank\"><strong>Balonmano Castell\u00f3n<\/strong><\/a> en el marco del<a class=\"ft-link ft-link--decoration\" href=\"https:\/\/resultadosbalonmano.isquad.es\/competicion.php?id_superficie=1&amp;seleccion=0&amp;id_categoria=2526&amp;id_competicion=209266&amp;id=1031245&amp;id_temp=2526&amp;id_territorial=9999&amp;id_ambito=1\" rel=\"nofollow noopener\" target=\"_blank\"><strong> Grupo E de la Divisi\u00f3n<\/strong><\/a>.<\/p>\n<p class=\"ft-text\"><strong>Consulta los <\/strong><a class=\"ft-link ft-link--decoration\" href=\"https:\/\/resultadosbalonmano.isquad.es\/competicion.php?id_superficie=1&amp;seleccion=0&amp;id_categoria=2526&amp;id_competicion=209266&amp;id=1031245&amp;id_temp=2526&amp;id_territorial=9999&amp;id_ambito=1\" rel=\"nofollow noopener\" target=\"_blank\"><strong>resultados de TODOS LOS EQUIPOS DE LA COMUNITAT VALENCIANA en esta 1\u00aa Nacional<\/strong><\/a><strong>.<\/strong><\/p>\n<p>La cr\u00f3nica<\/p>\n<p class=\"ft-text ft-helper-align-justify\">El <strong>primer tiempo transcurri\u00f3 con una paridad<\/strong>, en gran parte, producto de la falta de ritmo de ambos conjuntos al estar a inicios de la temporada. <strong>Rodrigo Navarro Le\u00f3n marcaba los tiempos de la visita, mientras que Hugo Herraiz (anot\u00f3 4 goles) y el debutante argentino Tom\u00e1s de San Roque (3) lo hac\u00edan para el due\u00f1o de casa, <\/strong>que adem\u00e1s contaba con los cl\u00e1sicos goles de <strong>Alberto Hern\u00e1ndez Bel (6)<\/strong>. La igualdad qued\u00f3 grabada con un marcador de <strong>12-11 al descanso.<\/strong><\/p>\n<p class=\"ft-text ft-helper-align-justify\">La segunda mitad fue toda del equipo valenciano. <strong>Jorge Ferrer,<\/strong> que volvi\u00f3 al club, <strong>se agrand\u00f3 en la porter\u00eda y explot\u00f3 el zurdo Sa\u00fal Miralles (7 goles).<\/strong> Adem\u00e1s, el local cont\u00f3 con buenas tareas de otros dos debutantes: el tambi\u00e9n argentino S<strong>antino Boado (3) y Alexandru Herghiligiu<\/strong>. A los 10 minutos del complemento, el Balonmano Mislata logr\u00f3 un parcial de 4-0, que comenz\u00f3 a decantar el resultado en su favor. A<strong>l final, fue victoria para los dirigidos por Jorge Fern\u00e1ndez y Mauro Longarini por 32-22.<\/strong><\/p>\n<p class=\"ft-text ft-helper-align-justify\">Con este resultado, el Balonmano Mislata da inicio a una nueva temporada de la mejor manera, a pesar de contar con varias bajas por lesi\u00f3n. L<strong>a pr\u00f3xima semana, los de Valencia visitar\u00e1n al <\/strong><a class=\"ft-link ft-link--decoration\" href=\"http:\/\/facebook.com\/balonmanopetrer\/?locale=es_ES\" rel=\"nofollow noopener\" target=\"_blank\"><strong>Balonmano Petrer<\/strong><\/a><strong>, que en la jornada inaugural dieron cuenta de Puerto de Sagunto B como visitantes.<\/strong><\/p>\n","protected":false},"excerpt":{"rendered":"La temporada 2025\/2026 de la Primera Divisi\u00f3n Nacional masculina de balonmano dio comienzo y tuvo uno de sus&hellip;\n","protected":false},"author":2,"featured_media":119825,"comment_status":"","ping_status":"","sticky":false,"template":"","format":"standard","meta":{"footnotes":""},"categories":[278],"tags":[376,39657,168,25,24,1055,375,27851,795,39656,23,167,1152],"class_list":{"0":"post-119824","1":"post","2":"type-post","3":"status-publish","4":"format-standard","5":"has-post-thumbnail","7":"category-balonmano","8":"tag-balonmano","9":"tag-club-balonmano-mislata","10":"tag-deportes","11":"tag-es","12":"tag-espana","13":"tag-estreno","14":"tag-handball","15":"tag-mislata","16":"tag-nueva","17":"tag-on-una-clara-victoria-ante-castellon","18":"tag-spain","19":"tag-sports","20":"tag-temporada"},"share_on_mastodon":{"url":"","error":""},"_links":{"self":[{"href":"https:\/\/www.europesays.com\/es\/wp-json\/wp\/v2\/posts\/119824","targetHints":{"allow":["GET"]}}],"collection":[{"href":"https:\/\/www.europesays.com\/es\/wp-json\/wp\/v2\/posts"}],"about":[{"href":"https:\/\/www.europesays.com\/es\/wp-json\/wp\/v2\/types\/post"}],"author":[{"embeddable":true,"href":"https:\/\/www.europesays.com\/es\/wp-json\/wp\/v2\/users\/2"}],"replies":[{"embeddable":true,"href":"https:\/\/www.europesays.com\/es\/wp-json\/wp\/v2\/comments?post=119824"}],"version-history":[{"count":0,"href":"https:\/\/www.europesays.com\/es\/wp-json\/wp\/v2\/posts\/119824\/revisions"}],"wp:featuredmedia":[{"embeddable":true,"href":"https:\/\/www.europesays.com\/es\/wp-json\/wp\/v2\/media\/119825"}],"wp:attachment":[{"href":"https:\/\/www.europesays.com\/es\/wp-json\/wp\/v2\/media?parent=119824"}],"wp:term":[{"taxonomy":"category","embeddable":true,"href":"https:\/\/www.europesays.com\/es\/wp-json\/wp\/v2\/categories?post=119824"},{"taxonomy":"post_tag","embeddable":true,"href":"https:\/\/www.europesays.com\/es\/wp-json\/wp\/v2\/tags?post=119824"}],"curies":[{"name":"wp","href":"https:\/\/api.w.org\/{rel}","templated":true}]}}