{"id":119826,"date":"2025-09-17T00:38:12","date_gmt":"2025-09-17T00:38:12","guid":{"rendered":"https:\/\/www.europesays.com\/es\/119826\/"},"modified":"2025-09-17T00:38:12","modified_gmt":"2025-09-17T00:38:12","slug":"asi-es-la-frenetica-actividad-de-la-enfermeria-taurina-en-septiembre","status":"publish","type":"post","link":"https:\/\/www.europesays.com\/es\/119826\/","title":{"rendered":"as\u00ed es la fren\u00e9tica actividad de la enfermer\u00eda taurina en septiembre"},"content":{"rendered":"<p>La temporada no da tregua, y el precio que pagan los hombres del toro sigue dejando im\u00e1genes que estremecen. As\u00ed, las noticias de los toreros heridos en la arena se intercalan con las de otros que se recuperan y vuelven a la actividad. Entre estas \u00faltimas se destacada la del novillero <strong data-start=\"1079\" data-end=\"1094\">Jo\u00e3o d\u2019Alva, qui\u00e9n<\/strong> ya est\u00e1 en casa. El joven espada portugu\u00e9s ha sido dado de alta tras la grav\u00edsima cornada sufrida el pasado 10 de septiembre en Villaseca de la Sagra, donde un novillo de \u00abCuadri\u00bb le propin\u00f3 una herida de dos trayectorias, con 10 cm de profundidad y 20 cm de extensi\u00f3n, que presentaba orificio de entrada y salida. Pero eso no fue todo.<b> Un TAC posterior revel\u00f3 una fractura en la v\u00e9rtebra L2 de la zona lumbar, lo que alarga y complica a\u00fan m\u00e1s su proceso de recuperaci\u00f3n.<\/b><\/p>\n<p>La rehabilitaci\u00f3n ser\u00e1 larga, pero su entorno habla de optimismo y temple. La dureza de la cornada y la implicaci\u00f3n de la columna vertebral colocan su regreso en un horizonte a\u00fan incierto, aunque ya ha comenzado los primeros pasos de la recuperaci\u00f3n en su domicilio.<\/p>\n<p>Por su parte, <a title=\"Gonzalo Capdevilla\" href=\"https:\/\/www.larazon.es\/cultura\/toros\/brutal-cogida-capdevila-frena-reaparicion-dos-semanas_2025091068c122027dd380649b2022f1.html\" target=\"_blank\" rel=\"nofollow noopener\">Gonzalo Capdevilla<\/a>, otro novillero que tambi\u00e9n conoci\u00f3 el precio del toreo en carne propia recientemente, sigue dando pasos acelerados hacia su reaparici\u00f3n. Sin detenerse, ha intensificado su preparaci\u00f3n f\u00edsica con vistas a retomar cuanto antes el pulso a los ruedos. Su nombre suena con fuerza entre los novilleros con proyecci\u00f3n, y su determinaci\u00f3n para volver lo confirma.<\/p>\n<p>De quien tampoco tenemos noticias de la fecha de su reaparici\u00f3n, tras la baja causada este lunes en Albacete, es de <a title=\"Fernando Adri\u00e1n\" href=\"https:\/\/www.larazon.es\/cultura\/toros\/fernando-adrian-victor-hernandez-desafian-dominio-figuras-guadalajara_20250718687a0d313c6d9a1f947f45ae.html\" target=\"_blank\" rel=\"nofollow noopener\">Fernando Adri\u00e1n<\/a> ha tenido que afrontar tambi\u00e9n un proceso doloroso. El madrile\u00f1o sufri\u00f3 en Tovar (Venezuela) una cogida fuerte que oblig\u00f3 a realizarle diversas pruebas m\u00e9dicas al regresar a Espa\u00f1a, donde se puso en manos del doctor Rom\u00e1n Garc\u00eda Sorando y del especialista en rehabilitaci\u00f3n Juan Carlos Ciriza.<b> El diagn\u00f3stico: fractura sin desplazamiento de la ap\u00f3fisis espinosa C7, una hernia discal entre T7 y T8, y un traumatismo craneal.<\/b><a title=\"Adri\u00e1n\" href=\"https:\/\/www.larazon.es\/cultura\/toros\/fernando-adrian-victor-hernandez-desafian-dominio-figuras-guadalajara_20250718687a0d313c6d9a1f947f45ae.html\" target=\"_blank\" rel=\"nofollow noopener\">Adri\u00e1n<\/a>, adem\u00e1s, arrastraba ya las secuelas del percance sufrido en Alcal\u00e1 de Henares el 31 de agosto, pero a\u00fan as\u00ed viaj\u00f3 a Venezuela, donde firm\u00f3 una gran tarde en la que cort\u00f3 tres orejas y fue declarado triunfador de la feria.<\/p>\n<p>La cogida m\u00e1s reciente, sin embargo, lleva el nombre de <strong data-start=\"2288\" data-end=\"2309\">Jos\u00e9 Luis Trivi\u00f1o<\/strong>, un banderillero veterano, de la cuadrilla de Morenito de Aranda, que fue prendido ayer de forma brutal en Fuenlabrada mientras sal\u00eda de un par de banderillas. <b>El pit\u00f3n del toro de Jos\u00e9 Escolar gir\u00f3 en su muslo derecho, dejando una escena angustiosa, una hemorragia profusa y una carrera dram\u00e1tica hacia la ambulancia.<\/b><\/p>\n<p>Fue operado de urgencia en el Hospital de Fuenlabrada. Seg\u00fan el entorno del torero burgal\u00e9s, la cornada fue extensa y profunda, alcanzando el hueso, aunque, afortunadamente, sin afectar vasos ni \u00f3rganos vitales. Todo qued\u00f3 en tejido muscular. Trivi\u00f1o pas\u00f3 la noche con las molestias propias de una lesi\u00f3n de tal gravedad y el camino de la recuperaci\u00f3n tambi\u00e9n ser\u00e1 largo y exigente.<\/p>\n","protected":false},"excerpt":{"rendered":"La temporada no da tregua, y el precio que pagan los hombres del toro sigue dejando im\u00e1genes que&hellip;\n","protected":false},"author":2,"featured_media":119827,"comment_status":"","ping_status":"","sticky":false,"template":"","format":"standard","meta":{"footnotes":""},"categories":[277],"tags":[373,168,25,24,23,167,374],"class_list":{"0":"post-119826","1":"post","2":"type-post","3":"status-publish","4":"format-standard","5":"has-post-thumbnail","7":"category-toreo","8":"tag-bullfighting","9":"tag-deportes","10":"tag-es","11":"tag-espana","12":"tag-spain","13":"tag-sports","14":"tag-toreo"},"share_on_mastodon":{"url":"","error":""},"_links":{"self":[{"href":"https:\/\/www.europesays.com\/es\/wp-json\/wp\/v2\/posts\/119826","targetHints":{"allow":["GET"]}}],"collection":[{"href":"https:\/\/www.europesays.com\/es\/wp-json\/wp\/v2\/posts"}],"about":[{"href":"https:\/\/www.europesays.com\/es\/wp-json\/wp\/v2\/types\/post"}],"author":[{"embeddable":true,"href":"https:\/\/www.europesays.com\/es\/wp-json\/wp\/v2\/users\/2"}],"replies":[{"embeddable":true,"href":"https:\/\/www.europesays.com\/es\/wp-json\/wp\/v2\/comments?post=119826"}],"version-history":[{"count":0,"href":"https:\/\/www.europesays.com\/es\/wp-json\/wp\/v2\/posts\/119826\/revisions"}],"wp:featuredmedia":[{"embeddable":true,"href":"https:\/\/www.europesays.com\/es\/wp-json\/wp\/v2\/media\/119827"}],"wp:attachment":[{"href":"https:\/\/www.europesays.com\/es\/wp-json\/wp\/v2\/media?parent=119826"}],"wp:term":[{"taxonomy":"category","embeddable":true,"href":"https:\/\/www.europesays.com\/es\/wp-json\/wp\/v2\/categories?post=119826"},{"taxonomy":"post_tag","embeddable":true,"href":"https:\/\/www.europesays.com\/es\/wp-json\/wp\/v2\/tags?post=119826"}],"curies":[{"name":"wp","href":"https:\/\/api.w.org\/{rel}","templated":true}]}}