{"id":119842,"date":"2025-09-17T00:57:10","date_gmt":"2025-09-17T00:57:10","guid":{"rendered":"https:\/\/www.europesays.com\/es\/119842\/"},"modified":"2025-09-17T00:57:10","modified_gmt":"2025-09-17T00:57:10","slug":"milei-ante-su-riesgo-mas-temido-aburrir","status":"publish","type":"post","link":"https:\/\/www.europesays.com\/es\/119842\/","title":{"rendered":"Milei, ante su riesgo m\u00e1s temido: aburrir"},"content":{"rendered":"<p>Quien haya visto la cadena nacional con la que Javier Milei anunci\u00f3 el env\u00edo del\u00a0Presupuesto 2026, no hubiera necesitado reparar en el fondo de los anuncios para advertir r\u00e1pidamente la escenificaci\u00f3n de un cambio del estilo, con el que el presidente hab\u00eda alimentado una autopercepci\u00f3n de invencibilidad hasta la elecci\u00f3n bonaerense del 7 de septiembre. Milei capitul\u00f3 en toda la l\u00ednea con un discurso que no hubiera tenido la necesidad de hacer de no estar emocionalmente secuestrado por su hermana y su primer anillo, que le generaron un da\u00f1o del que a\u00fan no pudo salir desde aquella sesi\u00f3n del jueves 1o de julio, producto de un mal cierre con un grupo de gobernadores. En este sentido, es sencillo destacar las visibles falencias sist\u00e9micas que tiene Karina Milei. No es menos cierto recordar que, con esas limitaciones, fue el espacio que le gan\u00f3 la elecci\u00f3n al peronismo y al PRO. La humildad suele ser un buen predictor para no repetir errores.<\/p>\n<p>La idea de que \u201clo peor ya pas\u00f3\u201d parece dif\u00edcilmente compatible con el pron\u00f3stico previo sobre una recuperaci\u00f3n vigorosa gracias a una econom\u00eda que crec\u00eda como \u201cpedo de buzo\u201d y hab\u00eda sacado a \u201cdoce millones de personas\u201d de la pobreza. El tono sobrio, la explicitaci\u00f3n del mensaje impl\u00edcito en el nombramiento de Lisandro Catal\u00e1n y la rejerarquizaci\u00f3n del Ministerio del Interior en cuanto al di\u00e1logo pol\u00edtico son un contraste con un cierre de las listas donde el Gobierno se cre\u00eda en condiciones de plantear requisitos humillantes \u2013que logr\u00f3, incluso con algunas adhesiones que, de Mauricio Macri a gobernadores como Rogelio Frigerio o Alfredo Cornejo, seguramente lamenten a la luz de los resultados bonaerenses a\u00fan cuando se prev\u00e9 un triunfo oficialista en esas provincias.<\/p>\n<p>Si te gusta <strong>Off the record<\/strong> pod\u00e9s suscribirte y recibirlo en tu casilla los martes.<\/p>\n<p>El terremoto electoral hizo evidentes los problemas del esquema econ\u00f3mico que, sin embargo, llevaban meses construy\u00e9ndose y acumul\u00e1ndose. El valor del d\u00f3lar artificialmente bajo, con su impacto sobre la competitividad, la no acumulaci\u00f3n de reservas y los problemas obvios de sostenibilidad que acarrea \u2013se\u00f1alados como el tal\u00f3n de Aquiles del esquema oficial incluso en sus momentos m\u00e1s luminosos\u2013 lleva meses en crisis. Bast\u00f3 apenas una se\u00f1al errada \u2013en este caso, el desarme de las LEFI dirigidas a los bancos\u2013 para reavivar las presiones sobre el valor del d\u00f3lar que convert\u00eda a la Argentina en el pa\u00eds m\u00e1s caro de la regi\u00f3n: aquel \u201ccompr\u00e1, campe\u00f3n\u201d de comienzos de julio termin\u00f3 siendo el reflejo prof\u00e9tico de una euforia que no reflejaba la fortaleza de la moneda argentina.\u00a0<\/p>\n<p>Hay un episodio simb\u00f3lico de aquel momento. El equipo econ\u00f3mico en pleno resaltando las virtudes del esquema cambiario frente a quienes se\u00f1alaban las inconsistencias en el canal de streaming Neura. Una performance en la que todos gritaban que el d\u00f3lar \u201cflota\u201d, desafiando a los agoreros a testear el mercado. Dos integrantes del equipo econ\u00f3mico, Federico Furiase y Mart\u00edn Vauthier, no se sumaron a la euforia y permanecieron en silencio, de brazos cruzados. Casualidad o no, se trata de los \u00fanicos integrantes cuyos antecedentes no son las mesas de dinero. Provienen del estudio Bein, donde trabajaron durante a\u00f1os bajo la tutela de Marina Dal Poggetto. No los exime de la foto pat\u00e9tica que llev\u00f3 el equipo econ\u00f3mico de la soberbia al temblor, pero era visible \u2013y posiblemente anticipatoria\u2013 la incomodidad del momento.<\/p>\n<p>La llegada de los d\u00f3lares del FMI y el establecimiento del esquema de bandas con salida del cepo \u2013coincidente con los momentos de mayor liquidaci\u00f3n del agro\u2013 fue apenas una curita temporaria para disimular una hemorragia persistente que pon\u00eda en jaque la recuperaci\u00f3n ya a comienzos de a\u00f1o, cuando el principal problema de corrupci\u00f3n en agenda era una criptomoneda de tono turbio. Aquel mes de bonanza circunstancial le permiti\u00f3 al gobierno ganar las elecciones en la Ciudad de Buenos Aires con un candidato que no quer\u00eda serlo y una campa\u00f1a breve aunque intensa, que emparent\u00f3 a Manuel Adorni con Milei.<\/p>\n<p><strong>Cenital no es gratis: lo banca su audiencia. Y ahora te toca a vos.<\/strong>\u00a0En Cenital entendemos al periodismo como un servicio p\u00fablico. Por eso nuestras notas siempre estar\u00e1n accesibles para todos. Pero investigar es caro y la parte m\u00e1s ardua del trabajo period\u00edstico no se ve. Por eso le pedimos a quienes puedan que se sumen a nuestro c\u00edrculo de Mejores amigos y nos permitan seguir creciendo. Si te gusta lo que hacemos, sumate vos tambi\u00e9n.<\/p>\n<p><a href=\"https:\/\/cenital.com\/sumate\/\" data-message=\"msg-cenital-no-es-gratis\" class=\"cta-button button button--yellow\" rel=\"nofollow noopener\" target=\"_blank\">Sumate<\/a><\/p>\n<p>La sustancia del breve discurso presidencial, a\u00fan con la insistencia en el super\u00e1vit fiscal como ancla del esquema econ\u00f3mico, supone m\u00e1s que una novedad, una admisi\u00f3n. La posibilidad de un aumento en el gasto en jubilaciones \u2013uno de los rubros cuya ca\u00edda real explica la magnitud del ajuste\u2013, pero sobre todo la asignaci\u00f3n de un presupuesto para las universidades nacionales, el anuncio de incrementos reales del 17% en salud, 8% en educaci\u00f3n, 5% las asignaciones por discapacidad y hasta un esquema un tanto opaco para retomar la obra p\u00fablica explicitan el reconocimiento de los obvios efectos reales del ajuste que el presidente caracterizaba como limitado a \u201cla pol\u00edtica\u201d.\u00a0<\/p>\n<p>El resultado electoral es indivisible de los efectos recesivos de esa mirada econ\u00f3mica que comenz\u00f3 a estancarse el primer trimestre y muestra una ca\u00edda en los ingresos durante el segundo. Un fen\u00f3meno que se hizo evidente a partir del final de mayo, no casualmente tras las elecciones porte\u00f1as, cuando terminaron de disiparse definitivamente los efectos expansivos de la desinflaci\u00f3n que comenz\u00f3 a mediados del a\u00f1o pasado y que hab\u00eda motivado una recuperaci\u00f3n de los salarios y una mejora de los indicadores de pobreza que duraron mientras la inercia salarial super\u00f3 a la inercia desinflacionaria.<\/p>\n<p>Ese proceso de desinflaci\u00f3n se encuentra estancado, aunque el gobierno presenta la relativa estabilidad del IPC como se\u00f1al de \u00e9xito del esquema, el desacople de la inflaci\u00f3n en relaci\u00f3n al aumento del valor del d\u00f3lar s\u00f3lo se explica por la debilidad de los ingresos populares y la crisis de la producci\u00f3n nacional asociada a ellos y vulnerable a las importaciones que facilita el esquema cambiario. Todo el programa tiene efectos recesivos indisimulables que se montan sobre un esquema que agot\u00f3 su potencial de recuperaci\u00f3n. Tanto que es bien probable que la pr\u00f3xima medici\u00f3n de pobreza evidencie un crecimiento respecto a la ca\u00edda que hab\u00eda advertido en el n\u00famero anterior.<\/p>\n<p>Es en ese contexto que navegan las tensiones sobre el armado pol\u00edtico, sometido al stress de las serias sospechas de corrupci\u00f3n que se ciernen sobre el m\u00e1s inmediato entorno presidencial. Esta semana, el jefe de Gabinete, Guillermo Francos, se reuni\u00f3 con un grupo de empresarios de primera l\u00ednea entre los que se encontraban los ultraoficialistas Eduardo Eurnekian y Eduardo Elsztain. Francos se present\u00f3 a s\u00ed mismo como garante del gobierno ante el establishment, en un esquema que buscar\u00eda recuperar el di\u00e1logo y los acuerdos con otros actores pol\u00edticos, principalmente gobernadores, pero tambi\u00e9n en el Congreso. Un esquema dif\u00edcil de sostener en el marco de la competencia de cara a octubre, donde muchos de ellos compiten \u2013contra su voluntad y por decisi\u00f3n de Karina\u2013 con el oficialismo y una elecci\u00f3n de la que podr\u00eda salir muy debilitado, a\u00fan con las modestas aspiraciones de alcanzar un tercio fiel que lo blinde al gobierno y su capacidad de veto. \u201cVen\u00edamos para crecer en votos, no para sostener vetos\u201d, se lamentaba un interlocutor en Casa Rosada.<\/p>\n<p>Los c\u00e1lculos electorales hoy atraviesan las preocupaciones del otrora tri\u00e1ngulo de hierro. Santiago Caputo estuvo delineando ayer junto a Javier y Karina Milei la estrategia de cara a octubre, donde hoy se ven mejorando sustancialmente sus resultados respecto de la elecci\u00f3n provincial de septiembre. En la provincia de Buenos Aires, La Libertad Avanza se encuentra, hoy, entre cinco y siete puntos abajo, en base a dos grandes hip\u00f3tesis a validar por la realidad. Por un lado el peso del despliegue territorial y, por otro, el del antikirchnerismo.\u00a0<\/p>\n<p>En los c\u00e1lculos oficiales para octubre, en el oficialismo no esperan esfuerzos comparables a los de la elecci\u00f3n del siete de septiembre, sumado a alg\u00fan punto porcentual de disociaci\u00f3n entre las figuras locales y las de la boleta de diputados nacionales que, pasada la elecci\u00f3n local, podr\u00eda beneficiarlos. El segundo factor, el antikirchnerismo, podr\u00eda activarse tanto por factores subjetivos \u2013la posible victoria de una figura con alto nivel de rechazo en un sector de la poblaci\u00f3n, como es CFK\u2013, como objetivos: los problemas financieros, que con bastante poco aprecio por las variables estructurales del esquema econ\u00f3mico, la narrativa oficialista atribuye al \u201criesgo kuka\u201d. Cinco o seis puntos ser\u00edan un consuelo pobre para unas expectativas que estaban seteadas much\u00edsimo m\u00e1s arriba hace apenas semanas y que, m\u00e1s all\u00e1 de los problemas del esquema econ\u00f3mico, navegan sobre problemas de armado pol\u00edtico y pr\u00e1cticas tan evidentes como evitables.\u00a0<\/p>\n<p>Los reflectores sobre Mart\u00edn y Eduardo \u201cLule\u201d Menem Menem, y sobre Sebasti\u00e1n Pareja, las espadas de Karina Milei, evidenciaron una imagen de deterioro que super\u00f3 las previsiones m\u00e1s pesimistas. En cuanto a Caputo, posterg\u00f3 para despu\u00e9s de octubre cualquier conversaci\u00f3n con el presidente respecto del futuro luego de su enfrentamiento con el esquema perdidoso y confirmado de Karina. As\u00ed y todo, es probable que en octubre el Gobierno se vea ganador con un n\u00famero pobre que orbite entre el 33 y el 35% de los votos nominales nacionales a\u00fan perdiendo en la provincia de Buenos Aires. Poco para alejar los fantasmas externos y desplomar el riesgo pa\u00eds para acceder a los mercados. No est\u00e1 claro c\u00f3mo va a salir de esta encerrona el ministro Luis Caputo, en cada aventura en la funci\u00f3n p\u00fablica menos exitoso, pero m\u00e1s pagado de s\u00ed mismo.<\/p>\n<p>Las dificultades pol\u00edticas y econ\u00f3micas del oficialismo se ampl\u00edan por los coletazos del triunfo abrumador del peronismo el anterior domingo, que termin\u00f3 de disparar todas las dudas y expectativas negativas que exist\u00edan respecto de la solidez de su posici\u00f3n. Un acierto del c\u00e1lculo de Axel Kicillof, que asumi\u00f3 riesgos internos y externos en base a un diagn\u00f3stico sobre la realidad argentina que result\u00f3 acertado, pero no era evidente cuando fue tomada la decisi\u00f3n. Las elecciones no se provincializaron como tem\u00eda CFK, sino que se nacionalizaron y municipalizaron. El gobierno llega a octubre m\u00e1s d\u00e9bil de lo que hubiera llegado sin el golpe bonaerense. Un triunfo en toda la l\u00ednea del gobernador que escap\u00f3 a la impugnaci\u00f3n que anticipaba el kirchnerismo en caso de una derrota, pero que \u2013a\u00fan luego del triunfo\u2013 fue destinatario de sugerencias dosmilonceanas (NdeR: con dificultad, el autor se refiere a situaciones ocurridas durante el per\u00edodo 2011-2015) del primer anillo cristinista por una nota que le brind\u00f3 al diario Clar\u00edn. Dif\u00edcil que esas b\u00fasquedas funcionen luego de la centralidad que tuvieron dos figuras muy cercanas a Cristina y M\u00e1ximo Kirchner como Eduardo \u201cWado\u201d de Pedro o Sergio Massa que tienen, dentro de sus principales activos, una excelente relaci\u00f3n con el establishment local y extranjero.\u00a0<\/p>\n<p>El desdoblamiento fue un escenario anticipado hace al menos un a\u00f1o por los funcionarios bonaerenses con competencia electoral, Javier Rehl y un hombre de su equipo, Juan Ignacio Pizzi, que dieron argumentos y sustento t\u00e9cnico al diagn\u00f3stico pol\u00edtico para garantizar el resultado. La elecci\u00f3n concurrente con dos sistemas de votaci\u00f3n distintos \u2013boleta \u00fanica para la elecci\u00f3n nacional, partidaria para la provincial\u2013 hubiera sido pr\u00e1cticamente imposible de llevar adelante y hubiera generado im\u00e1genes de zozobra, que se evidenciaron tras el simulacro que acordaron con el juez con competencia electoral, Alejo Ramos Padilla.\u00a0 La elecci\u00f3n provincial, en cambio, transcurri\u00f3 con una normalidad casi anodina hasta que la publicaci\u00f3n de los resultados, con el escrutinio muy avanzado, sentenci\u00f3 la contundencia del triunfo del peronismo.\u00a0<\/p>\n<p>Las virtudes de oportunidad pol\u00edtica electoral, la aparici\u00f3n de un liderazgo en el peronismo que parece sacarle varios cuerpos a las figuras que no son Cristina Kirchner y la defectuosa configuraci\u00f3n del oficialismo, sin embargo, amenaza disimular los problemas enormes y persistentes de la principal fuerza opositora, que llevaron a que, tras su \u00faltimo per\u00edodo en el gobierno, Argentina eligiera al \u201cprimer presidente liberal libertario de la historia de la humanidad\u201d. La displicencia respecto de la inflaci\u00f3n \u2013como si fuera apenas un problema m\u00e1s\u2013 aparece como el principal riesgo de una lista que incluye la prodigalidad fiscal, el reparto corporativo y la fragmentaci\u00f3n del Estado en funci\u00f3n de intereses sectoriales concentrados de la sociedad civil organizada e ignora, a\u00a0 su vez, la enorme deslegitimaci\u00f3n que afecta a la dirigencia pol\u00edtica mientras corre el riesgo de repetir las disfuncionalidades de una interna no s\u00f3lo no resuelta sino siquiera disimulada. Con las elecciones a la vuelta de la esquina, el recuerdo del deterioro material que acompa\u00f1\u00f3 al \u00faltimo gobierno, a\u00fan sin grandes compromisos en materia de deuda durante su mandato, deber\u00eda servir de cauci\u00f3n contra la tentaci\u00f3n de creer que el modo de superar los evidentes y muy profundos problemas del esquema actual puede estar en las ideas instrumentadas en el pasado reciente.<\/p>\n","protected":false},"excerpt":{"rendered":"Quien haya visto la cadena nacional con la que Javier Milei anunci\u00f3 el env\u00edo del\u00a0Presupuesto 2026, no hubiera&hellip;\n","protected":false},"author":2,"featured_media":119843,"comment_status":"","ping_status":"","sticky":false,"template":"","format":"standard","meta":{"footnotes":""},"categories":[42],"tags":[17,18,13,14,11,61,62,63,64,4245,19,20,9,10,15,16,39665,12,21,22,65,66,67],"class_list":{"0":"post-119842","1":"post","2":"type-post","3":"status-publish","4":"format-standard","5":"has-post-thumbnail","7":"category-internacional","8":"tag-breaking-news","9":"tag-breakingnews","10":"tag-featured-news","11":"tag-featurednews","12":"tag-headlines","13":"tag-internacional","14":"tag-international","15":"tag-international-news","16":"tag-internationalnews","17":"tag-javier-milei","18":"tag-latest-news","19":"tag-latestnews","20":"tag-news","21":"tag-noticias","22":"tag-noticias-destacadas","23":"tag-noticiasdestacadas","24":"tag-presupuesto-2026","25":"tag-titulares","26":"tag-ultimas-noticias","27":"tag-ultimasnoticias","28":"tag-world","29":"tag-world-news","30":"tag-worldnews"},"share_on_mastodon":{"url":"","error":""},"_links":{"self":[{"href":"https:\/\/www.europesays.com\/es\/wp-json\/wp\/v2\/posts\/119842","targetHints":{"allow":["GET"]}}],"collection":[{"href":"https:\/\/www.europesays.com\/es\/wp-json\/wp\/v2\/posts"}],"about":[{"href":"https:\/\/www.europesays.com\/es\/wp-json\/wp\/v2\/types\/post"}],"author":[{"embeddable":true,"href":"https:\/\/www.europesays.com\/es\/wp-json\/wp\/v2\/users\/2"}],"replies":[{"embeddable":true,"href":"https:\/\/www.europesays.com\/es\/wp-json\/wp\/v2\/comments?post=119842"}],"version-history":[{"count":0,"href":"https:\/\/www.europesays.com\/es\/wp-json\/wp\/v2\/posts\/119842\/revisions"}],"wp:featuredmedia":[{"embeddable":true,"href":"https:\/\/www.europesays.com\/es\/wp-json\/wp\/v2\/media\/119843"}],"wp:attachment":[{"href":"https:\/\/www.europesays.com\/es\/wp-json\/wp\/v2\/media?parent=119842"}],"wp:term":[{"taxonomy":"category","embeddable":true,"href":"https:\/\/www.europesays.com\/es\/wp-json\/wp\/v2\/categories?post=119842"},{"taxonomy":"post_tag","embeddable":true,"href":"https:\/\/www.europesays.com\/es\/wp-json\/wp\/v2\/tags?post=119842"}],"curies":[{"name":"wp","href":"https:\/\/api.w.org\/{rel}","templated":true}]}}