{"id":119854,"date":"2025-09-17T01:08:08","date_gmt":"2025-09-17T01:08:08","guid":{"rendered":"https:\/\/www.europesays.com\/es\/119854\/"},"modified":"2025-09-17T01:08:08","modified_gmt":"2025-09-17T01:08:08","slug":"pellegrini-cumple-72-anos-con-el-betis-y-encara-su-futuro-sin-la-continuidad-asegurada","status":"publish","type":"post","link":"https:\/\/www.europesays.com\/es\/119854\/","title":{"rendered":"Pellegrini cumple 72 a\u00f1os con el Betis y encara su futuro sin la continuidad asegurada"},"content":{"rendered":"<p><img decoding=\"async\" src=\"https:\/\/www.europesays.com\/es\/wp-content\/uploads\/2025\/09\/pellegrini.2.jpg\" loading=\"lazy\" class=\"img-fluid w-100 mx-auto \" title=\"Pellegrini\" longdesc=\"data:text\/html;charset=utf-8;,%3C!DOCTYPE%20html%3E%3Chtml%3E%3Chead%3E%3Ctitle%3EPellegrini%3C\/title%3E%3C\/head%3E%3Cbody%3E%3Cp%3EPellegrini%3C\/body%3E%3C\/html%3E\"\/>    <\/p>\n<tr wp_automatic_readability=\"2\">\n<td width=\"*\" wp_automatic_readability=\"4\">    <img decoding=\"async\" src=\"https:\/\/www.europesays.com\/es\/wp-content\/uploads\/2025\/09\/1758071288_415_avatar-md.jpg\" border=\"0\" class=\"d-none d-md-inline-block\" style=\"margin-right:10px;\" alt=\"Carlos Vizca\u00edno \" title=\"Carlos Vizca\u00edno \"\/><\/p>\n<p><strong style=\"color:#e43d30\">Carlos Vizca\u00edno <\/strong> <br \/>16\/09\/2025<\/p>\n<\/td>\n<\/tr>\n<p data-start=\"313\" data-end=\"704\"><strong data-start=\"313\" data-end=\"334\">Manuel Pellegrini<\/strong> sopla hoy 72 velas en un momento especial de su carrera. El t\u00e9cnico chileno, que comparte fecha de cumplea\u00f1os con el presidente del club, <strong data-start=\"473\" data-end=\"487\">\u00c1ngel Haro<\/strong>, se ha convertido en el entrenador m\u00e1s exitoso de la historia reciente del <a href=\"https:\/\/www.muchodeporte.com\/real-betis\" rel=\"nofollow noopener\" target=\"_blank\"><strong>Real Betis<\/strong><\/a>, pero encara la recta final de su contrato sin que exista a\u00fan una decisi\u00f3n firme sobre su continuidad m\u00e1s all\u00e1 de junio de 2026.<\/p>\n<p data-start=\"706\" data-end=\"1135\">Desde su llegada a Heli\u00f3polis en el verano de 2020, el Ingeniero ha cambiado la historia reciente del club: <strong data-start=\"816\" data-end=\"866\">cinco clasificaciones consecutivas para Europa<\/strong>, un t\u00edtulo de <strong data-start=\"881\" data-end=\"897\">Copa del Rey<\/strong>, la primera final continental en la pasada edici\u00f3n de la Conference League y m\u00e1s victorias que ning\u00fan otro t\u00e9cnico en los casi 117 a\u00f1os de vida de la entidad. Todo ello le ha convertido en una leyenda del banquillo verdiblanco.<\/p>\n<p data-start=\"1137\" data-end=\"1568\">Sin embargo, y por primera vez desde que aterriz\u00f3 en el Villamar\u00edn, <strong>Pellegrini afronta su \u00faltimo a\u00f1o de contrato sin renovaci\u00f3n<\/strong>. A diferencia de ocasiones anteriores, cuando el Betis adelant\u00f3 los tiempos y cerr\u00f3 su continuidad con antelaci\u00f3n, las conversaciones que se iniciaron hace algunos meses quedaron en punto muerto. El propio m\u00edster chileno lo explic\u00f3 en la previa del duelo frente al Levante:\u00a0\u00ab<strong>No hemos hablado con el club para ver la continuidad de seguir en el Betis, ya lo dir\u00e1 el tiempo. Para m\u00ed ha sido un orgullo estar estas seis temporadas a cargo de un equipo con una hinchada tan pasional<\/strong>. El compromiso va a ser el mismo, con o sin contrato para la pr\u00f3xima campa\u00f1a\u00bb.<\/p>\n<p data-start=\"1949\" data-end=\"2193\">Por su parte, \u00c1ngel Haro tambi\u00e9n se pronunci\u00f3 con cautela en la presentaci\u00f3n de Amrabat el pasado lunes: \u00abVamos a seguir centrados en la temporada. <strong>Cuando encontremos el momento propicio, nos sentaremos de nuevo<\/strong>. Estoy convencido de que Manuel dar\u00e1 lo m\u00e1ximo para lograr los objetivos\u00bb.<\/p>\n<p data-start=\"2637\" data-end=\"2922\">\u00a0<\/p>\n","protected":false},"excerpt":{"rendered":"Carlos Vizca\u00edno 16\/09\/2025 Manuel Pellegrini sopla hoy 72 velas en un momento especial de su carrera. El t\u00e9cnico&hellip;\n","protected":false},"author":2,"featured_media":119855,"comment_status":"","ping_status":"","sticky":false,"template":"","format":"standard","meta":{"footnotes":""},"categories":[268],"tags":[291,168,25,24,280,282,10286,286,281,23,167],"class_list":{"0":"post-119854","1":"post","2":"type-post","3":"status-publish","4":"format-standard","5":"has-post-thumbnail","7":"category-futbol","8":"tag-betis","9":"tag-deportes","10":"tag-es","11":"tag-espana","12":"tag-football","13":"tag-futbol","14":"tag-real-betis","15":"tag-real-betis-balompie","16":"tag-soccer","17":"tag-spain","18":"tag-sports"},"share_on_mastodon":{"url":"","error":""},"_links":{"self":[{"href":"https:\/\/www.europesays.com\/es\/wp-json\/wp\/v2\/posts\/119854","targetHints":{"allow":["GET"]}}],"collection":[{"href":"https:\/\/www.europesays.com\/es\/wp-json\/wp\/v2\/posts"}],"about":[{"href":"https:\/\/www.europesays.com\/es\/wp-json\/wp\/v2\/types\/post"}],"author":[{"embeddable":true,"href":"https:\/\/www.europesays.com\/es\/wp-json\/wp\/v2\/users\/2"}],"replies":[{"embeddable":true,"href":"https:\/\/www.europesays.com\/es\/wp-json\/wp\/v2\/comments?post=119854"}],"version-history":[{"count":0,"href":"https:\/\/www.europesays.com\/es\/wp-json\/wp\/v2\/posts\/119854\/revisions"}],"wp:featuredmedia":[{"embeddable":true,"href":"https:\/\/www.europesays.com\/es\/wp-json\/wp\/v2\/media\/119855"}],"wp:attachment":[{"href":"https:\/\/www.europesays.com\/es\/wp-json\/wp\/v2\/media?parent=119854"}],"wp:term":[{"taxonomy":"category","embeddable":true,"href":"https:\/\/www.europesays.com\/es\/wp-json\/wp\/v2\/categories?post=119854"},{"taxonomy":"post_tag","embeddable":true,"href":"https:\/\/www.europesays.com\/es\/wp-json\/wp\/v2\/tags?post=119854"}],"curies":[{"name":"wp","href":"https:\/\/api.w.org\/{rel}","templated":true}]}}