{"id":119870,"date":"2025-09-17T01:24:19","date_gmt":"2025-09-17T01:24:19","guid":{"rendered":"https:\/\/www.europesays.com\/es\/119870\/"},"modified":"2025-09-17T01:24:19","modified_gmt":"2025-09-17T01:24:19","slug":"en-el-pais-de-los-ciegos-manuel-escribano","status":"publish","type":"post","link":"https:\/\/www.europesays.com\/es\/119870\/","title":{"rendered":"En el pa\u00eds de los ciegos&#8230; Manuel Escribano"},"content":{"rendered":"<p>Plaza de toros de Piedrabuena (Ciudad Real). Corrida de la feria en honor al Cristo de la Antigua. Corrida mixta.<br \/>M\u00e1s de media entrada en tarde soleada y calurosa.<br \/>Se lidiaron dos toros de <strong>El Canario<\/strong>, para rejones, y cuatro de <strong>Alcurruc\u00e9n<\/strong>, para lidia a pie. Justos de presencia los de<br \/>rejones (excesivamente mutilados) y de buen juego. Bien presentados en conjunto los de lidia a pie (excepto<br \/>el escobillado 5\u00ba) y venidos a menos en general. Los mejores, 5\u00ba y 6\u00ba.<br \/><strong>Lea Vicens<\/strong>: saludos tras un aviso y una oreja.<br \/><strong>Curro D\u00edaz<\/strong>: silencio y ovaci\u00f3n con saludos.<br \/><strong>Manuel Escribano<\/strong>: dos orejas y dos orejas. <\/p>\n<p><strong>Manuel Escribano<\/strong> sali\u00f3 en hombros.<\/p>\n<p><img decoding=\"async\" fetchpriority=\"high\" width=\"1095\" height=\"730\" src=\"https:\/\/www.europesays.com\/es\/wp-content\/uploads\/2025\/09\/Espectacular-el-de-Alcurrucen-en-la-larga-cambiada-de-Manuel-Escribano-V-Moya-1095x730.jpg\" alt=\"Espectacular el de Alcurruc\u00e9n en la larga cambiada de Manuel Escribano  V Moya\"  \/><\/p>\n<p>Espectacular el de Alcurruc\u00e9n en la larga cambiada de Manuel Escribano V. Moya<\/p>\n<p>Buen ambiente el vivido en Piedrabuena para su corrida de feria, con una magn\u00edfica entrada en<br \/>sombra no vista desde hace muchos a\u00f1os en el antiguo Castillo de Mortara. Destacar para mal el deficiente<br \/>riego del ruedo, con la consiguiente polvareda sufrida por el p\u00fablico durante toda la tarde.<\/p>\n<p><img loading=\"lazy\" decoding=\"async\" width=\"1095\" height=\"730\" src=\"https:\/\/www.europesays.com\/es\/wp-content\/uploads\/2025\/09\/Aspecto-parcial-de-los-tendidos-en-Piedrabuena-V-Moya-1095x730.jpg\" alt=\"Aspecto parcial de los tendidos en Piedrabuena  V Moya\"  \/><\/p>\n<p>Aspecto parcial de los tendidos en Piedrabuena V. Moya<\/p>\n<p>Lea Vicens lidi\u00f3 dos toros murube\u00f1os de El Canario que dieron un juego excepcional para lidia a<br \/>caballo. Incansables perseguidores de las monturas con un trote pastue\u00f1o, constante y ayuno de arreones,<br \/>fueron la materia prima perfecta para haber triunfado por todo lo alto, pero la rejoneadora francesa pareci\u00f3<br \/>venir a Piedrabuena a pasar una tarde de entrenamiento sin mayores pretensiones. Entre eso y su desacierto<br \/>con los aceros, el resultado qued\u00f3 reducido a una oreja del cuarto. Lo m\u00e1s destacado de su actuaci\u00f3n fue la<br \/>templada forma de llevar pegado a la grupa a su primero, en varias vueltas al ruedo.<\/p>\n<p><img loading=\"lazy\" decoding=\"async\" width=\"1095\" height=\"730\" src=\"https:\/\/www.europesays.com\/es\/wp-content\/uploads\/2025\/09\/Lea-Vicens-preparada-para-colocar-un-rejon-de-castigo-V-Moya-1095x730.jpg\" alt=\"Lea Vicens preparada para colocar un rej\u00f3n de castigo  V Moya\"  \/><\/p>\n<p>Lea Vicens preparada para colocar un rej\u00f3n de castigo V. Moya<\/p>\n<p>Otro tanto podr\u00edamos decir de Curro D\u00edaz, que, si bien no tuvo un lote tan propicio, jam\u00e1s se<br \/>comprometi\u00f3 lo suficiente con \u00e9l. Ante su tardo y reserv\u00f3n primero, no logr\u00f3 ligar m\u00e1s de dos muletazos<br \/>seguidos. Mat\u00f3 de dos pinchazos y un bajonazo. Al quinto lo salud\u00f3 con jaleadas ver\u00f3nicas. El toro, que<br \/>empuj\u00f3 de bravo en un buen puyazo, empez\u00f3 embistiendo con emoci\u00f3n, aunque fue tardeando y par\u00e1ndose<br \/>a media que avanzaba la lidia. Curro hizo como que quer\u00eda y sac\u00f3 algunos muletazos aplaudidos, pero faltos<br \/>de ce\u00f1imiento en general. Mat\u00f3 de una estocada desprendida atravesada y ocho golpes de verduguillo, que<br \/>dejaron todo en una ovaci\u00f3n.<\/p>\n<p><img decoding=\"async\" loading=\"lazy\" width=\"1095\" height=\"730\" src=\"https:\/\/www.europesays.com\/es\/wp-content\/uploads\/2025\/09\/Pase-de-pecho-de-Curro-Diaz-V-Moya-1095x730.jpg\" alt=\"Pase de pecho de Curro D\u00edaz  V Moya\"  \/><\/p>\n<p>Pase de pecho de Curro D\u00edaz V. Moya<\/p>\n<p>Manuel Escribano fue el que se llev\u00f3 el gato a al agua sin tampoco tener que despeinarse en exceso.<br \/>Recibi\u00f3 a su primero con dos largas cambiadas de rodillas, meti\u00e9ndose al p\u00fablico en el bolsillo desde el<br \/>primer momento. Banderille\u00f3 con discreci\u00f3n y estuvo voluntarioso con la muleta ante un toro flojo, nobl\u00f3n y<br \/>soso, al que tore\u00f3 siempre a media altura, con templanza, pero sin emoci\u00f3n. Calent\u00f3 el cotarro con unas<br \/>manoletinas finales y mat\u00f3 de una estocada trasera, desprendida y tendida, tras lo cual le dieron dos orejas<br \/>extremadamente generosas. <\/p>\n<p><img decoding=\"async\" loading=\"lazy\" width=\"1095\" height=\"730\" src=\"https:\/\/www.europesays.com\/es\/wp-content\/uploads\/2025\/09\/Inicio-de-faena-de-Escribano-agarrado-a-las-tablas-V-Moya-1095x730.jpg\" alt=\"Inicio de faena de Escribano agarrado a las tablas  V Moya\"  \/><\/p>\n<p>Inicio de faena de Escribano agarrado a las tablas V. Moya<\/p>\n<p>El sevillano Banderille\u00f3 bastante mejor al sexto, aunque marr\u00f3 en una de las pasadas. Fue<br \/>un toro de embestida impetuosa desde que sali\u00f3, que tambi\u00e9n se fue viniendo algo a menos en la muleta,<br \/>con el que Escribano tom\u00f3 sus precauciones al principio, pero se fue confiando poco a poco, hasta lograr los<br \/>mejores momentos de la tarde en dos series de naturales largos y templados al final de la faena, una de ellas<br \/>de frente a pies juntos. Despu\u00e9s de un pinchazo y una estocada corta algo trasera, le dieron otras dos orejas,<br \/>esta vez s\u00ed, con bastante m\u00e1s fundamento.<\/p>\n<p><img decoding=\"async\" loading=\"lazy\" width=\"1095\" height=\"730\" src=\"https:\/\/www.europesays.com\/es\/wp-content\/uploads\/2025\/09\/Largo-el-natural-de-Escribano-al-toro-de-Alcurrucen-V-Moya-1095x730.jpg\" alt=\"Largo el natural de Escribano al toro de Alcurruc\u00e9n  V Moya\"  \/><\/p>\n<p>Largo el natural de Escribano al toro de Alcurruc\u00e9n V. Moya<\/p>\n","protected":false},"excerpt":{"rendered":"Plaza de toros de Piedrabuena (Ciudad Real). Corrida de la feria en honor al Cristo de la Antigua.&hellip;\n","protected":false},"author":2,"featured_media":119871,"comment_status":"","ping_status":"","sticky":false,"template":"","format":"standard","meta":{"footnotes":""},"categories":[277],"tags":[373,168,25,24,23,167,374],"class_list":{"0":"post-119870","1":"post","2":"type-post","3":"status-publish","4":"format-standard","5":"has-post-thumbnail","7":"category-toreo","8":"tag-bullfighting","9":"tag-deportes","10":"tag-es","11":"tag-espana","12":"tag-spain","13":"tag-sports","14":"tag-toreo"},"share_on_mastodon":{"url":"","error":""},"_links":{"self":[{"href":"https:\/\/www.europesays.com\/es\/wp-json\/wp\/v2\/posts\/119870","targetHints":{"allow":["GET"]}}],"collection":[{"href":"https:\/\/www.europesays.com\/es\/wp-json\/wp\/v2\/posts"}],"about":[{"href":"https:\/\/www.europesays.com\/es\/wp-json\/wp\/v2\/types\/post"}],"author":[{"embeddable":true,"href":"https:\/\/www.europesays.com\/es\/wp-json\/wp\/v2\/users\/2"}],"replies":[{"embeddable":true,"href":"https:\/\/www.europesays.com\/es\/wp-json\/wp\/v2\/comments?post=119870"}],"version-history":[{"count":0,"href":"https:\/\/www.europesays.com\/es\/wp-json\/wp\/v2\/posts\/119870\/revisions"}],"wp:featuredmedia":[{"embeddable":true,"href":"https:\/\/www.europesays.com\/es\/wp-json\/wp\/v2\/media\/119871"}],"wp:attachment":[{"href":"https:\/\/www.europesays.com\/es\/wp-json\/wp\/v2\/media?parent=119870"}],"wp:term":[{"taxonomy":"category","embeddable":true,"href":"https:\/\/www.europesays.com\/es\/wp-json\/wp\/v2\/categories?post=119870"},{"taxonomy":"post_tag","embeddable":true,"href":"https:\/\/www.europesays.com\/es\/wp-json\/wp\/v2\/tags?post=119870"}],"curies":[{"name":"wp","href":"https:\/\/api.w.org\/{rel}","templated":true}]}}