{"id":119880,"date":"2025-09-17T01:35:11","date_gmt":"2025-09-17T01:35:11","guid":{"rendered":"https:\/\/www.europesays.com\/es\/119880\/"},"modified":"2025-09-17T01:35:11","modified_gmt":"2025-09-17T01:35:11","slug":"una-periodista-de-telecinco-se-presenta-a-first-dates-y-casi-espanta-a-su-cita-me-he-asustado","status":"publish","type":"post","link":"https:\/\/www.europesays.com\/es\/119880\/","title":{"rendered":"Una periodista de Telecinco se presenta a &#8216;First Dates&#8217; y casi espanta a su cita: \u00abMe he asustado\u00bb"},"content":{"rendered":"<p>16\/09\/2025<br \/>\n<br \/><strong><br \/>\nActualizado a las 22:53h.<br \/>\n<\/strong><\/p>\n<p class=\"voc-p\" style=\"\">Elisa (24) no pensaba que <strong>Carlos Sobera<\/strong> fuese a reconocerla cuando se encontraron <a href=\"https:\/\/www.abc.es\/play\/television\/noticias\/catastrofica-cita-dos-solteros-conocian-first-dates-20250915215727-nt.html\" target=\"_self\" data-voc-vtm-id=\"in-text-traffic\" title=\"en &#039;First Dates\" data-mrf-link=\"www.abc.es\" rel=\"nofollow noopener\">en &#8216;First Dates<\/a>&#8216;, pero enseguida el presentador inform\u00f3 a <strong>Mat\u00edas Roure<\/strong> de la inesperada conexi\u00f3n que un\u00eda al programa de citas con esta periodista madrile\u00f1a con gran parecido a <strong>Tamara Falc<\/strong>\u00f3. \u00abEs compa\u00f1era nuestra, <a href=\"https:\/\/www.abc.es\/play\/television\/noticias\/fiesta-obligada-censurar-rajada-silvia-pantoja-salvame-20240729100955-nt.html\" target=\"_self\" data-voc-vtm-id=\"in-text-traffic\" title=\"trabaja en &#039;Fiesta\" data-mrf-link=\"www.abc.es\" rel=\"nofollow noopener\">trabaja en &#8216;Fiesta<\/a>&#8216;\u00bb, le explic\u00f3 Sobera al barman. Fue una sorpresa para la soltera, que no pensaba que se fuese a acordar de ese detalle. <\/p>\n<p class=\"voc-p\" style=\"\"> Adem\u00e1s, la reportera de<strong> Telecinco<\/strong> confes\u00f3 que no se hab\u00eda apuntado al &#8216;dating show&#8217; por casualidad. El mism\u00edsimo <a href=\"https:\/\/www.abc.es\/play\/television\/noticias\/richard-pena-voz-first-dates-revela-entresijos-20250228214503-nt.html\" target=\"_self\" data-voc-vtm-id=\"in-text-traffic\" title=\"Richard Pena, la voz de &#039;First Dates&#039;,\" data-mrf-link=\"www.abc.es\" rel=\"nofollow noopener\">Richard Pena, la voz de &#8216;First Dates&#8217;,<\/a> la anim\u00f3 a participar. \u00ab\u00c9l sabe que tengo idealizaci\u00f3n con Corea. Me apasiona el idioma, la cultura, el cine, las pel\u00edculas, los <strong>BTS<\/strong>, y encima ellos son muy guapos. Me he llegado a plantear si solo me gustan los orientales, porque veo a cualquier occidental y no me atrae ninguno\u00bb, explic\u00f3 <strong>Elisa<\/strong> en su presentaci\u00f3n. Qui\u00e9n mejor que los celestinos del restaurante para cumplirle el deseo.<\/p>\n<p class=\"voc-p\" style=\"\">La joven conoci\u00f3 a <strong>\u00c9ric<\/strong> (23), un camarero y entrenador personal barcelon\u00e9s de madre coreana. Y el flechazo fue instant\u00e1neo. \u00abEst\u00e1 bueno y es guap\u00edsimo\u00bb, coment\u00f3 con entusiasmo en los totales. Para <strong>Elisa<\/strong> no ten\u00eda nada que envidiarle a los protagonistas de las series coreanas. A \u00e9l, sin embargo, tanta exaltaci\u00f3n lo puso en alerta. \u00abDesde que se puso de moda todo lo de Corea, muchas chicas dicen &#8216;coreano, ya me gustas&#8217;. Pero si ni siquiera me conoces, \u00bfc\u00f3mo te puedo gustar?\u00bb, reflexion\u00f3 en su entrevista con el equipo del programa.<\/p>\n<p>\n\u00c9ric dice &#8216;s\u00ed&#8217; pese a la intensidad de Elisa\n<\/p>\n<p class=\"voc-p\" style=\"\">Ya en la mesa, <strong>Elisa<\/strong> quiso conocer con detalles la relaci\u00f3n de<strong> \u00c9ric<\/strong> con el pa\u00eds con el que confes\u00f3 estar obsesionada. El entrenador personal le cont\u00f3 a su cita que es medio espa\u00f1ol, medio coreano, pero que naci\u00f3n en Espa\u00f1a. Tambi\u00e9n le habl\u00f3 de sus viajes cuando era peque\u00f1o para visitar a sus abuelos. \u00abLl\u00e9vame\u00bb, pidi\u00f3 ella a bocajarro, m\u00e1s que dispuesta a volar al d\u00eda siguiente con \u00e9l si fuese necesario. <\/p>\n<p class=\"voc-p\" style=\"\">Acto seguido, sigui\u00f3 con su verborrea, hasta que se dio cuenta de que igual se estaba pasando. \u00abSi hablo mucho tu me paras, soy periodista y hablo un mont\u00f3n\u00bb, se justific\u00f3. <strong>\u00c9ric<\/strong> le quit\u00f3 importancia, aunque ante las c\u00e1maras reconoci\u00f3 que \u00abme he asustado un poco que sea tan intensa, no lo esperaba\u00bb. <\/p>\n<p><img decoding=\"async\" loading=\"lazy\" src=\"https:\/\/www.europesays.com\/es\/wp-content\/uploads\/2025\/09\/datesportada-U07224746121RUg-760x427@diario_abc.jpg\" class=\"voc-img\" width=\"760\" height=\"427\" alt=\"El momento de la decisi\u00f3n final\" data-voc-vtm-id=\"in-text-traffic\"\/><\/p>\n<p>El momento de la decisi\u00f3n final<\/p>\n<p>Cuatro<\/p>\n<p class=\"voc-p\" style=\"\">Con todo, se interes\u00f3 por su trabajo de reportera. Pero mientras ella reivindic\u00f3 las ventajas de seguir viendo la televisi\u00f3n, \u00e9l revel\u00f3 que no ten\u00eda ninguna en casa. Al hilo,<strong> Elisa<\/strong> relat\u00f3 que su mejor momento en <strong>&#8216;Fiesta<\/strong>&#8216; fue cuando la enviaron a Londres a cubrir la &#8216;desaparici\u00f3n&#8217; de <strong>Kate Middleton<\/strong>. \u00c9ric dio fue de que no estaba muy puesto en los tema de la familia real brit\u00e1nica. \u00abNo se qui\u00e9n es\u2026 \u00bfLa ministra de Inglaterra? \u00bfLa hija del presidente o algo as\u00ed? \u00bfLa hija de la Reina\u2026 no, la Reina se muri\u00f3. Estoy muy poco actualizado\u00bb, admiti\u00f3. <\/p>\n<p class=\"voc-p\" style=\"\">Tampoco el K-pop, el famoso g\u00e9nero de m\u00fasica popular surcoreana, result\u00f3 ser el punto fuerte de \u00c9ric. Pero all\u00ed estaba <strong>Elisa<\/strong> para ense\u00f1arle a bailar en el reservado del restaurante. <\/p>\n<p class=\"voc-p\" style=\"\">Pese a las reticencias del principio, <strong>Elisa<\/strong> le transmiti\u00f3 buenas energ\u00edas a su cita, quien al igual que ella acept\u00f3 seguir conoci\u00e9ndose. Eso s\u00ed, por lo pronto en Espa\u00f1a y no en Corea.<\/p>\n<p>Reportar un error<\/p>\n","protected":false},"excerpt":{"rendered":"16\/09\/2025 Actualizado a las 22:53h. Elisa (24) no pensaba que Carlos Sobera fuese a reconocerla cuando se encontraron&hellip;\n","protected":false},"author":2,"featured_media":119881,"comment_status":"","ping_status":"","sticky":false,"template":"","format":"standard","meta":{"footnotes":""},"categories":[171],"tags":[39672,7716,2721,146,147,25,24,39671,2720,5398,2782,23,692,214],"class_list":{"0":"post-119880","1":"post","2":"type-post","3":"status-publish","4":"format-standard","5":"has-post-thumbnail","7":"category-tv","8":"tag-asustado","9":"tag-cita","10":"tag-dates","11":"tag-entertainment","12":"tag-entretenimiento","13":"tag-es","14":"tag-espana","15":"tag-espanta","16":"tag-first","17":"tag-periodista","18":"tag-presenta","19":"tag-spain","20":"tag-telecinco","21":"tag-tv"},"share_on_mastodon":{"url":"","error":""},"_links":{"self":[{"href":"https:\/\/www.europesays.com\/es\/wp-json\/wp\/v2\/posts\/119880","targetHints":{"allow":["GET"]}}],"collection":[{"href":"https:\/\/www.europesays.com\/es\/wp-json\/wp\/v2\/posts"}],"about":[{"href":"https:\/\/www.europesays.com\/es\/wp-json\/wp\/v2\/types\/post"}],"author":[{"embeddable":true,"href":"https:\/\/www.europesays.com\/es\/wp-json\/wp\/v2\/users\/2"}],"replies":[{"embeddable":true,"href":"https:\/\/www.europesays.com\/es\/wp-json\/wp\/v2\/comments?post=119880"}],"version-history":[{"count":0,"href":"https:\/\/www.europesays.com\/es\/wp-json\/wp\/v2\/posts\/119880\/revisions"}],"wp:featuredmedia":[{"embeddable":true,"href":"https:\/\/www.europesays.com\/es\/wp-json\/wp\/v2\/media\/119881"}],"wp:attachment":[{"href":"https:\/\/www.europesays.com\/es\/wp-json\/wp\/v2\/media?parent=119880"}],"wp:term":[{"taxonomy":"category","embeddable":true,"href":"https:\/\/www.europesays.com\/es\/wp-json\/wp\/v2\/categories?post=119880"},{"taxonomy":"post_tag","embeddable":true,"href":"https:\/\/www.europesays.com\/es\/wp-json\/wp\/v2\/tags?post=119880"}],"curies":[{"name":"wp","href":"https:\/\/api.w.org\/{rel}","templated":true}]}}