{"id":119920,"date":"2025-09-17T02:25:08","date_gmt":"2025-09-17T02:25:08","guid":{"rendered":"https:\/\/www.europesays.com\/es\/119920\/"},"modified":"2025-09-17T02:25:08","modified_gmt":"2025-09-17T02:25:08","slug":"leer-acorta-penas-en-uzbekistan-los-presos-podran-salir-antes","status":"publish","type":"post","link":"https:\/\/www.europesays.com\/es\/119920\/","title":{"rendered":"Leer acorta penas en Uzbekist\u00e1n: los presos podr\u00e1n salir antes"},"content":{"rendered":"<p>\n  Por&amp;nbsp<b>Sarvinoz Ibrokhimova<\/b>\n<\/p>\n<p>\n         Publicado<br \/>\n            16\/09\/2025 &#8211; 4:00 CEST\n            <\/p>\n<p>          <img decoding=\"async\" class=\"c-ad__placeholder__logo\" src=\"https:\/\/static.euronews.com\/website\/images\/logos\/logo-euronews-stacked-outlined-72x72-grey-9.svg\" width=\"72\" height=\"72\" alt=\"\" loading=\"lazy\"\/><br \/>\n          PUBLICIDAD<\/p>\n<p>Cuando Ernest Hemingway escrib\u00eda &#8216;El viejo y el mar&#8217;, probablemente nunca imagin\u00f3 que un d\u00eda su libro se convertir\u00eda en una forma de que un <strong>preso<\/strong> redujera tres d\u00edas su condena. Pero ahora, un preso de una c\u00e1rcel uzbeka puede reducir su condena, tras demostrar ante un comit\u00e9 especial que ha le\u00eddo el <a href=\"https:\/\/es.euronews.com\/tag\/libros\" rel=\"nofollow noopener\" target=\"_blank\"><strong>libro<\/strong><\/a> mundialmente famoso.<\/p>\n<p>El Senado del pa\u00eds ha aprobado una ley que permite a los reclusos acortar sus condenas mediante la lectura. Pero hay ciertas reglas: Por cada libro aprobado que se complete, el preso podr\u00e1 <strong>reducir su condena<\/strong> tres d\u00edas, hasta <strong>un m\u00e1ximo de 30 d\u00edas al a\u00f1o<\/strong>. La medida no se aplica a los <a href=\"https:\/\/es.euronews.com\/my-europe\/2025\/09\/10\/fui-victima-de-cuatro-intentos-de-asesinato-violencia-en-las-carceles-superpobladas-de-bel\" rel=\"nofollow noopener\" target=\"_blank\">condenados<\/a> a cadena perpetua, pero seg\u00fan los funcionarios, m\u00e1s de 13.500 reclusos de todo el pa\u00eds podr\u00edan verse afectados.<\/p>\n<p><strong>\u00abEstudiamos Brasil e Italia\u00bb<\/strong><\/p>\n<p>Shakhrizod Shokirov, funcionario del Ministerio del Interior de Uzbekist\u00e1n, declar\u00f3 a &#8216;Euronews&#8217; que el pa\u00eds se fij\u00f3 en las pr\u00e1cticas internacionales antes de adoptar la reforma. \u00abEn <strong>Brasil<\/strong>, desde 2012 los reclusos pueden reducir su condena <strong>cuatro d\u00edas por cada libro le\u00eddo, hasta 48 d\u00edas al a\u00f1o<\/strong>. Medidas similares existen en <strong>Italia y Bolivia<\/strong>. Uzbekist\u00e1n estudi\u00f3 estos resultados y decidi\u00f3 adaptar esta pr\u00e1ctica a nuestro sistema legal\u00bb, dijo.<\/p>\n<p>El sistema ser\u00e1 supervisado por una comisi\u00f3n especial. Tras leer un libro, <strong>los reclusos realizar\u00e1n un examen para demostrar que han entendido el contenido<\/strong>. La comisi\u00f3n estar\u00e1 formada por representantes de los ayuntamientos, la sociedad civil, los organismos aut\u00f3nomos y las administraciones penitenciarias. S\u00f3lo los que superen el examen podr\u00e1n optar a una reducci\u00f3n de condena.<\/p>\n<p><strong>\u00bfQu\u00e9 hay en la lista de lecturas obligatorias?<\/strong><\/p>\n<p>Begmat Ochilov, especialista del Centro Republicano para la Espiritualidad y la Educaci\u00f3n, explic\u00f3 a &#8216;Euronews&#8217; que la <strong>lista de libros<\/strong> se dise\u00f1\u00f3 para cubrir una amplia gama de campos.<\/p>\n<p>\u00abLa lectura permite a los <strong>reclusos<\/strong> reflexionar sobre s\u00ed mismos y comprender a los dem\u00e1s. Esto tiene un efecto directo en su educaci\u00f3n moral y ayuda a prevenir futuros delitos\u00bb, dijo. La lista oficial incluye tanto obras uzbekas como cl\u00e1sicos de la literatura internacional:<\/p>\n<ul>\n<li>Ernest Hemingway &#8211; &#8216;El viejo y el mar&#8217;<\/li>\n<li>Karl von Clausewitz &#8211; &#8216;Sobre la guerra&#8217;<\/li>\n<li>Theodore Dreiser &#8211; &#8216;Una tragedia americana&#8217;<\/li>\n<li>Erich Maria Remarque &#8211; &#8216;Tres camaradas&#8217;<\/li>\n<li>Ray Bradbury &#8211; &#8216;Fahrenheit 451&#8217;<\/li>\n<li>Franz Kafka &#8211; &#8216;El proceso&#8217;<\/li>\n<li>Jack London &#8211; &#8216;Martin Eden&#8217;<\/li>\n<li>Abdulla Qodiriy &#8211; &#8216;O&#8217;tkan kunlar&#8217;<\/li>\n<li>&#8216;La estrategia de desarrollo del nuevo Uzbekist\u00e1n&#8217;<\/li>\n<li>&#8216;El libro de los l\u00edderes&#8217;<\/li>\n<\/ul>\n<p><strong>Reacciones en Uzbekist\u00e1n<\/strong><\/p>\n<p>Abogados y expertos en educaci\u00f3n de Uzbekist\u00e1n han acogido con gran satisfacci\u00f3n la medida. Begmat Ochilov declar\u00f3 a &#8216;Euronews&#8217; que la ley podr\u00eda motivar a los presos a \u00abdedicar su <strong>tiempo a aprender<\/strong> en lugar de a la ociosidad\u00bb.<\/p>\n<p>Los funcionarios afirman que la ley refleja un <strong>cambio en el sistema judicial uzbeko hacia la rehabilitaci\u00f3n<\/strong> y la <a href=\"https:\/\/es.euronews.com\/tag\/educacion\" rel=\"nofollow noopener\" target=\"_blank\"><strong>educaci\u00f3n<\/strong><\/a>. Pero tambi\u00e9n subrayan que una aplicaci\u00f3n coherente ser\u00e1 clave para su \u00e9xito.<\/p>\n","protected":false},"excerpt":{"rendered":"Por&amp;nbspSarvinoz Ibrokhimova Publicado 16\/09\/2025 &#8211; 4:00 CEST PUBLICIDAD Cuando Ernest Hemingway escrib\u00eda &#8216;El viejo y el mar&#8217;, probablemente&hellip;\n","protected":false},"author":2,"featured_media":119921,"comment_status":"","ping_status":"","sticky":false,"template":"","format":"standard","meta":{"footnotes":""},"categories":[172],"tags":[224,146,147,25,24,225,671,23,32189],"class_list":{"0":"post-119920","1":"post","2":"type-post","3":"status-publish","4":"format-standard","5":"has-post-thumbnail","7":"category-libros","8":"tag-books","9":"tag-entertainment","10":"tag-entretenimiento","11":"tag-es","12":"tag-espana","13":"tag-libros","14":"tag-literatura","15":"tag-spain","16":"tag-uzbekistan"},"share_on_mastodon":{"url":"","error":""},"_links":{"self":[{"href":"https:\/\/www.europesays.com\/es\/wp-json\/wp\/v2\/posts\/119920","targetHints":{"allow":["GET"]}}],"collection":[{"href":"https:\/\/www.europesays.com\/es\/wp-json\/wp\/v2\/posts"}],"about":[{"href":"https:\/\/www.europesays.com\/es\/wp-json\/wp\/v2\/types\/post"}],"author":[{"embeddable":true,"href":"https:\/\/www.europesays.com\/es\/wp-json\/wp\/v2\/users\/2"}],"replies":[{"embeddable":true,"href":"https:\/\/www.europesays.com\/es\/wp-json\/wp\/v2\/comments?post=119920"}],"version-history":[{"count":0,"href":"https:\/\/www.europesays.com\/es\/wp-json\/wp\/v2\/posts\/119920\/revisions"}],"wp:featuredmedia":[{"embeddable":true,"href":"https:\/\/www.europesays.com\/es\/wp-json\/wp\/v2\/media\/119921"}],"wp:attachment":[{"href":"https:\/\/www.europesays.com\/es\/wp-json\/wp\/v2\/media?parent=119920"}],"wp:term":[{"taxonomy":"category","embeddable":true,"href":"https:\/\/www.europesays.com\/es\/wp-json\/wp\/v2\/categories?post=119920"},{"taxonomy":"post_tag","embeddable":true,"href":"https:\/\/www.europesays.com\/es\/wp-json\/wp\/v2\/tags?post=119920"}],"curies":[{"name":"wp","href":"https:\/\/api.w.org\/{rel}","templated":true}]}}