{"id":119926,"date":"2025-09-17T02:33:10","date_gmt":"2025-09-17T02:33:10","guid":{"rendered":"https:\/\/www.europesays.com\/es\/119926\/"},"modified":"2025-09-17T02:33:10","modified_gmt":"2025-09-17T02:33:10","slug":"el-ibex-35-corrige-posiciones-por-debajo-de-los-15-200-puntos-a-la-espera-de-la-fed","status":"publish","type":"post","link":"https:\/\/www.europesays.com\/es\/119926\/","title":{"rendered":"El Ibex 35 corrige posiciones por debajo de los 15.200 puntos a la espera de la Fed"},"content":{"rendered":"<p>     <img fetchpriority=\"high\" decoding=\"async\" src=\"data:image\/gif;base64,R0lGODlhAQABAIAAAAAAAP\/\/\/ywAAAAAAQABAAACAUwAOw==\" alt=\"El Ibex 35 corrige posiciones por debajo de los 15.200 puntos a la espera de la Fed\" loading=\"eager\" height=\"582\" width=\"921\" class=\"yf-1gfnohs loader\"\/> El Ibex 35 corrige posiciones por debajo de los 15.200 puntos a la espera de la Fed      <\/p>\n<p class=\"yf-1090901\"><strong>M\u00e1xima expectaci\u00f3n ante la reuni\u00f3n de la Fed.<\/strong> Un encuentro, el m\u00e1s crucial del a\u00f1o a decir de los expertos, sobre todo por el momento en el que se producir\u00e1, lago que descuenta el mercado, la primera rebaja de tipos del a\u00f1o en EE.UU.<strong> Toda Europa, con un casi pleno en el Ibex 35 de recortes,<\/strong> presenta hoy descensos en esta sesi\u00f3n previa, aunque la de ma\u00f1ana tambi\u00e9n lo ser\u00e1, porque las declaraciones de Jerome Powell, lo que de verdad esperan los inversores, no cotizar\u00e1 en Europa hasta el jueves.<\/p>\n<p class=\"yf-1090901\">Y es que la clave para que vuelvan los m\u00e1ximos en la bolsa espa\u00f1ola pasa por el sesgo que implemente el presidente de la Fed. <strong>Si en su discurso se implementan nuevas ca\u00eddas, con control de la inflaci\u00f3n y solo signos de aterrizaje suave en Estados Unidos, los mercados podr\u00e1n seguir viviendo de las compras. <\/strong>y todo lo contrario con un panorama diferente.<\/p>\n<p class=\"yf-1090901\">De ah\u00ed que la tensi\u00f3n, y la recogida de beneficios para un mercado que seg\u00fan <a class=\"link \" href=\"https:\/\/www.estrategiasdeinversion.com\/actualidad\/noticias\/empresas\/los-gestores-de-fondos-europeos-moderan-su-optimismo-n-845871\" rel=\"nofollow noopener\" target=\"_blank\" data-ylk=\"slk:la encuesta de gerentes de fondos europeos de Bank of America, est\u00e1 sobrecomprado en para 6 de cada 10 de ellos;elm:context_link;itc:0;sec:content-canvas\">la encuesta de gerentes de fondos europeos de Bank of America, est\u00e1 sobrecomprado en para 6 de cada 10 de ellos<\/a>, se palpe hoy en el ambiente.<\/p>\n<p class=\"yf-1090901\">Ca\u00eddas generalizadas, que afectan a casi todo el Ibex con cinco valores que por poco se salvan con ganancias, mientras los bancos y los grandes valores descuentan hoy posiciones a la baja.<\/p>\n<p class=\"yf-1090901\">El <a class=\"link \" href=\"https:\/\/www.estrategiasdeinversion.com\/cotizaciones\/indices\/ibex-35\" rel=\"nofollow noopener\" target=\"_blank\" data-ylk=\"slk:IBEX 35;elm:context_link;itc:0;sec:content-canvas\">IBEX 35<\/a>\u00a0cierra la sesi\u00f3n con ca\u00eddas del 1,51% hasta los 15.163,30 puntos, las mayores de toda Europa, que encabezan valores como <a class=\"link \" href=\"https:\/\/www.estrategiasdeinversion.com\/cotizaciones\/indices\/mercado-continuo\/unicaja\" rel=\"nofollow noopener\" target=\"_blank\" data-ylk=\"slk:Unicaja;elm:context_link;itc:0;sec:content-canvas\">Unicaja<\/a>\u00a02,81% ,\u00a0<a class=\"link \" href=\"https:\/\/www.estrategiasdeinversion.com\/cotizaciones\/indices\/mercado-continuo\/cellnex\" rel=\"nofollow noopener\" target=\"_blank\" data-ylk=\"slk:Cellnex;elm:context_link;itc:0;sec:content-canvas\">Cellnex<\/a>\u00a02,69% y\u00a0<a class=\"link \" href=\"https:\/\/www.estrategiasdeinversion.com\/cotizaciones\/indices\/mercado-continuo\/merlin-properties\" rel=\"nofollow noopener\" target=\"_blank\" data-ylk=\"slk:MERLIN Properties;elm:context_link;itc:0;sec:content-canvas\">MERLIN Properties<\/a>\u00a02,63% y las subidas que experimentan <a class=\"link \" href=\"https:\/\/www.estrategiasdeinversion.com\/cotizaciones\/indices\/mercado-continuo\/grifols-a\" rel=\"nofollow noopener\" target=\"_blank\" data-ylk=\"slk:Grifols A;elm:context_link;itc:0;sec:content-canvas\">Grifols A<\/a>\u00a01%, <a class=\"link \" href=\"https:\/\/www.estrategiasdeinversion.com\/cotizaciones\/indices\/mercado-continuo\/repsol\" rel=\"nofollow noopener\" target=\"_blank\" data-ylk=\"slk:Repsol;elm:context_link;itc:0;sec:content-canvas\">Repsol<\/a>\u00a00,68% y <a class=\"link \" href=\"https:\/\/www.estrategiasdeinversion.com\/cotizaciones\/indices\/mercado-continuo\/aena\" rel=\"nofollow noopener\" target=\"_blank\" data-ylk=\"slk:Aena;elm:context_link;itc:0;sec:content-canvas\">Aena<\/a>\u00a00,45%.<\/p>\n<p class=\"yf-1090901\">Entre las noticias de la sesi\u00f3n, las ca\u00eddas de Sabadell y el varapalo en la vuelta de Deutsche Bank a la cobertura del valor.\u00a0El banco alem\u00e1n ha retomado la cobertura sobre <a class=\"link \" href=\"https:\/\/www.estrategiasdeinversion.com\/cotizaciones\/indices\/mercado-continuo\/banco-sabadell\" rel=\"nofollow noopener\" target=\"_blank\" data-ylk=\"slk:Banco Sabadell;elm:context_link;itc:0;sec:content-canvas\">Banco Sabadell<\/a>\u00a0con una<strong><a class=\"link \" href=\"https:\/\/www.estrategiasdeinversion.com\/actualidad\/noticias\/bolsa-espana\/opa-rally-y-ahora-frenazo-sabadell-se-queda-sin-n-845605\" rel=\"nofollow noopener\" target=\"_blank\" data-ylk=\"slk:\u00a0recomendaci\u00f3n de mantener\u00a0y un precio objetivo de 3,3 euros por acci\u00f3n,;elm:context_link;itc:0;sec:content-canvas\">\u00a0recomendaci\u00f3n de mantener\u00a0y un precio objetivo de 3,3 euros por acci\u00f3n, <\/a>lo que la deja sin recorrido a medio plazo<\/strong>\u00a0si tenemos en cuenta el cierre de ayer, que se situ\u00f3 en 3,35 euros.<\/p>\n<p class=\"yf-1090901\">Desde la firma alemana citan los s\u00f3lidos mensajes del banco espa\u00f1ol sobre distribuci\u00f3n de capital y una mejora de las perspectivas a medio plazo, mientras se enfrenta al la\u00a0<a class=\"link \" href=\"https:\/\/www.estrategiasdeinversion.com\/herramientas\/diccionario\/mercados\/opa-hostil-t-251\" rel=\"nofollow noopener\" target=\"_blank\" data-ylk=\"slk:OPA Hostil;elm:context_link;itc:0;sec:content-canvas\">OPA Hostil<\/a>\u00a0de\u00a0<a class=\"link \" href=\"https:\/\/www.estrategiasdeinversion.com\/cotizaciones\/indices\/mercado-continuo\/bbva\" rel=\"nofollow noopener\" target=\"_blank\" data-ylk=\"slk:BBVA;elm:context_link;itc:0;sec:content-canvas\">BBVA<\/a>. Y destacan que, a\u00a0pesar de la fuerte correlaci\u00f3n con las acciones de BBVA desde que se lanz\u00f3 la oferta hace 16 meses, el br\u00f3ker dice <strong>que parece que la brecha negativa del 10% con respecto a la oferta de BBVA est\u00e1 justificada.<\/strong><\/p>\n<p class=\"yf-1090901\"><strong>\u00abCreemos que para que la oferta de BBVA tenga \u00e9xito, tendr\u00eda que aumentar el precio de la oferta, <\/strong>especialmente teniendo en cuenta que el dividendo extraordinario de 2.500 millones de euros de la venta de TSB podr\u00eda aumentar el atractivo de mantener las acciones de Sabadell durante alg\u00fan tiempo\u00bb, afirma Deustche Bank.<\/p>\n<p> Story Continues  <\/p>\n<p class=\"yf-1090901\">Adem\u00e1s desde Renta 4 destacan que \u00ab<strong>el riesgo de una correcci\u00f3n de la cotizaci\u00f3n de Sabadell en caso de no darse una mejora de la oferta es elevado, <\/strong>y que dicha ca\u00edda podr\u00eda ser superior al potencial beneficio de una mejora del precio, que como hemos comentado estimamos pueda situarse entre el 10%-15%\u00bb.<\/p>\n<p class=\"yf-1090901\">Mientras, hoy mismo, <a class=\"link \" href=\"https:\/\/www.estrategiasdeinversion.com\/actualidad\/noticias\/empresas\/sp-global-sube-el-rating-de-bbva-y-caixabank-tras-n-845877\" rel=\"nofollow noopener\" target=\"_blank\" data-ylk=\"slk:S&amp;P Global Ratings ha tomado la decisi\u00f3n de elevar las notas como emisores a largo plazo de BBVA y Caixabank a &#039;A+&#039;;elm:context_link;itc:0;sec:content-canvas\">S&amp;P Global Ratings ha tomado la decisi\u00f3n de elevar las notas como emisores a largo plazo de BBVA y Caixabank a &#8216;A+&#8217; <\/a>como resultado de la reciente subida del rating soberano de Espa\u00f1a a esa misma nota. E indican desde la agencia de calificaci\u00f3n crediticia que\u00a0<strong>Espa\u00f1a ya no limita los ratings de <\/strong><a class=\"link \" href=\"https:\/\/www.estrategiasdeinversion.com\/cotizaciones\/indices\/mercado-continuo\/bbva\" rel=\"nofollow noopener\" target=\"_blank\" data-ylk=\"slk:BBVA;elm:context_link;itc:0;sec:content-canvas\">BBVA<\/a> y <a class=\"link \" href=\"https:\/\/www.estrategiasdeinversion.com\/cotizaciones\/indices\/mercado-continuo\/caixabank\" rel=\"nofollow noopener\" target=\"_blank\" data-ylk=\"slk:Caixabank;elm:context_link;itc:0;sec:content-canvas\">Caixabank<\/a>.<\/p>\n<p class=\"yf-1090901\">Por su parte,\u00a0Citigroup ha dado un giro radical a su visi\u00f3n sobre <a class=\"link \" href=\"https:\/\/www.estrategiasdeinversion.com\/cotizaciones\/indices\/mercado-continuo\/acciona\" rel=\"nofollow noopener\" target=\"_blank\" data-ylk=\"slk:Acciona;elm:context_link;itc:0;sec:content-canvas\">Acciona<\/a>\u00a0La entidad estadounidense<a class=\"link \" href=\"https:\/\/www.estrategiasdeinversion.com\/actualidad\/noticias\/bolsa-espana\/a-que-se-deben-las-fuertes-caidas-de-acciona-en-n-845661\" rel=\"nofollow noopener\" target=\"_blank\" data-ylk=\"slk:ha rebajado su recomendaci\u00f3n desde neutral hasta vender, al tiempo que ha recortado su precio objetivo desde los 141 hasta los 135 euros por acci\u00f3n;elm:context_link;itc:0;sec:content-canvas\"> ha rebajado su recomendaci\u00f3n desde neutral hasta vender, al tiempo que ha recortado su precio objetivo desde los 141 hasta los 135 euros por acci\u00f3n<\/a>. Con la acci\u00f3n movi\u00e9ndose hoy en torno a los 164 euros, el banco de inversi\u00f3n considera que Acciona no solo no tiene potencial al alza, sino que podr\u00eda sufrir ca\u00eddas adicionales en los pr\u00f3ximos meses.<\/p>\n<p class=\"yf-1090901\">Mientras, en el <a class=\"link \" href=\"https:\/\/www.estrategiasdeinversion.com\/cotizaciones\/indices\/mercado-continuo\" rel=\"nofollow noopener\" target=\"_blank\" data-ylk=\"slk:Mercado continuo;elm:context_link;itc:0;sec:content-canvas\">Mercado continuo<\/a>, es noticia\u00a0<a class=\"link \" href=\"https:\/\/www.estrategiasdeinversion.com\/cotizaciones\/indices\/mercado-continuo\/dia\" rel=\"nofollow noopener\" target=\"_blank\" data-ylk=\"slk:DIA;elm:context_link;itc:0;sec:content-canvas\">DIA<\/a>, porque Bestinver eleva un 40% el potencial del valor. Eleva su recomendaci\u00f3n desde el anterior mantener hasta comprar, con un incremento en el precio objetivo de sus acciones hasta los 35 euros por acci\u00f3n desde los 26 precedentes. eso supone que, frente al cierre de ayer, <a class=\"link \" href=\"https:\/\/www.estrategiasdeinversion.com\/actualidad\/noticias\/bolsa-espana\/bestinver-confia-en-que-este-valor-del-mercado-n-845609\" rel=\"nofollow noopener\" target=\"_blank\" data-ylk=\"slk:los t\u00edtulos de la cadena de supermercados D\u00eda presentan un recorrido alcista del 40%.;elm:context_link;itc:0;sec:content-canvas\">los t\u00edtulos de la cadena de supermercados D\u00eda presentan un recorrido alcista del 40%.<\/a><\/p>\n<p class=\"yf-1090901\">Ya para el resto de plazas europeas, m\u00e1s de lo mismo que en el caso espa\u00f1ol, el\u00a0<a class=\"link \" href=\"https:\/\/www.estrategiasdeinversion.com\/cotizaciones\/indices\/euro-stoxx-50\" rel=\"nofollow noopener\" target=\"_blank\" data-ylk=\"slk:EURO STOXX 50;elm:context_link;itc:0;sec:content-canvas\">EURO STOXX 50<\/a>\u00a0baja un 1,28% hasta los 5.370 puntos, el <a class=\"link \" href=\"https:\/\/www.estrategiasdeinversion.com\/cotizaciones\/indices\/cac-40\" rel=\"nofollow noopener\" target=\"_blank\" data-ylk=\"slk:CAC 40;elm:context_link;itc:0;sec:content-canvas\">CAC 40<\/a> \u00a0ha cerrado con ca\u00eddas del 1,01% hasta los 7.180 puntos, el <strong>Dax pierde un 1,70%\u00a0<\/strong>hasta los 23.331 puntos y el <strong>FT 100 de Londres<\/strong>, con recortes del 0,93% hasta los 9.190 puntos.<\/p>\n<p class=\"yf-1090901\">Mientras, recogida de beneficios en Wall Street que tambi\u00e9n espera a la Fed, tras los m\u00e1ximos del S&amp;P 500 y del Nasdaq a cuenta ayer tanto de\u00a0<a class=\"link \" href=\"https:\/\/www.estrategiasdeinversion.com\/cotizaciones\/indices\/nasdaq-omx\/alphabet-a\" rel=\"nofollow noopener\" target=\"_blank\" data-ylk=\"slk:Alphabet-A;elm:context_link;itc:0;sec:content-canvas\">Alphabet-A<\/a>, como de\u00a0<a class=\"link \" href=\"https:\/\/www.estrategiasdeinversion.com\/cotizaciones\/indices\/nasdaq-omx\/tesla\" rel=\"nofollow noopener\" target=\"_blank\" data-ylk=\"slk:Tesla;elm:context_link;itc:0;sec:content-canvas\">Tesla<\/a>. Adem\u00e1s hoy sube de nuevo <a class=\"link \" href=\"https:\/\/www.estrategiasdeinversion.com\/cotizaciones\/indices\/nyse\/oracle\" rel=\"nofollow noopener\" target=\"_blank\" data-ylk=\"slk:Oracle;elm:context_link;itc:0;sec:content-canvas\">Oracle<\/a>, al filtrarse que ser\u00e1, cuanto menos, pieza clave en la reconfiguraci\u00f3n de TikTok en Estados Unidos.<\/p>\n<p class=\"yf-1090901\">Adem\u00e1s, la propuesta lanzada ayer desde su red social por el presidente de Estados Unidos, Donald Trump para que <a class=\"link \" href=\"https:\/\/www.estrategiasdeinversion.com\/actualidad\/noticias\/bolsa-eeuu\/wall-street-en-alerta-ante-la-propuesta-de-eliminacion-n-845731\" rel=\"nofollow noopener\" target=\"_blank\" data-ylk=\"slk:las empresas presenten sus resultados solo dos veces al a\u00f1o y no cuatro, trimestralmente como hasta la fecha, parece haber encontrado buena acogida en la SEC;elm:context_link;itc:0;sec:content-canvas\">las empresas presenten sus resultados solo dos veces al a\u00f1o y no cuatro, trimestralmente como hasta la fecha, parece haber encontrado buena acogida en la SEC<\/a>, que va a priorizar la idea ara eliminar lo que califica de &#8216;cargas regulatorias para las empresas&#8217;.<\/p>\n<p class=\"yf-1090901\">Al cierre del mercado espa\u00f1ol, el <a class=\"link \" href=\"https:\/\/www.estrategiasdeinversion.com\/cotizaciones\/indices\/dow-jones-ind-average\" rel=\"nofollow noopener\" target=\"_blank\" data-ylk=\"slk:DOW JONES Ind Average;elm:context_link;itc:0;sec:content-canvas\">DOW JONES Ind Average<\/a>\u00a0baja un 0,37% y se coloca en los 45.711 puntos, con un\u00a0<a class=\"link \" href=\"https:\/\/www.estrategiasdeinversion.com\/cotizaciones\/indices\/sp-500\" rel=\"nofollow noopener\" target=\"_blank\" data-ylk=\"slk:S&amp;P 500;elm:context_link;itc:0;sec:content-canvas\">S&amp;P 500<\/a>\u00a0que recorta un 0,18% hasta los 6.603 puntos y un\u00a0<a class=\"link \" href=\"https:\/\/www.estrategiasdeinversion.com\/cotizaciones\/indices\/nasdaq-omx\" rel=\"nofollow noopener\" target=\"_blank\" data-ylk=\"slk:Nasdaq OMX;elm:context_link;itc:0;sec:content-canvas\">Nasdaq OMX<\/a> \u00a0que baja un 0,12% hasta los 22.322 puntos.<\/p>\n<p class=\"yf-1090901\">Ya en la renta fija, suben ligeramente las rentabilidades de los activos, <strong>con alzas del 0,15% el bono espa\u00f1ol a 10 a\u00f1os hasta el 3,254%<\/strong> mientras que, el bund alem\u00e1n coloca su rendimiento en el 2,6959% y gana un 0,03%. La prima de riesgo sube un 0,96% hasta los 55,82 puntos b\u00e1sicos.<\/p>\n<p class=\"yf-1090901\">En el petr\u00f3leo, subidas importantes para el precio del futuro del barril <strong>\u00a0Brent que cotiza en los 68,37 d\u00f3lares, con alzas del 1,38%%<\/strong> y para el West Texas, que avanza en precio un 1,77% hasta los 64,42 d\u00f3lares.\u00a0Los\u00a0 <a class=\"link \" href=\"https:\/\/www.estrategiasdeinversion.com\/cotizaciones\/materias-primas\/futuros-del-oro\" rel=\"nofollow noopener\" target=\"_blank\" data-ylk=\"slk:Futuros del oro;elm:context_link;itc:0;sec:content-canvas\">Futuros del oro<\/a> pierden posiciones, un 0,06, hasta los 3.717 d\u00f3lares la onza, tras marcar nuevos m\u00e1ximos intrad\u00eda en la sesi\u00f3n.<\/p>\n<p class=\"yf-1090901\">El\u00a0 <a class=\"link \" href=\"https:\/\/www.estrategiasdeinversion.com\/cotizaciones\/divisas\/euro-dolar\" rel=\"nofollow noopener\" target=\"_blank\" data-ylk=\"slk:Euro D\u00f3lar;elm:context_link;itc:0;sec:content-canvas\">Euro D\u00f3lar<\/a>\u00a0se mueve en niveles de m\u00e1ximos de cinco a\u00f1os en las 1,1838 unidades, y subidas para la moneda \u00fanica frente al d\u00f3lar del 0,65%.<\/p>\n","protected":false},"excerpt":{"rendered":"El Ibex 35 corrige posiciones por debajo de los 15.200 puntos a la espera de la Fed M\u00e1xima&hellip;\n","protected":false},"author":2,"featured_media":41592,"comment_status":"","ping_status":"","sticky":false,"template":"","format":"standard","meta":{"footnotes":""},"categories":[80],"tags":[3287,82,95,94,25,24,1845,23,39676],"class_list":{"0":"post-119926","1":"post","2":"type-post","3":"status-publish","4":"format-standard","5":"has-post-thumbnail","7":"category-economia","8":"tag-banco-sabadell","9":"tag-business","10":"tag-economia","11":"tag-economy","12":"tag-es","13":"tag-espana","14":"tag-jerome-powell","15":"tag-spain","16":"tag-toda-europa"},"share_on_mastodon":{"url":"","error":""},"_links":{"self":[{"href":"https:\/\/www.europesays.com\/es\/wp-json\/wp\/v2\/posts\/119926","targetHints":{"allow":["GET"]}}],"collection":[{"href":"https:\/\/www.europesays.com\/es\/wp-json\/wp\/v2\/posts"}],"about":[{"href":"https:\/\/www.europesays.com\/es\/wp-json\/wp\/v2\/types\/post"}],"author":[{"embeddable":true,"href":"https:\/\/www.europesays.com\/es\/wp-json\/wp\/v2\/users\/2"}],"replies":[{"embeddable":true,"href":"https:\/\/www.europesays.com\/es\/wp-json\/wp\/v2\/comments?post=119926"}],"version-history":[{"count":0,"href":"https:\/\/www.europesays.com\/es\/wp-json\/wp\/v2\/posts\/119926\/revisions"}],"wp:featuredmedia":[{"embeddable":true,"href":"https:\/\/www.europesays.com\/es\/wp-json\/wp\/v2\/media\/41592"}],"wp:attachment":[{"href":"https:\/\/www.europesays.com\/es\/wp-json\/wp\/v2\/media?parent=119926"}],"wp:term":[{"taxonomy":"category","embeddable":true,"href":"https:\/\/www.europesays.com\/es\/wp-json\/wp\/v2\/categories?post=119926"},{"taxonomy":"post_tag","embeddable":true,"href":"https:\/\/www.europesays.com\/es\/wp-json\/wp\/v2\/tags?post=119926"}],"curies":[{"name":"wp","href":"https:\/\/api.w.org\/{rel}","templated":true}]}}