{"id":119927,"date":"2025-09-17T02:50:09","date_gmt":"2025-09-17T02:50:09","guid":{"rendered":"https:\/\/www.europesays.com\/es\/119927\/"},"modified":"2025-09-17T02:50:09","modified_gmt":"2025-09-17T02:50:09","slug":"fallece-manolo-cardo-historico-entrenador-del-sevilla-fc-y-referente-de-la-cantera","status":"publish","type":"post","link":"https:\/\/www.europesays.com\/es\/119927\/","title":{"rendered":"Fallece Manolo Cardo, hist\u00f3rico entrenador del Sevilla FC y referente de la cantera"},"content":{"rendered":"<p><img decoding=\"async\" src=\"https:\/\/www.europesays.com\/es\/wp-content\/uploads\/2025\/09\/manolo-cardo.jpg\" loading=\"lazy\" class=\"img-fluid w-100 mx-auto \" title=\"Manolo Cardo\" longdesc=\"data:text\/html;charset=utf-8;,%3C!DOCTYPE%20html%3E%3Chtml%3E%3Chead%3E%3Ctitle%3EManolo Cardo%3C\/title%3E%3C\/head%3E%3Cbody%3E%3Cp%3EManolo Cardo%3C\/body%3E%3C\/html%3E\"\/>    <\/p>\n<tr wp_automatic_readability=\"2\">\n<td width=\"*\" wp_automatic_readability=\"4\">    <img decoding=\"async\" src=\"https:\/\/www.europesays.com\/es\/wp-content\/uploads\/2025\/09\/1758077409_970_avatar-md.jpg\" border=\"0\" class=\"d-none d-md-inline-block\" style=\"margin-right:10px;\" alt=\"Carlos Vizca\u00edno \" title=\"Carlos Vizca\u00edno \"\/><\/p>\n<p><strong style=\"color:#e43d30\">Carlos Vizca\u00edno <\/strong> <br \/>16\/09\/2025<\/p>\n<\/td>\n<\/tr>\n<p data-start=\"283\" data-end=\"672\">El <a href=\"https:\/\/www.muchodeporte.com\/sevilla-fc\" rel=\"nofollow noopener\" target=\"_blank\"><strong>Sevilla FC<\/strong><\/a> llora la p\u00e9rdida de\u00a0<strong data-start=\"314\" data-end=\"337\">Manolo Cardo Romero<\/strong>, figura hist\u00f3rica de la entidad y s\u00edmbolo indiscutible en el banquillo de Nervi\u00f3n. Nacido en Coria del R\u00edo en 1940, fue uno de los entrenadores m\u00e1s recordados por el sevillismo, con un total de <strong data-start=\"532\" data-end=\"558\">200 partidos dirigidos<\/strong> al primer equipo, cifra que lo coloca solo por detr\u00e1s de Joaqu\u00edn Caparr\u00f3s y Unai Emery en la historia del club.<\/p>\n<p data-start=\"674\" data-end=\"1178\">Cardo se hizo cargo del Sevilla en diciembre de 1981 y permaneci\u00f3 en el cargo hasta junio de 1986. En esas cinco campa\u00f1as<strong> logr\u00f3 revitalizar a un equipo que atravesaba momentos dif\u00edciles y lo condujo a Europa <\/strong>en dos temporadas consecutivas, apostando por un estilo de juego alegre y competitivo. Su debut fue inolvidable: un <strong data-start=\"998\" data-end=\"1020\">1-4 en La Romareda<\/strong> ante el Zaragoza, con cuatro tantos de Pintinho y la aparici\u00f3n estelar de Francisco L\u00f3pez Alfaro, emblema de una cantera a la que siempre dio protagonismo.<\/p>\n<p data-start=\"1180\" data-end=\"1764\">Bajo su mando irrumpieron j\u00f3venes como <strong data-start=\"1219\" data-end=\"1274\">Francisco, Rafa Paz, Ram\u00f3n V\u00e1zquez o Manolo Jim\u00e9nez<\/strong>, todos ellos internacionales con la selecci\u00f3n espa\u00f1ola. Aquella generaci\u00f3n de talentos formados en la carretera de Utrera encontr\u00f3 en Cardo a un valiente impulsor, capaz de confiar en los recursos de la casa cuando las circunstancias deportivas y econ\u00f3micas no permit\u00edan grandes refuerzos. Entre sus recuerdos m\u00e1s brillantes figura tambi\u00e9n la victoria por 4-0 frente al PAOK de Sal\u00f3nica en la Copa de la UEFA, una de esas noches m\u00e1gicas que marcaron a varias generaciones de aficionados.<\/p>\n<p data-start=\"1766\" data-end=\"2120\">El legado de Manolo Cardo trasciende los n\u00fameros. Fue el hombre que devolvi\u00f3 al Sevilla la competitividad y el orgullo en una \u00e9poca compleja. El club ha expresado sus condolencias a familiares y amigos, mientras la afici\u00f3n despide a un entrenador que queda para siempre en la memoria como\u00a0<strong data-start=\"2081\" data-end=\"2117\">el coriano de oro del sevillismo<\/strong>.<\/p>\n","protected":false},"excerpt":{"rendered":"Carlos Vizca\u00edno 16\/09\/2025 El Sevilla FC llora la p\u00e9rdida de\u00a0Manolo Cardo Romero, figura hist\u00f3rica de la entidad y&hellip;\n","protected":false},"author":2,"featured_media":119928,"comment_status":"","ping_status":"","sticky":false,"template":"","format":"standard","meta":{"footnotes":""},"categories":[268],"tags":[168,25,24,280,282,12764,2993,281,23,167],"class_list":{"0":"post-119927","1":"post","2":"type-post","3":"status-publish","4":"format-standard","5":"has-post-thumbnail","7":"category-futbol","8":"tag-deportes","9":"tag-es","10":"tag-espana","11":"tag-football","12":"tag-futbol","13":"tag-sevilla-fc","14":"tag-sevilla-futbol-club","15":"tag-soccer","16":"tag-spain","17":"tag-sports"},"share_on_mastodon":{"url":"","error":""},"_links":{"self":[{"href":"https:\/\/www.europesays.com\/es\/wp-json\/wp\/v2\/posts\/119927","targetHints":{"allow":["GET"]}}],"collection":[{"href":"https:\/\/www.europesays.com\/es\/wp-json\/wp\/v2\/posts"}],"about":[{"href":"https:\/\/www.europesays.com\/es\/wp-json\/wp\/v2\/types\/post"}],"author":[{"embeddable":true,"href":"https:\/\/www.europesays.com\/es\/wp-json\/wp\/v2\/users\/2"}],"replies":[{"embeddable":true,"href":"https:\/\/www.europesays.com\/es\/wp-json\/wp\/v2\/comments?post=119927"}],"version-history":[{"count":0,"href":"https:\/\/www.europesays.com\/es\/wp-json\/wp\/v2\/posts\/119927\/revisions"}],"wp:featuredmedia":[{"embeddable":true,"href":"https:\/\/www.europesays.com\/es\/wp-json\/wp\/v2\/media\/119928"}],"wp:attachment":[{"href":"https:\/\/www.europesays.com\/es\/wp-json\/wp\/v2\/media?parent=119927"}],"wp:term":[{"taxonomy":"category","embeddable":true,"href":"https:\/\/www.europesays.com\/es\/wp-json\/wp\/v2\/categories?post=119927"},{"taxonomy":"post_tag","embeddable":true,"href":"https:\/\/www.europesays.com\/es\/wp-json\/wp\/v2\/tags?post=119927"}],"curies":[{"name":"wp","href":"https:\/\/api.w.org\/{rel}","templated":true}]}}