{"id":119929,"date":"2025-09-17T02:51:12","date_gmt":"2025-09-17T02:51:12","guid":{"rendered":"https:\/\/www.europesays.com\/es\/119929\/"},"modified":"2025-09-17T02:51:12","modified_gmt":"2025-09-17T02:51:12","slug":"melania-trump-crea-el-look-de-aeropuerto-perfecto-para-el-otono-2025","status":"publish","type":"post","link":"https:\/\/www.europesays.com\/es\/119929\/","title":{"rendered":"Melania Trump crea el look de aeropuerto perfecto para el oto\u00f1o 2025"},"content":{"rendered":"<p data-journey-content=\"true\" data-node-id=\"2\" class=\"css-i9p093 emevuu60\">El presidente de los Estados Unidos,<strong data-node-id=\"2.1\"> Donald Trump, y su mujer, <a href=\"https:\/\/www.elle.com\/es\/star-style\/el-estilo-de\/a63482957\/melania-trump-look-investidura-donald-trump\/\" data-vars-ga-outbound-link=\"https:\/\/www.elle.com\/es\/star-style\/el-estilo-de\/a63482957\/melania-trump-look-investidura-donald-trump\/\" data-vars-ga-ux-element=\"Hyperlink\" data-vars-ga-call-to-action=\"Melania Trump\" data-node-id=\"2.1.1\" class=\"body-link css-103hk4r emevuu60\" rel=\"nofollow noopener\" target=\"_blank\">Melania Trump<\/a>, han puesto rumbo a Reino Unido<\/strong> para comenzar su primer viaje de Estado en una semana protagonizada por el funeral de la duquesa de Kent. Eso s\u00ed, ser\u00e1 a partir del pr\u00f3ximo 17 de septiembre cuando el matrimonio estadounidense coincidir\u00e1 con la familia real brit\u00e1nica para atender juntos su agenda compartida hasta el pr\u00f3ximo viernes 19. Una cita que, seguro, generar\u00e1 un sinf\u00edn de titulares.<\/p>\n<p data-journey-content=\"true\" data-node-id=\"3\" class=\"css-i9p093 emevuu60\">Por el momento, nos quedamos con el<strong data-node-id=\"3.1\"> look de aeropuerto<\/strong> por el que ha apostado la primera dama de Estados Unidos. <strong data-node-id=\"3.3\">Un <a href=\"https:\/\/www.elle.com\/es\/moda\/noticias\/a66079105\/como-vestir-en-entretiempo-con-vestidos-boho-chaquetas-faldas-plisadas-y-zapatos-de-tendencia\/\" data-vars-ga-outbound-link=\"https:\/\/www.elle.com\/es\/moda\/noticias\/a66079105\/como-vestir-en-entretiempo-con-vestidos-boho-chaquetas-faldas-plisadas-y-zapatos-de-tendencia\/\" data-vars-ga-ux-element=\"Hyperlink\" data-vars-ga-call-to-action=\"look de entretiempo\" data-node-id=\"3.3.1\" class=\"body-link css-103hk4r emevuu60\" rel=\"nofollow noopener\" target=\"_blank\">look de entretiempo<\/a> perfecto para viajar c\u00f3moda y con estilo<\/strong> que, seguro, imitar\u00e1n todas aquellas mujeres que, como Melania, compartan gustos cl\u00e1sicos y elegantes. \u00bfEl porqu\u00e9? Porque est\u00e1 protagonizado por dos de <strong data-node-id=\"3.5\"><a href=\"https:\/\/www.elle.com\/es\/moda\/tendencias\/a65457679\/tendencias-moda-que-dominaran-este-otono-2025\/\" data-vars-ga-outbound-link=\"https:\/\/www.elle.com\/es\/moda\/tendencias\/a65457679\/tendencias-moda-que-dominaran-este-otono-2025\/\" data-vars-ga-ux-element=\"Hyperlink\" data-vars-ga-call-to-action=\"las tendencias clave del oto\u00f1o 2025\" data-node-id=\"3.5.0\" class=\"body-link css-103hk4r emevuu60\" rel=\"nofollow noopener\" target=\"_blank\">las tendencias clave del oto\u00f1o 2025<\/a><\/strong>: la de las gabardinas y la de las botas altas. <\/p>\n<p>Melania Trump sorprende con el look de entretiempo perfecto para viajar c\u00f3moda y con estilo<\/p>\n<p data-journey-content=\"true\" data-node-id=\"5\" class=\"css-i9p093 emevuu60\">No es la primera vez que Melania demuestra su pasi\u00f3n por la moda. De hecho, nos atrever\u00edamos a decir que su estilo es uno de los m\u00e1s aplaudidos m\u00e1s all\u00e1 de las fronteras estadounidenses e ideolog\u00edas.<\/p>\n<p><img draggable=\"true\" alt=\"melania trump gabardina\" title=\"melania trump gabardina\" loading=\"lazy\" width=\"5198\" height=\"3466\" decoding=\"async\" data-nimg=\"1\" style=\"color:transparent;width:100%;height:auto;\"   src=\"https:\/\/www.europesays.com\/es\/wp-content\/uploads\/2025\/09\/melania-trump-look-viajar-gabardina-botas-altas-elle-2-68c998bfe77b5.jpg\" class=\"css-0 e1g79fud0\"\/><a target=\"_blank\" rel=\"noopener nofollow\" data-theme-key=\"base-link\" href=\"http:\/\/pinterest.com\/pin\/create\/button\/?url=https:\/\/www.elle.com\/es\/star-style\/el-estilo-de\/a66126965\/melania-trump-look-aeropuerto-tendencia-otono-2025-gabardina-botas-altas\/&amp;description=- ElleSpain&amp;media=https:\/\/hips.hearstapps.com\/hmg-prod\/images\/melania-trump-look-viajar-gabardina-botas-altas-elle-2-68c998bfe77b5.jpg?resize=1600:*\" class=\"pinterest css-on9hn5 e1c1bym14\"><img decoding=\"async\" data-dynamic-svg=\"true\" src=\"http:\/\/www.elle.com\/_assets\/design-tokens\/fre\/static\/icons\/social\/pinterest.e8cf655.svg?primary=%2523ffffff\" loading=\"lazy\" data-testid=\"dynamic-svg-base\" height=\"auto\" width=\"auto\" alt=\"pinterest\" class=\"css-4lml0h e1mlxuuw1\"\/><\/a><\/p>\n<p>Getty Images<\/p>\n<p><img draggable=\"true\" alt=\"melania trump gabardina\" title=\"melania trump gabardina\" loading=\"lazy\" width=\"5639\" height=\"3759\" decoding=\"async\" data-nimg=\"1\" style=\"color:transparent;width:100%;height:auto;\"   src=\"https:\/\/www.europesays.com\/es\/wp-content\/uploads\/2025\/09\/melania-trump-look-viajar-gabardina-botas-altas-elle-1-68c998c079b1c.jpg\" class=\"css-0 e1g79fud0\"\/><\/p>\n<p>Getty Images<\/p>\n<p data-journey-content=\"true\" data-node-id=\"9\" class=\"css-i9p093 emevuu60\">La exmodelo sigue las tendencias, las moldea a su gusto y las lleva como solo las aut\u00e9nticas expertas en moda saben hacer. Y s\u00ed, su \u00faltimo look para viajar es la prueba que lo demuestra.<\/p>\n<p data-journey-content=\"true\" data-node-id=\"10\" class=\"css-i9p093 emevuu60\">Para empezar, Melania se decant\u00f3 por una <strong data-node-id=\"10.1\"><a href=\"https:\/\/www.elle.com\/es\/moda\/tendencias\/a63950983\/trench-gabardinas-originales-tendencia-entretiempo\/\" data-vars-ga-outbound-link=\"https:\/\/www.elle.com\/es\/moda\/tendencias\/a63950983\/trench-gabardinas-originales-tendencia-entretiempo\/\" data-vars-ga-ux-element=\"Hyperlink\" data-vars-ga-call-to-action=\"gabardina beige &#039;oversize&#039; con cintur\u00f3n\" data-node-id=\"10.1.0\" class=\"body-link css-103hk4r emevuu60\" rel=\"nofollow noopener\" target=\"_blank\">gabardina beige &#8216;oversize&#8217; con cintur\u00f3n<\/a>.<\/strong> Un cl\u00e1sico atemporal que, este oto\u00f1o, regresa con m\u00e1s fuerza que nunca gracias a apuestas como las de Balenciaga, Miu Miu, Louis Vuitton o Gabriela Hearst. Aunque eso s\u00ed, ella lleva un modelo exclusivo de <strong data-node-id=\"10.3\">Burberry<\/strong>. Concretamente, la gabardina &#8216;Castleford&#8217;, una pieza confeccionada en Inglaterra con algod\u00f3n resistente al agua, mangas ragl\u00e1n y forro de cuadros Burberry Check. \u00bfSu precio? Ronda los <strong data-node-id=\"10.5\">4.000 euros. <\/strong><\/p>\n<p data-journey-content=\"true\" data-node-id=\"11\" class=\"css-i9p093 emevuu60\">Adem\u00e1s, lo complet\u00f3 con un<strong data-node-id=\"11.1\"> &#8216;total look&#8217; en negro<\/strong> de prendas b\u00e1sicas y unas<strong data-node-id=\"11.3\"> botas altas planas.<\/strong> Apunt\u00e1ndose as\u00ed a otra de las tendencias m\u00e1s virales de la temporada. El resultado es sencillamente inspirador.<\/p>\n<p><img src=\"https:\/\/www.europesays.com\/es\/wp-content\/uploads\/2025\/09\/1758077472_827_5d174fc2-88a3-4418-a5b3-be884db3ec5f_1678984174.file\" alt=\"Headshot of Laura Soria\" title=\"Headshot of Laura Soria\" width=\"100%\" height=\"100%\" decoding=\"async\" loading=\"lazy\" class=\"css-o0wq4v ev8dhu53\"\/><\/p>\n<p>Laura Soria Onieva es experta en moda, tendencias, alfombras rojas y &#8216;celebrities&#8217;. Como apasionada del periodismo y la comunicaci\u00f3n, siempre est\u00e1 atenta a las \u00faltimas novedades del sector. Entiende la moda como una v\u00eda de expresi\u00f3n y siempre busca entender la filosof\u00eda que transmiten los estilismos de las famosas.<\/p>\n<p>La b\u00fasqueda constante de inspiraci\u00f3n la convierte en una prescriptora de futuras tendencias de temporada. As\u00ed, no hay prenda o estilo que se le escape en Instagram y TikTok. Experta en recrear los mejores looks de las famosas e influencers con prendas de las firmas &#8216;low cost&#8217; m\u00e1s exitosas como Zara, Mango, Stradivarius&#8230; As\u00ed como de las firmas espa\u00f1olas que debes tener s\u00ed o s\u00ed en tu radar para que puedas vestir a la \u00faltima. Para ella no hay tendencia imposible: transparencias, aberturas complicadas, brillos, lentejuelas&#8230; Buscar\u00e1 todos los trucos de la mano de las expertas para ense\u00f1ar c\u00f3mo lucirlas sin caer en el error.<\/p>\n<p>Laura Soria se gradu\u00f3 en el doble grado de Periodismo y Comunicaci\u00f3n Audiovisual en la Universidad Rey Juan Carlos y, desde el inicio, ha conseguido experiencia en distintos sectores: radio, televisi\u00f3n, peri\u00f3dico digital&#8230; Actualmente se dedica a la que es su verdadera pasi\u00f3n, el periodismo de moda, como colaboradora de moda y actualidad en la revista ELLE.<\/p>\n<p>Sus constantes ganas de aprender, y su alma inquieta, la han empujado a especializarse a\u00fan m\u00e1s en el mundillo con distintos cursos, destacando el de Marketing Digital y Comunicaci\u00f3n de Moda y Lujo. \u00a0\u00a0<\/p>\n","protected":false},"excerpt":{"rendered":"El presidente de los Estados Unidos, Donald Trump, y su mujer, Melania Trump, han puesto rumbo a Reino&hellip;\n","protected":false},"author":2,"featured_media":119930,"comment_status":"","ping_status":"","sticky":false,"template":"","format":"standard","meta":{"footnotes":""},"categories":[174],"tags":[255,253,146,147,25,24,256,23],"class_list":{"0":"post-119929","1":"post","2":"type-post","3":"status-publish","4":"format-standard","5":"has-post-thumbnail","7":"category-famosos","8":"tag-celebrities","9":"tag-discover","10":"tag-entertainment","11":"tag-entretenimiento","12":"tag-es","13":"tag-espana","14":"tag-famosos","15":"tag-spain"},"share_on_mastodon":{"url":"","error":""},"_links":{"self":[{"href":"https:\/\/www.europesays.com\/es\/wp-json\/wp\/v2\/posts\/119929","targetHints":{"allow":["GET"]}}],"collection":[{"href":"https:\/\/www.europesays.com\/es\/wp-json\/wp\/v2\/posts"}],"about":[{"href":"https:\/\/www.europesays.com\/es\/wp-json\/wp\/v2\/types\/post"}],"author":[{"embeddable":true,"href":"https:\/\/www.europesays.com\/es\/wp-json\/wp\/v2\/users\/2"}],"replies":[{"embeddable":true,"href":"https:\/\/www.europesays.com\/es\/wp-json\/wp\/v2\/comments?post=119929"}],"version-history":[{"count":0,"href":"https:\/\/www.europesays.com\/es\/wp-json\/wp\/v2\/posts\/119929\/revisions"}],"wp:featuredmedia":[{"embeddable":true,"href":"https:\/\/www.europesays.com\/es\/wp-json\/wp\/v2\/media\/119930"}],"wp:attachment":[{"href":"https:\/\/www.europesays.com\/es\/wp-json\/wp\/v2\/media?parent=119929"}],"wp:term":[{"taxonomy":"category","embeddable":true,"href":"https:\/\/www.europesays.com\/es\/wp-json\/wp\/v2\/categories?post=119929"},{"taxonomy":"post_tag","embeddable":true,"href":"https:\/\/www.europesays.com\/es\/wp-json\/wp\/v2\/tags?post=119929"}],"curies":[{"name":"wp","href":"https:\/\/api.w.org\/{rel}","templated":true}]}}