{"id":119955,"date":"2025-09-17T03:22:17","date_gmt":"2025-09-17T03:22:17","guid":{"rendered":"https:\/\/www.europesays.com\/es\/119955\/"},"modified":"2025-09-17T03:22:17","modified_gmt":"2025-09-17T03:22:17","slug":"la-hija-transgenero-de-elon-musk-deslumbro-en-la-semana-de-la-moda-de-nueva-york-los-detalles-de-su-look","status":"publish","type":"post","link":"https:\/\/www.europesays.com\/es\/119955\/","title":{"rendered":"La hija transg\u00e9nero de Elon Musk deslumbr\u00f3 en la Semana de la Moda de Nueva York: los detalles de su look"},"content":{"rendered":"<p><img alt=\"La participaci\u00f3n de Vivian Wilson\" class=\"global-image\" decoding=\"async\" fetchpriority=\"high\" height=\"1080\" loading=\"eager\" src=\"https:\/\/www.europesays.com\/es\/wp-content\/uploads\/2025\/09\/JIS34SF6BBDCVOSVF6MMAH4TTY.jpg\" width=\"1920\"\/>La participaci\u00f3n de Vivian Wilson se convirti\u00f3 en uno de los momentos clave de la Semana de la Moda de Nueva York (Instar Images\/The Grosby Group)<\/p>\n<p class=\"paragraph\"><a rel=\"noopener noreferrer nofollow\" href=\"https:\/\/www.infobae.com\/tag\/vivian-jenna-wilson\/\" target=\"_blank\" title=\"https:\/\/www.infobae.com\/tag\/vivian-jenna-wilson\/\"><b>Vivian Wilson<\/b><\/a> se convirti\u00f3 en una de las figuras m\u00e1s comentadas de la \u00faltima edici\u00f3n de la <a rel=\"noopener noreferrer nofollow\" href=\"https:\/\/www.infobae.com\/tendencias\/2025\/09\/12\/empezo-el-new-york-fashion-week-con-glamour-urbano-moda-abierta-y-personalidades-que-imponen-su-estilo\/\" target=\"_blank\" title=\"https:\/\/www.infobae.com\/tendencias\/2025\/09\/12\/empezo-el-new-york-fashion-week-con-glamour-urbano-moda-abierta-y-personalidades-que-imponen-su-estilo\/\"><b>New York Fashion Week<\/b><\/a>. Sorprendi\u00f3 durante su primer desfile en lo que se considera la pasarela m\u00e1s relevante de <b>Estados Unidos. <\/b><\/p>\n<p class=\"paragraph\">Con solo 21 a\u00f1os, la hija transg\u00e9nero de <a rel=\"noopener noreferrer nofollow\" href=\"https:\/\/www.infobae.com\/tag\/elon-musk\/\" target=\"_blank\" title=\"https:\/\/www.infobae.com\/tag\/elon-musk\/\"><b>Elon Musk<\/b><\/a> y <b>Justine Wilson<\/b> atrajo la atenci\u00f3n al consagrarse como una de las modelos revelaci\u00f3n del evento. <\/p>\n<p class=\"paragraph\">El esperado debut de Wilson respondi\u00f3 a meses de preparaci\u00f3n y supuso el cumplimiento de uno de sus mayores anhelos en el mundo de la <b>moda.<\/b><\/p>\n<p class=\"paragraph\">La irrupci\u00f3n de Wilson en la semana de la moda neoyorquina se concret\u00f3 a trav\u00e9s de tres presentaciones clave. Su primera aparici\u00f3n se realiz\u00f3 en el desfile de la casa de joyer\u00eda Alexis Bittar, donde visti\u00f3 un vestido largo rojo brillante, accesorios dorados y una banda con la inscripci\u00f3n \u201cMiss South Carolina\u201d. <\/p>\n<p><img alt=\"El debut de Vivian Wilson\" class=\"global-image\" decoding=\"async\" fetchpriority=\"low\" height=\"2893\" loading=\"lazy\" src=\"https:\/\/www.europesays.com\/es\/wp-content\/uploads\/2025\/09\/NVTUXOIRJ5DA7DNUDRPTRALMS4.jpg\" width=\"1920\"\/>El debut de Vivian Wilson llam\u00f3 la atenci\u00f3n del p\u00fablico y de cr\u00edticos por su mensaje de inclusi\u00f3n y diversidad (Instar Images\/The Grosby Group)<\/p>\n<p class=\"paragraph\">Esta puesta en escena, inspirada en el certamen <b>\u201cMiss USA 1991\u201d<\/b>, abord\u00f3 temas como la misoginia, la cosificaci\u00f3n y los derechos de las personas trans, con referencias cinematogr\u00e1ficas y est\u00e9ticas de culto. <\/p>\n<p class=\"paragraph\">El propio Alexis Bittar agradeci\u00f3 p\u00fablicamente la implicaci\u00f3n de Vivian, al destacar c\u00f3mo encarn\u00f3 el esp\u00edritu y la historia de la colecci\u00f3n, representada por un elenco \u00edntegramente transg\u00e9nero.<\/p>\n<p class=\"paragraph\">Al d\u00eda siguiente, Wilson desfil\u00f3 para Prabal Gurung, al lucir un su\u00e9ter largo blanco transl\u00facido y un vestido de punto a juego. Su aparici\u00f3n inesperada en la pasarela de Dauphinette caus\u00f3 furor al irrumpir de forma en\u00e9rgica, lo que consagr\u00f3 el desfile como uno de los momentos m\u00e1s comentados de la edici\u00f3n. <\/p>\n<p><img alt=\"El carisma y la personalidad\" class=\"global-image\" decoding=\"async\" fetchpriority=\"low\" height=\"2882\" loading=\"lazy\" src=\"https:\/\/www.europesays.com\/es\/wp-content\/uploads\/2025\/09\/TVKSSJPGZZHN3BKPJDIQPT3OWU.jpg\" width=\"1920\"\/>El carisma y la personalidad de la hija transg\u00e9nero de Elon Musk marcaron tendencia en la pasarela neoyorquina (Photo by Jonas Gustavsson\/Sipa USA)<\/p>\n<p class=\"paragraph\">Vestida con un top tipo bikini y una pollera abullonada de tafet\u00e1n, adornada con broches de escarabajo pintados a mano, Wilson demostr\u00f3 su enorme versatilidad y carisma sobre la pasarela.<\/p>\n<p class=\"paragraph\">Vivian es uno de los seis hijos que Elon Musk tuvo con Justine Wilson. La relaci\u00f3n con su padre termin\u00f3 de manera definitiva a los 18 a\u00f1os, momento en el que Vivian solicit\u00f3 legalmente el cambio de apellido para adoptar el de su madre y as\u00ed desvincularse completamente del fundador de Tesla. <\/p>\n<p><img alt=\"La relaci\u00f3n distante de Vivian\" class=\"global-image\" decoding=\"async\" fetchpriority=\"low\" height=\"1080\" loading=\"lazy\" src=\"https:\/\/www.europesays.com\/es\/wp-content\/uploads\/2025\/09\/FZHXYRAKHRHS5HKEA6KZJ5KAOA.jpg\" width=\"1920\"\/>La relaci\u00f3n distante de Vivian Wilson con Elon Musk ha marcado su camino independiente en la industria de la moda y el activismo (REUTERS\/Instagram)<\/p>\n<p class=\"paragraph\">Desde que oficializ\u00f3 su identidad y nombre en 2022, no percibe sustento econ\u00f3mico ni mantiene contacto alguno con su padre.<\/p>\n<p class=\"paragraph\">Vivian mantiene una postura firme ante esta distancia y enfoca su visibilidad en la reivindicaci\u00f3n de los derechos de las mujeres y de la comunidad LGTBQ+.<\/p>\n<p class=\"paragraph\">El proceso de transici\u00f3n de Vivian Wilson <b>comenz\u00f3 a los 16 a\u00f1os<\/b>, respaldada de manera incondicional por su madre. Dos a\u00f1os despu\u00e9s, inici\u00f3 formalmente el tr\u00e1mite de cambio de nombre e identidad de g\u00e9nero, acto que fue registrado en 2022.<\/p>\n<p class=\"paragraph\">Este paso confirm\u00f3 p\u00fablicamente su identidad como mujer transg\u00e9nero, reafirmando su independencia frente a su familia paterna y dando mayor proyecci\u00f3n a su defensa de los derechos trans. Actualmente suele desempe\u00f1arse en Los \u00c1ngeles, donde reside y desarrolla proyectos.<\/p>\n<p><img alt=\"Antes de su debut en\" class=\"global-image\" decoding=\"async\" fetchpriority=\"low\" height=\"1584\" loading=\"lazy\" src=\"https:\/\/www.europesays.com\/es\/wp-content\/uploads\/2025\/09\/HRHUTMST2FGWHMDJN2CACDG64Y.jpeg\" width=\"2111\"\/>Antes de su debut en la Semana de la Moda de Nueva York, Vivian Wilson ya se destac\u00f3 en producciones para Teen Vogue, Dazed y The Cut (Website Tomboyx\/Katia Temkin)<\/p>\n<p class=\"paragraph\">Pese a la notoriedad de su familia, Vivian Wilson comenz\u00f3 a forjar una carrera ajena a la influencia medi\u00e1tica de Elon Musk. Antes de su debut en las grandes pasarelas, ya apareci\u00f3 en portadas de revistas como Teen Vogue, Dazed y The Cut. <\/p>\n<p class=\"paragraph\">Su autenticidad y presencia fueron aplaudidas por dise\u00f1adores y marcas, quienes ven en ella un valor diferencial dentro del panorama del modelaje. <\/p>\n<p class=\"paragraph\">El ascenso de Vivian Wilson tambi\u00e9n se consolid\u00f3 gracias a su presencia activa en redes sociales, donde suma m\u00e1s de 800.000 seguidores en Instagram y m\u00e1s de <b>1,5 millones<\/b> en TikTok. Sus perfiles digitales se establecieron como espacios de debate para una <b>comunidad fiel y din\u00e1mica<\/b> que comenta y sigue cada interacci\u00f3n.<\/p>\n","protected":false},"excerpt":{"rendered":"La participaci\u00f3n de Vivian Wilson se convirti\u00f3 en uno de los momentos clave de la Semana de la&hellip;\n","protected":false},"author":2,"featured_media":119956,"comment_status":"","ping_status":"","sticky":false,"template":"","format":"standard","meta":{"footnotes":""},"categories":[91],"tags":[12562,146,147,25,24,38201,23,39680],"class_list":{"0":"post-119955","1":"post","2":"type-post","3":"status-publish","4":"format-standard","5":"has-post-thumbnail","7":"category-entretenimiento","8":"tag-editors_choice","9":"tag-entertainment","10":"tag-entretenimiento","11":"tag-es","12":"tag-espana","13":"tag-new-york-fashion-week","14":"tag-spain","15":"tag-vivian-wilson"},"share_on_mastodon":{"url":"","error":""},"_links":{"self":[{"href":"https:\/\/www.europesays.com\/es\/wp-json\/wp\/v2\/posts\/119955","targetHints":{"allow":["GET"]}}],"collection":[{"href":"https:\/\/www.europesays.com\/es\/wp-json\/wp\/v2\/posts"}],"about":[{"href":"https:\/\/www.europesays.com\/es\/wp-json\/wp\/v2\/types\/post"}],"author":[{"embeddable":true,"href":"https:\/\/www.europesays.com\/es\/wp-json\/wp\/v2\/users\/2"}],"replies":[{"embeddable":true,"href":"https:\/\/www.europesays.com\/es\/wp-json\/wp\/v2\/comments?post=119955"}],"version-history":[{"count":0,"href":"https:\/\/www.europesays.com\/es\/wp-json\/wp\/v2\/posts\/119955\/revisions"}],"wp:featuredmedia":[{"embeddable":true,"href":"https:\/\/www.europesays.com\/es\/wp-json\/wp\/v2\/media\/119956"}],"wp:attachment":[{"href":"https:\/\/www.europesays.com\/es\/wp-json\/wp\/v2\/media?parent=119955"}],"wp:term":[{"taxonomy":"category","embeddable":true,"href":"https:\/\/www.europesays.com\/es\/wp-json\/wp\/v2\/categories?post=119955"},{"taxonomy":"post_tag","embeddable":true,"href":"https:\/\/www.europesays.com\/es\/wp-json\/wp\/v2\/tags?post=119955"}],"curies":[{"name":"wp","href":"https:\/\/api.w.org\/{rel}","templated":true}]}}