{"id":119957,"date":"2025-09-17T03:24:04","date_gmt":"2025-09-17T03:24:04","guid":{"rendered":"https:\/\/www.europesays.com\/es\/119957\/"},"modified":"2025-09-17T03:24:04","modified_gmt":"2025-09-17T03:24:04","slug":"las-big-tech-disparan-las-inversiones-por-la-ia-y-superan-el-umbral-de-los-400-000-millones-de-dolares-economia","status":"publish","type":"post","link":"https:\/\/www.europesays.com\/es\/119957\/","title":{"rendered":"Las \u2018big tech\u2019 disparan las inversiones por la IA y superan el umbral de los 400.000 millones de d\u00f3lares | Econom\u00eda"},"content":{"rendered":"<p class=\"\">Oracle sacudi\u00f3 al mercado la pasada semana al anunciar unas previsiones de fuerte crecimiento, gracias a la demanda de servicios derivados de la implantaci\u00f3n de la inteligencia artificial (IA). Entre otras magnitudes, comunic\u00f3 al mercado <a href=\"https:\/\/elpais.com\/economia\/2025-09-10\/oracle-vive-una-subida-en-bolsa-historica-tras-anunciar-una-cartera-de-contratos-en-cloud-de-casi-500000-millones-gracias-a-la-ia.html\" target=\"_self\" rel=\"nofollow noopener\" title=\"https:\/\/elpais.com\/economia\/2025-09-10\/oracle-vive-una-subida-en-bolsa-historica-tras-anunciar-una-cartera-de-contratos-en-cloud-de-casi-500000-millones-gracias-a-la-ia.html\">que su cartera en este \u00e1mbito<\/a> se acerca a los 500.000 millones de d\u00f3lares (unos 428.000 millones de euros), gracias a contratos con empresas como OpenAI, xAI (la start-up impulsada por Elon Musk) y Meta. Pero, en paralelo, la empresa cofundada por Larry Ellison, que protagoniz\u00f3 su mayor subida en Bolsa desde 1992, reconoci\u00f3 que deber\u00e1 afrontar fuertes inversiones para afrontar este nuevo escenario tecnol\u00f3gico. <\/p>\n<p class=\"\">Con el anuncio de Oracle, <a href=\"https:\/\/elpais.com\/economia\/2025-08-01\/los-gigantes-tecnologicos-presumen-de-crecimiento-de-doble-digito-en-la-nueva-era-de-la-ia.html\" target=\"_self\" rel=\"nofollow noopener\" title=\"https:\/\/elpais.com\/economia\/2025-08-01\/los-gigantes-tecnologicos-presumen-de-crecimiento-de-doble-digito-en-la-nueva-era-de-la-ia.html\">las inversiones anuales de los gigantes tecnol\u00f3gicos<\/a> van a superar los 400.000 millones de d\u00f3lares (unos 340.000 millones de euros), con un fuerte aumento por el avance de la IA. A lo largo del verano, grupos como Alphabet, Meta, Microsoft, Amazon y Apple han comunicado un fuerte incremento del capex (inversiones en activos de largo plazo) para afrontar este desarrollo tecnol\u00f3gico. <\/p>\n<p class=\"\">Por compa\u00f1\u00edas, bajo sus estimaciones de crecimiento, Oracle prev\u00e9 que, en el ejercicio fiscal de 2026, que empez\u00f3 a principios de junio, su capex supere los 35.000 millones de d\u00f3lares. Seg\u00fan explic\u00f3 el gigante tecnol\u00f3gico en su presentaci\u00f3n con inversores y analistas, la gran mayor\u00eda de las inversiones se destinar\u00e1n a equipos generadores de ingresos que se instalar\u00e1n en los centros de datos, y no a terrenos ni edificios. <\/p>\n<p class=\"\">Eso s\u00ed, Oracle defendi\u00f3 el impacto positivo de estas partidas, se\u00f1alando que, a medida que se implante m\u00e1s capacidad, convertir\u00e1 la gran cartera de contratos en un crecimiento acelerado de los ingresos y las ganancias.<\/p>\n<p class=\"\">A su vez, Alphabet anunci\u00f3 en julio que, ante la demanda masiva de servicios de cloud computing invertir\u00e1 este a\u00f1o en torno a 85.000 millones de d\u00f3lares, por encima de las previsiones iniciales de 75.000 millones. Adem\u00e1s, la matriz de Google y Youtube comunic\u00f3 que, para el pr\u00f3ximo ejercicio, las inversiones ser\u00e1n mayores. <\/p>\n<p class=\"\">Tambi\u00e9n Meta elev\u00f3 las proyecciones de capex. La matriz de Facebook, WhatsApp e Instagram, espera una inversi\u00f3n en 2025 entre 66.000 y 72.000 millones de d\u00f3lares, cuando a principios de a\u00f1o hab\u00eda hecho un pron\u00f3stico de 65.000 millones, especialmente para la construcci\u00f3n de centros de datos para IA y atracci\u00f3n de talento. <\/p>\n<p class=\"\">En esta carrera, Microsoft comunic\u00f3 que, en su \u00faltimo ejercicio fiscal, concluido el pasado 30 de junio, hab\u00eda alcanzado un capex de 88.700 millones de d\u00f3lares, por encima de la estimaci\u00f3n previa e 80.000 millones. Para el primer trimestre del nuevo ejercicio, el gigante de Redmond prev\u00e9 unas inversiones de 30.000 millones, un 50% m\u00e1s que en el mismo periodo del a\u00f1o anterior, con el fin de aumentar la capacidad de los centros de datos por el incremento de la demanda. La firma, no obstante, adelant\u00f3 que el capex crecer\u00e1 a un menor ritmo para el conjunto del ejercicio de 2026.<\/p>\n<p class=\"\">Amazon, por su parte, comunic\u00f3 que, entre abril y junio, hab\u00eda alcanzado unas inversiones a largo plazo de 31.400 millones de d\u00f3lares, con el aumento de capacidad de los centros de su divisi\u00f3n Amazon Web Services (AWS). En el primer trimestre, esta magnitud hab\u00eda superado los 24.300 millones con lo que, de mantener este ritmo, alcanzar\u00e1 los 118.000 millones durante el actual ejercicio. <\/p>\n<p class=\"\">En la misma l\u00ednea, la direcci\u00f3n de Apple se\u00f1al\u00f3 en la presentaci\u00f3n de las cuentas del \u00faltimo trimestre que espera un crecimiento sustancial del capex. En los nueve primeros meses de su ejercicio fiscal, las partidas ascendieron a 9.473 millones de d\u00f3lares, un 44% m\u00e1s.<\/p>\n<p class=\"\">En t\u00e9rminos generales, los gigantes tecnol\u00f3gicos est\u00e1n confiados en su fuerte capacidad de generaci\u00f3n de caja, tanto para mantener este ritmo inversor como para continuar con sus generosas pol\u00edticas de remuneraci\u00f3n a los accionistas. En este sentido, Microsoft ha aprobado esta misma semana un aumento del dividendo trimestral del 10%, hasta 91 centavos por acci\u00f3n, y acumula casi dos d\u00e9cadas de subidas de esta remuneraci\u00f3n a los inversores.<\/p>\n<p class=\"\">La propia Oracle <a href=\"https:\/\/elpais.com\/economia\/2025-09-13\/larry-ellison-una-fortuna-respaldada-por-las-recompras-masivas-de-acciones-y-los-multimillonarios-dividendos-de-oracle.html\" target=\"_self\" rel=\"nofollow noopener\" title=\"https:\/\/elpais.com\/economia\/2025-09-13\/larry-ellison-una-fortuna-respaldada-por-las-recompras-masivas-de-acciones-y-los-multimillonarios-dividendos-de-oracle.html\">ha elevado su dividendos todos los a\u00f1os desde 2009<\/a>, cuando implant\u00f3 esta retribuci\u00f3n. El \u00faltimo incremento, del 25%, tuvo lugar en febrero pasado. <\/p>\n","protected":false},"excerpt":{"rendered":"Oracle sacudi\u00f3 al mercado la pasada semana al anunciar unas previsiones de fuerte crecimiento, gracias a la demanda&hellip;\n","protected":false},"author":2,"featured_media":119958,"comment_status":"","ping_status":"","sticky":false,"template":"","format":"standard","meta":{"footnotes":""},"categories":[80],"tags":[11404,912,82,31673,28948,95,94,2308,25,24,5003,11314,136,921,36604,138,10070,31298,23],"class_list":{"0":"post-119957","1":"post","2":"type-post","3":"status-publish","4":"format-standard","5":"has-post-thumbnail","7":"category-economia","8":"tag-alphabet","9":"tag-amazon","10":"tag-business","11":"tag-clouds","12":"tag-dividendo","13":"tag-economia","14":"tag-economy","15":"tag-empresas","16":"tag-es","17":"tag-espana","18":"tag-google","19":"tag-grandes-tecnologicas","20":"tag-inteligencia-artificial","21":"tag-inversion","22":"tag-larry-ellison","23":"tag-meta","24":"tag-microsoft","25":"tag-oracle","26":"tag-spain"},"share_on_mastodon":{"url":"","error":""},"_links":{"self":[{"href":"https:\/\/www.europesays.com\/es\/wp-json\/wp\/v2\/posts\/119957","targetHints":{"allow":["GET"]}}],"collection":[{"href":"https:\/\/www.europesays.com\/es\/wp-json\/wp\/v2\/posts"}],"about":[{"href":"https:\/\/www.europesays.com\/es\/wp-json\/wp\/v2\/types\/post"}],"author":[{"embeddable":true,"href":"https:\/\/www.europesays.com\/es\/wp-json\/wp\/v2\/users\/2"}],"replies":[{"embeddable":true,"href":"https:\/\/www.europesays.com\/es\/wp-json\/wp\/v2\/comments?post=119957"}],"version-history":[{"count":0,"href":"https:\/\/www.europesays.com\/es\/wp-json\/wp\/v2\/posts\/119957\/revisions"}],"wp:featuredmedia":[{"embeddable":true,"href":"https:\/\/www.europesays.com\/es\/wp-json\/wp\/v2\/media\/119958"}],"wp:attachment":[{"href":"https:\/\/www.europesays.com\/es\/wp-json\/wp\/v2\/media?parent=119957"}],"wp:term":[{"taxonomy":"category","embeddable":true,"href":"https:\/\/www.europesays.com\/es\/wp-json\/wp\/v2\/categories?post=119957"},{"taxonomy":"post_tag","embeddable":true,"href":"https:\/\/www.europesays.com\/es\/wp-json\/wp\/v2\/tags?post=119957"}],"curies":[{"name":"wp","href":"https:\/\/api.w.org\/{rel}","templated":true}]}}