{"id":119972,"date":"2025-09-17T03:37:04","date_gmt":"2025-09-17T03:37:04","guid":{"rendered":"https:\/\/www.europesays.com\/es\/119972\/"},"modified":"2025-09-17T03:37:04","modified_gmt":"2025-09-17T03:37:04","slug":"agatha-ruiz-de-la-prada-volvio-a-criticar-a-bailando-con-las-estrellas-y-se-nego-a-responder-a-las-preguntas-clasicas","status":"publish","type":"post","link":"https:\/\/www.europesays.com\/es\/119972\/","title":{"rendered":"\u00c1gatha Ruiz de la Prada volvi\u00f3 a criticar a &#8216;Bailando con las estrellas&#8217; y se neg\u00f3 a responder a las preguntas cl\u00e1sicas"},"content":{"rendered":"<p class=\"article-text\">\n        Este martes, 16 de septiembre, <strong>\u00c1gatha Ruiz de la Prada<\/strong> acudi\u00f3 por primera vez a <strong>La Revuelta<\/strong>, y lo hizo para promocionar su libro &#8216;Todo por un plan&#8217;.\n    <\/p>\n<p>    <a href=\"https:\/\/www.eldiario.es\/noticias\/candela-pena-ficha-colaboradora-la-revuelta-deja-late-xou-marc-giro-problema-conciliacion_1_12591268.html\" data-mrf-recirculation=\"saber-mas\" data-dl-event=\"saber-mas\" rel=\"nofollow noopener\" target=\"_blank\"><\/p>\n<p class=\"know-more__title\">Candela Pe\u00f1a ficha como colaboradora de &#8216;La Revuelta&#8217; y deja el &#8216;Late Xou&#8217; de Marc Gir\u00f3 por un problema de \u00abconciliaci\u00f3n\u00bb<\/p>\n<p>            <img decoding=\"async\" class=\"lazy\" loading=\"lazy\" data-src=\"https:\/\/static.eldiario.es\/clip\/5a9b6b23-c2c1-4ffd-b1e1-29634ddff5a9_16-9-aspect-ratio_default_0.jpg\" src=\"data:image\/svg+xml,%3Csvg xmlns=\" http:=\"\" viewbox=\"0 0 880 495\" alt=\"Candela Pe\u00f1a ficha como colaboradora de 'La Revuelta' y deja el 'Late Xou' de Marc Gir\u00f3 por un problema de &quot;conciliaci\u00f3n&quot;\"\/><\/p>\n<p>                        <\/a><\/p>\n<p class=\"article-text\">\n        Adem\u00e1s de abogar por \u201ctener muchos planes\u201d a diario, la dise\u00f1adora habl\u00f3 con <strong>David Broncano<\/strong> de sus t\u00edtulos nobiliarios, de la monarqu\u00eda y de los realities por los que ha pasado.\n    <\/p>\n<p class=\"article-text\">\n        La invitada sorprendi\u00f3 al presentador al explicarle que hab\u00eda participado en Bailando con las estrellas. \u201cMe <a href=\"https:\/\/www.eldiario.es\/vertele\/noticias\/agatha-ruiz-de-la-prada-bailando-con-las-estrellas-bronca-enfado-telecinco-primera-eliminada_1_10854834.html\" target=\"_blank\" data-mrf-recirculation=\"links-noticia\" class=\"link\" rel=\"nofollow noopener\">echaron el primer d\u00eda injustamente<\/a>\u201d, dijo y el equipo del programa busc\u00f3 im\u00e1genes de ella en el talent.\n    <\/p>\n<p class=\"article-text\">\n        Al recordar su paso &#8211; que empez\u00f3 con una <a href=\"https:\/\/www.eldiario.es\/vertele\/noticias\/bailando-con-las-estrellas-estreno-nuevo-programa-telecinco-jesus-vazquez-agatha-amenaza_1_10835929.html\" target=\"_blank\" data-mrf-recirculation=\"links-noticia\" class=\"link\" rel=\"nofollow noopener\">gran bronca con el jurado<\/a>&#8211; \u00c1gatha incluso lleg\u00f3 a decir que cre\u00eda \u201c<strong>que estaba todo preprado. De verdad. Era muy angustioso. <\/strong>Protest\u00e9 mucho\u201d.\n    <\/p>\n<blockquote class=\"twitter-tweet\" data-lang=\"es\"><p><a href=\"https:\/\/twitter.com\/X\/status\/1968048494540931447?ref_src=twsrc%5Etfw\" rel=\"nofollow noopener\" target=\"_blank\"><\/p><\/blockquote>\n<p class=\"article-text\">\n        Por lo que no volver\u00eda al programa, pero s\u00ed se apuntar\u00eda a un MasterChef de limpiar: \u201cPorque<strong> limpio muy bien<\/strong>\u201d, asegur\u00f3 subrayando que tambi\u00e9n hac\u00eda productos de limpieza con su marca.\n    <\/p>\n<p class=\"article-text\">\n        Tambi\u00e9n confes\u00f3 a Broncano que se siente siempre atra\u00edda por los \u201ccanallas\u201d y en esa l\u00ednea, tambi\u00e9n lament\u00f3 que antes le invitaran mucho al Palacio Real, pero ya no porque se dio cuenta de que<strong> \u201cno me invitaban por m\u00ed\u201d.<\/strong> Si no por su expareja.\n    <\/p>\n<p>    <a href=\"https:\/\/www.eldiario.es\/vertele\/noticias\/uer-responde-rtve-salida-eurovision-evalua-posibles-consecuencias-israel_1_12606828.html\" data-mrf-recirculation=\"saber-mas-abajo\" data-dl-event=\"saber-mas-abajo\" rel=\"nofollow noopener\" target=\"_blank\"><\/p>\n<p class=\"know-more__title\">La UER responde a RTVE por su salida de Eurovisi\u00f3n y \u201ceval\u00faa las posibles consecuencias\u201d sobre Israel<\/p>\n<p>            <img decoding=\"async\" class=\"lazy\" loading=\"lazy\" data-src=\"https:\/\/static.eldiario.es\/clip\/679925d6-9f0f-4e08-baa7-be19f5b1e850_16-9-aspect-ratio_default_0.jpg\" src=\"data:image\/svg+xml,%3Csvg xmlns=\" http:=\"\" viewbox=\"0 0 880 495\" alt=\"La UER responde a RTVE por su salida de Eurovisi\u00f3n y &quot;eval\u00faa las posibles consecuencias&quot; sobre Israel\"\/><\/p>\n<p>                        <\/a><\/p>\n<blockquote class=\"twitter-tweet\" data-lang=\"es\"><p><a href=\"https:\/\/twitter.com\/X\/status\/1968058058279657649?ref_src=twsrc%5Etfw\" rel=\"nofollow noopener\" target=\"_blank\"><\/p><\/blockquote>\n<p class=\"article-text\">\n        Cuando lleg\u00f3 el turno de las preguntas cl\u00e1sicas, se neg\u00f3 a responderlas. La del dinero no fue de forma directa, se limit\u00f3 a confirmar al presentador que pod\u00eda tener <strong>m\u00e1s de 12 millones de euros en patrimonio<\/strong>. Pero con la del sexo no hubo pistas: \u201cNunca hablo de sexo\u201d, dijo y zanj\u00f3 la entrevista levant\u00e1ndose del sof\u00e1.\n    <\/p>\n<p>                                <script async src=\"https:\/\/platform.twitter.com\/widgets.js\" charset=\"utf-8\"><\/script><\/p>\n","protected":false},"excerpt":{"rendered":"Este martes, 16 de septiembre, \u00c1gatha Ruiz de la Prada acudi\u00f3 por primera vez a La Revuelta, y&hellip;\n","protected":false},"author":2,"featured_media":119973,"comment_status":"","ping_status":"","sticky":false,"template":"","format":"standard","meta":{"footnotes":""},"categories":[174],"tags":[5105,15762,255,39683,30028,146,147,25,24,782,256,37642,5107,8492,21458,5106,23,24632],"class_list":{"0":"post-119972","1":"post","2":"type-post","3":"status-publish","4":"format-standard","5":"has-post-thumbnail","7":"category-famosos","8":"tag-agatha","9":"tag-bailando","10":"tag-celebrities","11":"tag-clasicas","12":"tag-criticar","13":"tag-entertainment","14":"tag-entretenimiento","15":"tag-es","16":"tag-espana","17":"tag-estrellas","18":"tag-famosos","19":"tag-nego","20":"tag-prada","21":"tag-preguntas","22":"tag-responder","23":"tag-ruiz","24":"tag-spain","25":"tag-volvio"},"share_on_mastodon":{"url":"","error":""},"_links":{"self":[{"href":"https:\/\/www.europesays.com\/es\/wp-json\/wp\/v2\/posts\/119972","targetHints":{"allow":["GET"]}}],"collection":[{"href":"https:\/\/www.europesays.com\/es\/wp-json\/wp\/v2\/posts"}],"about":[{"href":"https:\/\/www.europesays.com\/es\/wp-json\/wp\/v2\/types\/post"}],"author":[{"embeddable":true,"href":"https:\/\/www.europesays.com\/es\/wp-json\/wp\/v2\/users\/2"}],"replies":[{"embeddable":true,"href":"https:\/\/www.europesays.com\/es\/wp-json\/wp\/v2\/comments?post=119972"}],"version-history":[{"count":0,"href":"https:\/\/www.europesays.com\/es\/wp-json\/wp\/v2\/posts\/119972\/revisions"}],"wp:featuredmedia":[{"embeddable":true,"href":"https:\/\/www.europesays.com\/es\/wp-json\/wp\/v2\/media\/119973"}],"wp:attachment":[{"href":"https:\/\/www.europesays.com\/es\/wp-json\/wp\/v2\/media?parent=119972"}],"wp:term":[{"taxonomy":"category","embeddable":true,"href":"https:\/\/www.europesays.com\/es\/wp-json\/wp\/v2\/categories?post=119972"},{"taxonomy":"post_tag","embeddable":true,"href":"https:\/\/www.europesays.com\/es\/wp-json\/wp\/v2\/tags?post=119972"}],"curies":[{"name":"wp","href":"https:\/\/api.w.org\/{rel}","templated":true}]}}