{"id":120003,"date":"2025-09-17T04:00:06","date_gmt":"2025-09-17T04:00:06","guid":{"rendered":"https:\/\/www.europesays.com\/es\/120003\/"},"modified":"2025-09-17T04:00:06","modified_gmt":"2025-09-17T04:00:06","slug":"carlo-costanzia-no-quiere-ni-ver-a-su-madre-tras-la-publicacion-de-las-memorias-quiso-romper-el-contrato","status":"publish","type":"post","link":"https:\/\/www.europesays.com\/es\/120003\/","title":{"rendered":"Carlo Costanzia no quiere ni ver a su madre tras la publicaci\u00f3n de las memorias: \u00abQuiso romper el contrato\u00bb"},"content":{"rendered":"<p><img loading=\"lazy\" decoding=\"async\" src=\"https:\/\/www.europesays.com\/es\/wp-content\/uploads\/2025\/08\/100x100_informalia-logo.jpg\" itemtype=\"\/\/schema.org\/ImageObject\" itemprop=\"url\" alt=\"Informalia\" width=\"64\" height=\"64\" pinger-seen=\"true\"\/><\/p>\n<p>El novio de Alejandra Rubio est\u00e1 que trina. A <b>Carlo Costanzia<\/b> no le ha hecho ninguna gracia las memorias de su madre, con las que<b> Mar Flores<\/b> ha regresado a la primera l\u00ednea medi\u00e1tica y ha reabierto viejas heridas con su padre, con el que el protagonista de Toy Boy se crio en Tur\u00edn y mantiene una magn\u00edfica relaci\u00f3n. La relaci\u00f3n entre madre e hijo, que hab\u00eda mejorado en los \u00faltimos meses tras a\u00f1os muy tensos, vuelve a estar al l\u00edmite: \u00abEst\u00e1 casi rota, no se hablan\u00bb.  <\/p>\n<p>Desde Tardear aseguran que la publicaci\u00f3n de &#8216;Mar en calma&#8217; ha sido un golpe tremendo para Carlo, que hab\u00eda encontrado cierta paz y estabilidad en esta nueva vida en Espa\u00f1a junto a Alejandra y su beb\u00e9 tras haber saldado su deuda con la justicia y superado sus problemas con las drogas. Ahora es su propia madre la que recuerda, negro sobre blanco, todos los esc\u00e1ndalos de su hijo: \u00abLe han molestado much\u00edsimo las memorias, porque refleja sus problemas de droga y al final a nadie le gusta que tu propia madre hable\u00bb, aseguran. <\/p>\n<p>El malestar viene desde finales de agosto, cuando Mar le cuenta a Carlo que ha escrito unas memorias y se las ofrece para leerlas antes de su publicaci\u00f3n. \u00c9l se las lleva a Tur\u00edn, donde viaja para visitar a su padre, y cuando regresa a Espa\u00f1a lo hace tan furioso que intenta cancelar el contrato que ten\u00eda para participar con su madre en Decomasters, un nuevo programa de TVE que se estrenar\u00e1 en las pr\u00f3ximas semanas: \u00abCarlo ha tenido duras negociaciones para echar atr\u00e1s el contrato porque no quer\u00eda participar con su madre en este programa. No quiere trabajar con su madre, ni verla siquiera\u00bb, ha dicho Jorge Borrajo, director de Semana.<\/p>\n<p>Sin embargo, no lo consigui\u00f3 y este lunes, madre e hijo tuvieron que permanecer juntos durante m\u00e1s de 8 horas de grabaci\u00f3n: \u00abNo se dirigieron la palabra, no se soportan ahora mismo\u00bb. Es m\u00e1s, afirman que Mar ha entablado muy buena relaci\u00f3n con Antonia Dell&#8217;Atte (ex de Alessandro Lequio, ex, a su vez, de Mar), que tambi\u00e9n participa en el nuevo concurso de la p\u00fablica, y que habla de ella con familiaridad y simpat\u00eda: \u00abTienen contacto desde hace tiempo\u00bb, dicen. <\/p>\n<p>WhatsApp<a href=\"https:\/\/api.whatsapp.com\/send?text=https:\/\/www.eleconomista.es\/informalia\/famosos\/noticias\/13548636\/09\/25\/carlo-costanzia-no-quiere-ni-ver-a-su-madre-tras-la-publicacion-de-las-memorias-quiso-romper-el-contrato.html?utm_source%3Dwhatsapp%26utm_medium%3Dshare_button&amp;id=1648118629957_whatsapp\" target=\"_blank\" data-action=\"share\/whatsapp\/share\" aria-label=\"Compartir en Whatsapp\" rel=\"nofollow noopener\"><\/a>Facebook<a id=\"fb-share\" href=\"#\" target=\"_blank\" rel=\"noopener noreferrer\" aria-label=\"Compartir en Facebook\"><\/a>Twitter<a href=\"https:\/\/twitter.com\/share?text=Carlo+Costanzia+no+quiere+ni+ver+a+su+madre+tras+la+publicaci%C3%B3n+de+las+memorias%3A+%22Quiso+romper+el+contrato%22&amp;url=https:\/\/www.eleconomista.es\/informalia\/famosos\/noticias\/13548636\/09\/25\/carlo-costanzia-no-quiere-ni-ver-a-su-madre-tras-la-publicacion-de-las-memorias-quiso-romper-el-contrato.html&amp;via=Informalia&amp;id=1648118839245_twitter\" target=\"_blank\" aria-label=\"Compartir en Twitter\" rel=\"nofollow noopener\"><\/a>Linkedin<a onclick=\"return abrirLinkedin();\" href=\"https:\/\/www.linkedin.com\/shareArticle?text=Carlo+Costanzia+no+quiere+ni+ver+a+su+madre+tras+la+publicaci%C3%B3n+de+las+memorias%3A+%22Quiso+romper+el+contrato%22&amp;url=https:\/\/www.eleconomista.es\/informalia\/famosos\/noticias\/13548636\/09\/25\/carlo-costanzia-no-quiere-ni-ver-a-su-madre-tras-la-publicacion-de-las-memorias-quiso-romper-el-contrato.html&amp;mini=true\" target=\"_blank\" aria-label=\"Compartir en linkedin\" rel=\"nofollow noopener\"><\/a>Beloud<a href=\"https:\/\/beloud.com\/share?text=Carlo+Costanzia+no+quiere+ni+ver+a+su+madre+tras+la+publicaci%C3%B3n+de+las+memorias%3A+%22Quiso+romper+el+contrato%22&amp;url=https:\/\/www.eleconomista.es\/informalia\/famosos\/noticias\/13548636\/09\/25\/carlo-costanzia-no-quiere-ni-ver-a-su-madre-tras-la-publicacion-de-las-memorias-quiso-romper-el-contrato.html&amp;via=Informalia&amp;id=1648118839245_beloud\" target=\"_blank\" aria-label=\"Compartir en beloud\" rel=\"nofollow noopener\"><\/a>Bluesky<a href=\"https:\/\/bsky.app\/intent\/compose?text=https:\/\/bsky.app\/intent\/compose?text=https:\/\/www.eleconomista.es\/informalia\/famosos\/noticias\/13548636\/09\/25\/carlo-costanzia-no-quiere-ni-ver-a-su-madre-tras-la-publicacion-de-las-memorias-quiso-romper-el-contrato.html&amp;url=https:\/\/www.eleconomista.es\/informalia\/famosos\/noticias\/13548636\/09\/25\/carlo-costanzia-no-quiere-ni-ver-a-su-madre-tras-la-publicacion-de-las-memorias-quiso-romper-el-contrato.html&amp;via=elEconomistaes&amp;id=1648118839245_bluesky\" target=\"_blank\" aria-label=\"Compartir en bluesky\" rel=\"nofollow noopener\"><\/a><\/p>\n<p><script async src=\"https:\/\/platform.twitter.com\/widgets.js\" charset=\"utf-8\"><\/script><\/p>\n","protected":false},"excerpt":{"rendered":"El novio de Alejandra Rubio est\u00e1 que trina. A Carlo Costanzia no le ha hecho ninguna gracia las&hellip;\n","protected":false},"author":2,"featured_media":120004,"comment_status":"","ping_status":"","sticky":false,"template":"","format":"standard","meta":{"footnotes":""},"categories":[174],"tags":[255,146,147,25,24,256,260,23],"class_list":{"0":"post-120003","1":"post","2":"type-post","3":"status-publish","4":"format-standard","5":"has-post-thumbnail","7":"category-famosos","8":"tag-celebrities","9":"tag-entertainment","10":"tag-entretenimiento","11":"tag-es","12":"tag-espana","13":"tag-famosos","14":"tag-gente","15":"tag-spain"},"share_on_mastodon":{"url":"","error":""},"_links":{"self":[{"href":"https:\/\/www.europesays.com\/es\/wp-json\/wp\/v2\/posts\/120003","targetHints":{"allow":["GET"]}}],"collection":[{"href":"https:\/\/www.europesays.com\/es\/wp-json\/wp\/v2\/posts"}],"about":[{"href":"https:\/\/www.europesays.com\/es\/wp-json\/wp\/v2\/types\/post"}],"author":[{"embeddable":true,"href":"https:\/\/www.europesays.com\/es\/wp-json\/wp\/v2\/users\/2"}],"replies":[{"embeddable":true,"href":"https:\/\/www.europesays.com\/es\/wp-json\/wp\/v2\/comments?post=120003"}],"version-history":[{"count":0,"href":"https:\/\/www.europesays.com\/es\/wp-json\/wp\/v2\/posts\/120003\/revisions"}],"wp:featuredmedia":[{"embeddable":true,"href":"https:\/\/www.europesays.com\/es\/wp-json\/wp\/v2\/media\/120004"}],"wp:attachment":[{"href":"https:\/\/www.europesays.com\/es\/wp-json\/wp\/v2\/media?parent=120003"}],"wp:term":[{"taxonomy":"category","embeddable":true,"href":"https:\/\/www.europesays.com\/es\/wp-json\/wp\/v2\/categories?post=120003"},{"taxonomy":"post_tag","embeddable":true,"href":"https:\/\/www.europesays.com\/es\/wp-json\/wp\/v2\/tags?post=120003"}],"curies":[{"name":"wp","href":"https:\/\/api.w.org\/{rel}","templated":true}]}}