{"id":120005,"date":"2025-09-17T04:01:13","date_gmt":"2025-09-17T04:01:13","guid":{"rendered":"https:\/\/www.europesays.com\/es\/120005\/"},"modified":"2025-09-17T04:01:13","modified_gmt":"2025-09-17T04:01:13","slug":"esta-vivienda-en-valencia-se-despliega-en-torno-a-un-patio-central-acristalado-que-la-llena-de-luz-duplica-los-espacios-y-los-conecta-emocionalmente","status":"publish","type":"post","link":"https:\/\/www.europesays.com\/es\/120005\/","title":{"rendered":"Esta vivienda en Valencia se despliega en torno a un patio central acristalado que la llena de luz, duplica los espacios y los conecta emocionalmente"},"content":{"rendered":"<p><strong>Esta vivienda unifamiliar en Valencia se abre a la luz como una flor gracias a un precioso patio central.<\/strong><\/p>\n<p>\u00bfQui\u00e9n dijo que las segundas oportunidades no son buenas \u2014o incluso mejores\u2014? Los propietarios de esta vivienda <a href=\"https:\/\/www.revistaad.es\/articulos\/atico-valencia-compartimentado-piso-destudio\" target=\"_blank\" rel=\"nofollow noopener\">a las afueras de Valencia<\/a> llegaron al interiorista <a data-offer-url=\"https:\/\/comeche.co\/\" class=\"external-link\" data-event-click=\"{&quot;element&quot;:&quot;ExternalLink&quot;,&quot;outgoingURL&quot;:&quot;https:\/\/comeche.co\/&quot;}\" href=\"https:\/\/comeche.co\/\" rel=\"nofollow noopener\" target=\"_blank\">Javier Garc\u00eda Comeche<\/a> \u201cun poco desilusionados despu\u00e9s de un primer intento de proyecto que no les encaj\u00f3. [&#8230;] Sent\u00edan que necesitaban replantear el punto de partida para <strong>que el proyecto realmente encajara con ellos<\/strong>. Enseguida llam\u00e9 a Ra\u00fal porque pens\u00e9 que har\u00edamos un t\u00e1ndem genial, y le encant\u00f3 la idea. Y as\u00ed fue como los clientes conocieron a <a data-offer-url=\"https:\/\/viraje.es\/\" class=\"external-link\" data-event-click=\"{&quot;element&quot;:&quot;ExternalLink&quot;,&quot;outgoingURL&quot;:&quot;https:\/\/viraje.es\/&quot;}\" href=\"https:\/\/viraje.es\/\" rel=\"nofollow noopener\" target=\"_blank\">Viraje<\/a>\u201d, dice. A partir de entonces, <strong>todo empez\u00f3 a fluir y evolucionar \u201cde manera muy org\u00e1nica\u201d.<\/strong><\/p>\n<p>El matrimonio quer\u00eda una casa horizontal, que pudiera vivirse en una sola planta, <a href=\"https:\/\/www.revistaad.es\/articulos\/casa-patios-mallorquina-podriamos-vivir-todo-el-ano\" target=\"_blank\" rel=\"nofollow noopener\">de espacios abiertos<\/a> y conexiones muy fluidas entre zonas: <strong>\u201cque no se sintiera demasiado grande cuando estaban solos, y que pudiera abrirse para recibir a hijos y nietos en reuniones familiares\u201d.<\/strong><\/p>\n<p>Todo en esta vivienda habla de sutilezas muy bien pensadas. La casa se vive como un recorrido tranquilo, envolvente y lleno de peque\u00f1as revelaciones arquitect\u00f3nicas solo al alcance del que mira con calma y atenci\u00f3n.Pablo de Pastors<\/p>\n<p>Un gran vac\u00edo de luz central<\/p>\n<p>Todo se defini\u00f3 en torno a un elemento central que marca sin duda la personalidad del proyecto: <strong>un patio acristalado que organiza y conecta el resto de espacios<\/strong>, adem\u00e1s de llenar la vivienda de luz. \u201cEl patio central fue concebido como un espacio m\u00e1s de la vivienda, no como una simple entrada de luz, por eso las dimensiones que posee permiten estar en \u00e9l. Adem\u00e1s, <strong>nos dejan divisar el cielo desde los espacios interiores, conect\u00e1ndonos de una forma maravillosa con el exterior<\/strong> y generando una sensaci\u00f3n de amplitud visual en toda la vivienda\u201d, explica Ra\u00fal Hinarejos, CEO de Viraje.<\/p>\n<p><strong>Cuatro vol\u00famenes en la planta baja dan forma a la vivienda principal<\/strong>: garaje y zona de servicio en el primero, estudio y dormitorio de invitados en el segundo, suite principal con vestidor y ba\u00f1o en el tercero y sal\u00f3n, comedor y cocina, el coraz\u00f3n social de la casa, en un cuarto totalmente abierto al exterior y al porche. Una escalera oculta tras un mueble conduce a una planta superior pensada para acoger visitas familiares. \u201cUna sorpresa positiva fue comprobar que, <strong>subiendo las escaleras al primer piso, la vista a las copas de los \u00e1rboles del parque trasero era preciosa; se enmarca como un cuadro.<\/strong> Esto era importante para los due\u00f1os, ya que eligieron esta ubicaci\u00f3n por este parque en concreto\u201d, a\u00f1ade Hinarejos.<\/p>\n<p>Entre los distintos bloques que forman la vivienda aparecen \u201crasgaduras\u201d o pasajes que permiten al jard\u00edn exterior infiltrarse en la arquitectura, diluyendo as\u00ed los l\u00edmites entre dentro y fuera.Pablo de Pastors<\/p>\n<p>\u201cEl patio central [\u2026] nos deja divisar el cielo desde los espacios interiores, conect\u00e1ndonos de una forma maravillosa con el exterior y generando una sensaci\u00f3n de amplitud visual en toda la vivienda\u201d, explica Ra\u00fal Hinarejos, CEO de Viraje.Pablo de Pastors<\/p>\n<p>Piezas duraderas y hechas a medida<\/p>\n<p>Para el interiorismo, Comeche busc\u00f3 un equilibrio preciso entre texturas, tonos y piezas de mobiliario y que a su vez estuviera <strong>en sinton\u00eda con el lenguaje potente de la arquitectura de la casa.<\/strong> El secreto de que todo parece fluir naturalmente es, en realidad, una personalizaci\u00f3n al detalle: \u201cUn d\u00eda visitando showrooms <strong>se enamoraron de las sillas Wishbone de Carl Hansen &amp; Son<\/strong>. Estaban convencidos de que esas eran las sillas que quer\u00edan y no hab\u00eda marcha atr\u00e1s. El problema era que, con una mesa a la altura est\u00e1ndar, las sillas chocaban con el canto y generaban demasiado volumen. La soluci\u00f3n fue <strong>dise\u00f1ar una mesa con unas cu\u00f1as invertidas que recogieran la misma diagonalidad de los brazos de la silla<\/strong>, de modo que todo encajara de manera ligera\u201d, explica el interiorista.<\/p>\n","protected":false},"excerpt":{"rendered":"Esta vivienda unifamiliar en Valencia se abre a la luz como una flor gracias a un precioso patio&hellip;\n","protected":false},"author":2,"featured_media":120006,"comment_status":"","ping_status":"","sticky":false,"template":"","format":"standard","meta":{"footnotes":""},"categories":[173],"tags":[801,229,233,231,230,232,234,146,147,25,24,23,235],"class_list":{"0":"post-120005","1":"post","2":"type-post","3":"status-publish","4":"format-standard","5":"has-post-thumbnail","7":"category-arte-y-diseno","8":"tag-arquitectura","9":"tag-arte","10":"tag-arte-y-diseno","11":"tag-arts","12":"tag-arts-and-design","13":"tag-design","14":"tag-diseno","15":"tag-entertainment","16":"tag-entretenimiento","17":"tag-es","18":"tag-espana","19":"tag-spain","20":"tag-valencia"},"share_on_mastodon":{"url":"","error":""},"_links":{"self":[{"href":"https:\/\/www.europesays.com\/es\/wp-json\/wp\/v2\/posts\/120005","targetHints":{"allow":["GET"]}}],"collection":[{"href":"https:\/\/www.europesays.com\/es\/wp-json\/wp\/v2\/posts"}],"about":[{"href":"https:\/\/www.europesays.com\/es\/wp-json\/wp\/v2\/types\/post"}],"author":[{"embeddable":true,"href":"https:\/\/www.europesays.com\/es\/wp-json\/wp\/v2\/users\/2"}],"replies":[{"embeddable":true,"href":"https:\/\/www.europesays.com\/es\/wp-json\/wp\/v2\/comments?post=120005"}],"version-history":[{"count":0,"href":"https:\/\/www.europesays.com\/es\/wp-json\/wp\/v2\/posts\/120005\/revisions"}],"wp:featuredmedia":[{"embeddable":true,"href":"https:\/\/www.europesays.com\/es\/wp-json\/wp\/v2\/media\/120006"}],"wp:attachment":[{"href":"https:\/\/www.europesays.com\/es\/wp-json\/wp\/v2\/media?parent=120005"}],"wp:term":[{"taxonomy":"category","embeddable":true,"href":"https:\/\/www.europesays.com\/es\/wp-json\/wp\/v2\/categories?post=120005"},{"taxonomy":"post_tag","embeddable":true,"href":"https:\/\/www.europesays.com\/es\/wp-json\/wp\/v2\/tags?post=120005"}],"curies":[{"name":"wp","href":"https:\/\/api.w.org\/{rel}","templated":true}]}}