{"id":120007,"date":"2025-09-17T04:02:13","date_gmt":"2025-09-17T04:02:13","guid":{"rendered":"https:\/\/www.europesays.com\/es\/120007\/"},"modified":"2025-09-17T04:02:13","modified_gmt":"2025-09-17T04:02:13","slug":"karine-bernal-habla-de-la-saga-rey-y-sus-proximos-proyectos","status":"publish","type":"post","link":"https:\/\/www.europesays.com\/es\/120007\/","title":{"rendered":"Karine Bernal habla de la \u00abSaga Rey\u00bb y sus pr\u00f3ximos proyectos"},"content":{"rendered":"<p>Entre reinos ficticios, intrigas palaciegas y romances juveniles, <strong>Karine Bernal Lobo<\/strong> encontr\u00f3 su lugar en la <strong>literatura<\/strong>. <\/p>\n<p>La <strong>escritora<\/strong> y <strong>psic\u00f3loga<\/strong> colombiana, que comenz\u00f3 compartiendo borradores en <strong>Wattpad<\/strong> durante un par\u00f3n universitario, hoy publica con una de las editoriales m\u00e1s importantes en habla hispana y re\u00fane comunidades de lectoras apasionadas que siguen cada paso de su <strong>Saga Rey<\/strong>. <\/p>\n<p>Inspirada por los cuentos de hadas que la marcaron de ni\u00f1a y por autoras como <strong>Victoria Aveyard<\/strong>, Karine habla de su pr\u00f3ximo encuentro con el p\u00fablico dominicano en la <strong>Feria Internacional del Libro de Santo Domingo<\/strong>, de la manera en que la psicolog\u00eda alimenta la voz de sus personajes y de c\u00f3mo el romance y la fantas\u00eda se reinventan en las <strong>nuevas generaciones<\/strong>.<\/p>\n<p>\u2014\u00bfQu\u00e9 significa para ti participar en la <strong>Feria Internacional del Libro de Santo Domingo<\/strong> y encontrarte con <strong>lectores dominicanos<\/strong>?<\/p>\n<p>Es mi primera vez en la Feria del Libro, pero no en Rep\u00fablica Dominicana. Ya hab\u00eda venido a una firma individual, pero estar en una feria es distinto: puedes <strong>ver a tus lectores<\/strong>, conocer a otros autores y compartir m\u00e1s <strong>experiencias<\/strong>. <\/p>\n<p>Yo siempre dec\u00eda que quer\u00eda volver al pa\u00eds, y estoy muy emocionada de esta oportunidad que me permitir\u00e1, adem\u00e1s, <strong>reencontrarme con el p\u00fablico<\/strong> que una vez me acompa\u00f1\u00f3.<\/p>\n<p>\u2014\u00bfQu\u00e9 temas o mensajes esperas compartir con el p\u00fablico durante tu participaci\u00f3n?<\/p>\n<p>Principalmente hablaremos sobre <strong>El coraz\u00f3n del rey<\/strong>, que completa la <strong>trilog\u00eda<\/strong> y est\u00e1 pr\u00f3ximo a salir, aunque en realidad ser\u00e1n cuatro libros. Tambi\u00e9n estar\u00e9 en un conversatorio con <strong>autores dominicanos<\/strong> sobre lo que significa vivir de los libros y la transici\u00f3n de <strong>Wattpad<\/strong> al papel, entre otros temas.<\/p>\n<p>\u2014\u00bfRecuerdas el momento exacto en que decidiste comenzar a escribir en <strong>Wattpad<\/strong>?<\/p>\n<p>S\u00ed, fue durante un par\u00f3n universitario. En ese momento estaba leyendo muchas <strong>novelas de monarqu\u00edas<\/strong>, como La Selecci\u00f3n de Kiera Cass. <\/p>\n<p>Creo que de ah\u00ed vinieron las ganas de querer escribir algo parecido a lo que estaba leyendo, pero tambi\u00e9n quer\u00eda crear mi propio mundo, inspirado adem\u00e1s en los <strong>cuentos de los hermanos Grimm<\/strong> que marcaron mi infancia. Algo se sembr\u00f3 ah\u00ed y floreci\u00f3 m\u00e1s adelante, por eso me inclin\u00e9 por el subg\u00e9nero del Romantasy.<\/p>\n<p>\u2014\u00bfCu\u00e1l fue ese primer libro de romance que te inspir\u00f3 a escribir?<\/p>\n<p>Definitivamente <strong>La Reina Roja<\/strong>, de <strong>Victoria Aveyard<\/strong>. Recuerdo que cuando lo le\u00ed mi cabeza explot\u00f3, no pod\u00eda creer todo lo que hab\u00eda creado la autora. Fue mi m\u00e1xima <strong>inspiraci\u00f3n<\/strong> para comenzar a escribir.<\/p>\n<p>\u2014\u00bfC\u00f3mo fue ver tus primeras historias publicadas y llegar a <strong>Planeta<\/strong>?<\/p>\n<p>Fue muy raro porque ya hab\u00eda firmado con otra <strong>editorial<\/strong> cuando me contact\u00f3 <strong>Planeta<\/strong>. Les tuve que decir que no, aunque era mi <strong>sue\u00f1o<\/strong>. <\/p>\n<p>Luego el contrato con la otra <strong>editorial<\/strong> se rompi\u00f3, y escrib\u00ed a <strong>Planeta<\/strong> otra vez. Fue como que tu amor plat\u00f3nico de toda la vida te escribiera justo cuando ya est\u00e1s con alguien. Una locura, pero al final sali\u00f3 bien y hoy estoy feliz de estar con ellos.<\/p>\n<p>\u2014\u00bfQu\u00e9 aprendiste en <strong>Wattpad<\/strong> y c\u00f3mo fue la transici\u00f3n a la publicaci\u00f3n en papel?<\/p>\n<p><strong>Wattpad<\/strong> siempre es como un ensayo y error: publicas borradores y aprendes con el feedback de los lectores. En cambio, en una <strong>editorial<\/strong> tienes un editor que te corrige con firmeza, y eso al inicio es duro, te das cuenta de todos los errores que tienes. Antes lo hac\u00eda como un hobby, pero ahora es mi trabajo y debe estar bien hecho porque se publicar\u00e1 en papel. Ese cambio te confronta con <strong>cr\u00edticas constructivas<\/strong>, reales y directas, que al principio pueden ser duras. Pero yo disfruto que me corrijan; siento que cada error superado me hace crecer como <strong>escritora<\/strong>.<\/p>\n<p>\u2014\u00bfCu\u00e1l ha sido la experiencia m\u00e1s sorprendente con tus lectores?<\/p>\n<p>En <strong>Ciudad de M\u00e9xico<\/strong> una lectora me mostr\u00f3 un <strong>tatuaje<\/strong> a color de mis <strong>protagonistas<\/strong>, Emily y <strong>Magnus<\/strong>, en el brazo. Fue impactante. Ahora siento la presi\u00f3n de darles un final digno, porque ya los lleva grabados en la piel.<\/p>\n<p>\u00abDisfruto que me corrijan, siento que cada error superado me hace crecer como escritora \u00ab<strong>Karine Bernal Lobo<br \/>\n <\/strong>Escritora\u201c<\/p>\n<p>\u2014\u00bfQu\u00e9 personaje refleja mejor tu pasi\u00f3n por las <strong>monarqu\u00edas<\/strong> y la fantas\u00eda?<\/p>\n<p>Creo que los <strong>consejeros reales<\/strong> son los personajes que m\u00e1s reflejan esa fascinaci\u00f3n que siempre tuve por las <strong>monarqu\u00edas<\/strong>. <\/p>\n<p>Cada rey tiene el suyo, y en el caso de Magnus <strong>est\u00e1 Francis<\/strong>, mi favorito en toda la saga. Es un hombre serio, correcto, educado, con un fuerte peso en lo palaciego. <\/p>\n<p>En \u00e9l deposit\u00e9 gran parte de lo que me apasiona de ese mundo, convirti\u00e9ndolo en <strong>mi mayor reto<\/strong> como personaje: lograr que encarne, de manera ficticia, la esencia de alguien que realmente pertenece a la monarqu\u00eda.<\/p>\n<p>\u2014\u00bfHa influido tu formaci\u00f3n como <strong>psic\u00f3loga<\/strong> en la manera en que desarrollas los <strong>sentimientos<\/strong> y <strong>conflictos<\/strong> de tus personajes, los temas o tu manera de escribir?<\/p>\n<p>Much\u00edsimo. La <strong>psicolog\u00eda de la personalidad<\/strong> me ayuda a que cada personaje piense y sienta de forma distinta. Por ejemplo, una plebeya ve la nieve como az\u00facar glass, mientras que un rey acostumbrado a la guerra la ve como un campo de muertos cubiertos de blanco. <\/p>\n<p>Esa diferencia de perspectivas le da <strong>voz propia<\/strong> a cada personaje.<\/p>\n<p>\u2014\u00bfC\u00f3mo enfrentas los <strong>bloqueos creativos<\/strong>? \u00bfAlguna t\u00e9cnica o ritual que te ayuda a <strong>inspirarte<\/strong> cuando las <strong>ideas<\/strong> no fluyen?\u00a0<\/p>\n<p>[R\u00ede] Tir\u00e1ndome al piso y llorando. En serio, cuando estoy bloqueada no hago mucho, prefiero <strong>esperar<\/strong> a que la <strong>inspiraci\u00f3n<\/strong> vuelva, porque lo escrito a la fuerza no me gusta. En ese tiempo leo, veo series o busco im\u00e1genes en Pinterest que me devuelvan la chispa para seguir avanzando.<\/p>\n<p>\u2014Si pudieras llevar a tus lectores a otro <strong>universo literario<\/strong>, \u00bfd\u00f3nde los invitar\u00edas?<\/p>\n<p>Los traer\u00eda a mi <strong>vida real<\/strong>, para que vean lo mucho que me esfuerzo en terminar la saga, conozcan un poco mi rutina, mi d\u00eda a d\u00eda y todo lo que hago, y as\u00ed puedan comprenderme a\u00fan m\u00e1s, aunque s\u00e9 que ya lo hacen bastante. <\/p>\n<p>Ellos son <strong>muy<\/strong> <strong>pacientes<\/strong>, pero s\u00e9 que esperan ansiosos el final.<\/p>\n<p>\u2014\u00bfHas notado una <strong>evoluci\u00f3n<\/strong> del subg\u00e9nero del <strong>romance juvenil<\/strong> en los \u00faltimos a\u00f1os?<\/p>\n<p>Completamente. Ahora la <strong>mujer<\/strong> tiene un <strong>rol fuerte<\/strong>. Ya no est\u00e1 solo para ser rescatada, sino que tambi\u00e9n se mete y sale de los problemas por s\u00ed misma. Aunque sigue existiendo el romance, la protagonista tiene m\u00e1s voz e importancia.<\/p>\n<p>\u2014\u00bfY crees que refleja las <strong>inquietudes<\/strong> de las <strong>nuevas generaciones<\/strong>?<\/p>\n<p>S\u00ed, la escritura avanza junto con los lectores. Hoy ya <strong>no aceptamos<\/strong> con normalidad cosas como el <strong>machismo<\/strong> que antes eran frecuentes en los libros. Aunque sea fantas\u00eda, buscamos que reflejen una realidad m\u00e1s actual.<\/p>\n<p>\u2014Est\u00e1s terminando el tercer libro de la saga y te falta el cuarto, pero \u00bfqu\u00e9 nos puedes adelantar de tus <strong>pr\u00f3ximos proyectos literarios<\/strong>?<\/p>\n<p>Primero terminar los cuatro libros de la <strong>Saga Rey<\/strong>. Pero ya tengo <strong>otra historia de monarqu\u00eda<\/strong> y fantas\u00eda en mente. Mi editora lo sabe y quiere que, apenas termine esta saga, le muestre la nueva. <\/p>\n<p>As\u00ed que seguir\u00e9 <strong>explorando universos<\/strong> de reinos y fantas\u00eda, aunque completamente nuevos y con otros personajes, porque no puedo vivir sin ellos.<\/p>\n<p class=\"w-auto\" style=\"font-size: 21px;\">Periodista, con m\u00e1s de 30 a\u00f1os de experiencia en revistas. Licenciada en Ciencias de la Informaci\u00f3n por la Universidad de Navarra, Espa\u00f1a. Actualmente, dirige la secci\u00f3n Revista de Diario Libre en la Rep\u00fablica Dominicana.<\/p>\n","protected":false},"excerpt":{"rendered":"Entre reinos ficticios, intrigas palaciegas y romances juveniles, Karine Bernal Lobo encontr\u00f3 su lugar en la literatura. La&hellip;\n","protected":false},"author":2,"featured_media":120008,"comment_status":"","ping_status":"","sticky":false,"template":"","format":"standard","meta":{"footnotes":""},"categories":[172],"tags":[224,146,147,25,24,225,23],"class_list":{"0":"post-120007","1":"post","2":"type-post","3":"status-publish","4":"format-standard","5":"has-post-thumbnail","7":"category-libros","8":"tag-books","9":"tag-entertainment","10":"tag-entretenimiento","11":"tag-es","12":"tag-espana","13":"tag-libros","14":"tag-spain"},"share_on_mastodon":{"url":"","error":""},"_links":{"self":[{"href":"https:\/\/www.europesays.com\/es\/wp-json\/wp\/v2\/posts\/120007","targetHints":{"allow":["GET"]}}],"collection":[{"href":"https:\/\/www.europesays.com\/es\/wp-json\/wp\/v2\/posts"}],"about":[{"href":"https:\/\/www.europesays.com\/es\/wp-json\/wp\/v2\/types\/post"}],"author":[{"embeddable":true,"href":"https:\/\/www.europesays.com\/es\/wp-json\/wp\/v2\/users\/2"}],"replies":[{"embeddable":true,"href":"https:\/\/www.europesays.com\/es\/wp-json\/wp\/v2\/comments?post=120007"}],"version-history":[{"count":0,"href":"https:\/\/www.europesays.com\/es\/wp-json\/wp\/v2\/posts\/120007\/revisions"}],"wp:featuredmedia":[{"embeddable":true,"href":"https:\/\/www.europesays.com\/es\/wp-json\/wp\/v2\/media\/120008"}],"wp:attachment":[{"href":"https:\/\/www.europesays.com\/es\/wp-json\/wp\/v2\/media?parent=120007"}],"wp:term":[{"taxonomy":"category","embeddable":true,"href":"https:\/\/www.europesays.com\/es\/wp-json\/wp\/v2\/categories?post=120007"},{"taxonomy":"post_tag","embeddable":true,"href":"https:\/\/www.europesays.com\/es\/wp-json\/wp\/v2\/tags?post=120007"}],"curies":[{"name":"wp","href":"https:\/\/api.w.org\/{rel}","templated":true}]}}