{"id":120013,"date":"2025-09-17T04:08:14","date_gmt":"2025-09-17T04:08:14","guid":{"rendered":"https:\/\/www.europesays.com\/es\/120013\/"},"modified":"2025-09-17T04:08:14","modified_gmt":"2025-09-17T04:08:14","slug":"asi-ha-ido-en-audiencia-el-nuevo-programa-de-marta-flich-y-gonzalo-miro","status":"publish","type":"post","link":"https:\/\/www.europesays.com\/es\/120013\/","title":{"rendered":"As\u00ed ha ido en audiencia el nuevo programa de Marta Flich y Gonzalo Mir\u00f3"},"content":{"rendered":"<p><a class=\"v-mdl-ath__fig-a\" href=\"https:\/\/www.lasprovincias.es\/autor\/sara-bonillo-5829.html\" title=\"Sara Bonillo\" rel=\"nofollow noopener\" target=\"_blank\"><br \/>\n<img decoding=\"async\" class=\"v-mdl-ath__img\" src=\"https:\/\/www.europesays.com\/es\/wp-content\/uploads\/2025\/09\/autor-5829-foto-1.jpeg\" alt=\"Sara Bonillo\"\/><br \/>\n<\/a><\/p>\n<p class=\"v-mdl-ath__p v-mdl-ath__p--6\">\nMartes, 16 de septiembre 2025, 12:48<\/p>\n<p class=\"v-p\">Marta Flich y Gonzalo Mir\u00f3 debutaron este lunes en La 1 con &#8216;Directo al grano&#8217; y lo hicieron con muy buenos datos de audiencia. El programa de actualidad aterriz\u00f3 en la sobremesa de la p\u00fablica con un gran 11,1% y 956.000 espectadores, seg\u00fan el informe diario de Barlovento Comunicaci\u00f3n con datos de Kantar Media.<\/p>\n<p class=\"v-p\">Por el contrario, el programa de Joaqu\u00edn Prat, &#8216;El Tiempo Justo&#8217;, uno de sus principales competidores, qued\u00f3 2,5 puntos por detr\u00e1s anotando un 8,6% de cuota de pantalla y una media de 705.000 espectadores.<\/p>\n<p class=\"v-p\">En la misma tarde, aunque en una franja parcialmente coincidente, &#8216;Y ahora Sonsoles&#8217;, en Antena 3, mantuvo su fortaleza: el programa conducido por Sonsoles \u00d3nega en Antena 3, emitido de 17 a 20h, firm\u00f3 859.000 espectadores y un 11,7% de cuota, consolidando su liderazgo.<\/p>\n<p><a href=\"http:\/\/www.lasprovincias.es\/culturas\/tv\/salma-diego-lucia-casani-representacion-valenciana-nueva-20250915004633-nt.html#vtm_modulosEngag=mod-rel:culturas:noticia:1:cmp:1-not\" class=\"v-a-link\" aria-label=\"Imagen\" rel=\"nofollow noopener\" target=\"_blank\"><\/p>\n<p><img decoding=\"async\" loading=\"lazy\" src=\"https:\/\/www.europesays.com\/es\/wp-content\/uploads\/2025\/09\/OT25-khTE--366x256@Las Provincias.jpg\" class=\"v-a-img\" width=\"258\" height=\"180\" alt=\"\" data-voc-vtm-id=\"in-text-traffic\"\/><\/p>\n<p><\/a><\/p>\n<p class=\"v-p\">Respecto al otro gran duelo televisivo del acces prime time, entre<a href=\"https:\/\/www.lasprovincias.es\/culturas\/tv\/solo-125000-espectadores-separaron-audiencias-revuelta-hormiguero-20250916081501-nt.html\" title=\"www.lasprovincias.es\" data-voc-vtm-id=\"in-text-traffic\" data-mrf-link=\"www.lasprovincias.es\" rel=\"nofollow noopener\" target=\"_blank\"> &#8216;El Hormiguero&#8217; y &#8216;La Revuelta&#8217;<\/a>, este lunes fue el programa de Antena 3 el que marc\u00f3 un resultado m\u00e1s alto en datos globales. El espacio de Pablo Motos cosech\u00f3 un 14% de cuota de pantalla y una media de 1.555.000 espectadores gracias a la visita de Ar\u00f3n Piper, que acudi\u00f3 al programa para dar todos los detalles de su primer \u00e1lbum.<\/p>\n<p class=\"v-p\">n La 1, el programa de David Broncano se qued\u00f3 1,4 puntos m\u00e1s atras anotando un 12.6% de share y una media de 1.430.000 espectadores con su entrevista a Ricardo Dar\u00edn y Andrea Pietra, quienes acudieron al espacio para presentar la obra Escenas de la vida conyugal, que representan en varias ciudades espa\u00f1olas a lo largo de este oto\u00f1o.<\/p>\n<p>Comenta<\/p>\n<p>Reporta un error<\/p>\n","protected":false},"excerpt":{"rendered":"Martes, 16 de septiembre 2025, 12:48 Marta Flich y Gonzalo Mir\u00f3 debutaron este lunes en La 1 con&hellip;\n","protected":false},"author":2,"featured_media":120014,"comment_status":"","ping_status":"","sticky":false,"template":"","format":"standard","meta":{"footnotes":""},"categories":[91],"tags":[4294,146,147,25,24,20689,3419,4799,18843,14494,10288,524,2145,23],"class_list":{"0":"post-120013","1":"post","2":"type-post","3":"status-publish","4":"format-standard","5":"has-post-thumbnail","7":"category-entretenimiento","8":"tag-audiencia","9":"tag-entertainment","10":"tag-entretenimiento","11":"tag-es","12":"tag-espana","13":"tag-flich","14":"tag-frente","15":"tag-gonzalo","16":"tag-ido","17":"tag-marta","18":"tag-miro","19":"tag-nuevo","20":"tag-programa","21":"tag-spain"},"share_on_mastodon":{"url":"","error":""},"_links":{"self":[{"href":"https:\/\/www.europesays.com\/es\/wp-json\/wp\/v2\/posts\/120013","targetHints":{"allow":["GET"]}}],"collection":[{"href":"https:\/\/www.europesays.com\/es\/wp-json\/wp\/v2\/posts"}],"about":[{"href":"https:\/\/www.europesays.com\/es\/wp-json\/wp\/v2\/types\/post"}],"author":[{"embeddable":true,"href":"https:\/\/www.europesays.com\/es\/wp-json\/wp\/v2\/users\/2"}],"replies":[{"embeddable":true,"href":"https:\/\/www.europesays.com\/es\/wp-json\/wp\/v2\/comments?post=120013"}],"version-history":[{"count":0,"href":"https:\/\/www.europesays.com\/es\/wp-json\/wp\/v2\/posts\/120013\/revisions"}],"wp:featuredmedia":[{"embeddable":true,"href":"https:\/\/www.europesays.com\/es\/wp-json\/wp\/v2\/media\/120014"}],"wp:attachment":[{"href":"https:\/\/www.europesays.com\/es\/wp-json\/wp\/v2\/media?parent=120013"}],"wp:term":[{"taxonomy":"category","embeddable":true,"href":"https:\/\/www.europesays.com\/es\/wp-json\/wp\/v2\/categories?post=120013"},{"taxonomy":"post_tag","embeddable":true,"href":"https:\/\/www.europesays.com\/es\/wp-json\/wp\/v2\/tags?post=120013"}],"curies":[{"name":"wp","href":"https:\/\/api.w.org\/{rel}","templated":true}]}}