{"id":120017,"date":"2025-09-17T04:10:06","date_gmt":"2025-09-17T04:10:06","guid":{"rendered":"https:\/\/www.europesays.com\/es\/120017\/"},"modified":"2025-09-17T04:10:06","modified_gmt":"2025-09-17T04:10:06","slug":"la-cnmv-vigila-movimientos-especulativos-en-la-opa-del-bbva-sobre-el-sabadell-economia-nacional-e-internacional","status":"publish","type":"post","link":"https:\/\/www.europesays.com\/es\/120017\/","title":{"rendered":"La CNMV vigila movimientos especulativos en la opa del BBVA sobre el Sabadell | Econom\u00eda nacional e internacional"},"content":{"rendered":"<p class=\"\">La Comisi\u00f3n Nacional del Mercado de Valores (CNMV) refuerza su vigilancia del mercado en el plazo de aceptaci\u00f3n de la <a href=\"https:\/\/elpais.com\/economia\/2024-05-09\/bbva-lanza-una-opa-hostil-para-comprar-el-sabadell.html\" target=\"_blank\" rel=\"noreferrer nofollow noopener\" title=\"https:\/\/elpais.com\/economia\/2024-05-09\/bbva-lanza-una-opa-hostil-para-comprar-el-sabadell.html\">opa del BBVA sobre el Banco Sabadell<\/a>, seg\u00fan indican fuentes jur\u00eddicas. En su foco est\u00e1 tanto evitar posibles movimientos especulativos que inflen artificialmente el valor y, por tanto, el precio de la opa como velar por que en una oferta como esta, de car\u00e1cter hostil, se respeten los derechos de los accionistas minoritarios. Y que estos, por tanto, puedan tomar sus decisiones de forma aut\u00f3noma y sin estar condicionados por uno u otro banco.<\/p>\n<p class=\"\"><a href=\"https:\/\/elpais.com\/economia\/2025-09-05\/la-cnmv-da-luz-verde-a-la-opa-del-bbva-sobre-el-sabadell-y-da-paso-a-la-decision-final-de-los-accionistas.html\" target=\"_blank\" rel=\"noreferrer nofollow noopener\" title=\"https:\/\/elpais.com\/economia\/2025-09-05\/la-cnmv-da-luz-verde-a-la-opa-del-bbva-sobre-el-sabadell-y-da-paso-a-la-decision-final-de-los-accionistas.html\">El plazo de aceptaci\u00f3n de la opa<\/a> se inici\u00f3 el pasado 8 de septiembre y se extender\u00e1, si el BBVA no lo ampl\u00eda, hasta el 7 de octubre. En este tiempo, los accionistas del Sabadell deber\u00e1n decidir si aceptan o no la oferta de la entidad que preside Carlos Torres. Es el momento clave de la opa y, por tanto, en el que se decidir\u00e1, despu\u00e9s de 16 meses, qui\u00e9n triunfa. <\/p>\n<p class=\"\">El BBVA ofrece una acci\u00f3n y 0,7 euros en dividendos retrasados por cada 5,5483 t\u00edtulos del banco catal\u00e1n. De acuerdo a los precios del mercado, esto valora al Sabadell a 3,04 euros por acci\u00f3n, un 6,67% por debajo del precio que marca en Bolsa la entidad catalana. Por esta raz\u00f3n, <a href=\"https:\/\/elpais.com\/economia\/2025-09-12\/el-consejo-del-sabadell-rechaza-la-opa-del-bbva.html\" target=\"_blank\" rel=\"noreferrer nofollow noopener\" title=\"https:\/\/elpais.com\/economia\/2025-09-12\/el-consejo-del-sabadell-rechaza-la-opa-del-bbva.html\">el Sabadell ha rechazado la puja al considerar que \u201cinfravalora significativamente\u201d a la entidad<\/a>, mientras que el BBVA considera que permite a los accionistas del Sabadell crear un gran banco europeo y alerta de que, <a href=\"https:\/\/elpais.com\/economia\/2025-09-13\/carlos-torres-bajar-del-50-en-el-sabadell-no-es-imposible-pero-seria-un-fracaso.html\" target=\"_blank\" rel=\"noreferrer nofollow noopener\" title=\"https:\/\/elpais.com\/economia\/2025-09-13\/carlos-torres-bajar-del-50-en-el-sabadell-no-es-imposible-pero-seria-un-fracaso.html\">una vez que pase el periodo en que pueden mejorar la oferta, la acci\u00f3n caer\u00e1.<\/a><\/p>\n<p class=\"\">Uno de los focos del regulador durante estas semanas est\u00e1 en que los accionistas del Sabadell que sean adem\u00e1s clientes del banco tengan plena libertad para tomar la decisi\u00f3n sobre acudir a la opa o no y no act\u00faen condicionados por la red de oficinas y comerciales del banco. El BBVA, para intentar paliar estas cuestiones, ha abierto una l\u00ednea telef\u00f3nica y presta asesor\u00eda en sus propias oficinas a los accionistas del Sabadell que quieran vender sus acciones, sean clientes del banco o no.<\/p>\n<p class=\"\">\u201cSiempre tiene que extremar la vigilancia en los periodos de adhesi\u00f3n de la opa\u201d, explican fuentes jur\u00eddicas. Sobre todo en esta en la que uno de los bancos es banco agente de la oferta, el BBVA, y el otro es el banco de referencia de gran parte de los accionistas minoritarios del Sabadell. \u201cTendr\u00e1n que vigilar bien las relaciones con estos inversores\u201d. En concreto, la labor del supervisor pasa porque ninguna de las dos entidades lleve a cabo acciones destinadas a entorpecer u oponerse a los deseos de los inversores. <\/p>\n<p class=\"\">\u201cNo puedan estar pendientes de lo que dice un director de oficina a alguien que pregunta. Pero s\u00ed tendr\u00e1n que supervisar la publicidad, como ya han hecho en toda la operaci\u00f3n, lo que se cuenta en entrevistas\u2026 Este es el periodo m\u00e1s sensible. No est\u00e1 permitido apalabrar operaciones con accionistas de referencia, ni llegar a compromisos futuros a cambio de la adhesi\u00f3n o no a la opa\u201d, a\u00f1aden estas fuentes. Una de las cuestiones que regula la ley, por ejemplo, es que toda publicidad vinculada a la opa tiene que aludir al folleto.<\/p>\n<p class=\"\">Otra cuesti\u00f3n importante a considerar por los regulador son los posibles movimientos especulativos en las cotizaciones, m\u00e1xime en una oferta en acciones. La CNMV, de oficio, ya chequea los precios y los vol\u00famenes de las operaciones que se cruzan en el mercado. La clave est\u00e1 en un nuevo escenario que apareci\u00f3 hace escasas semanas, con la publicaci\u00f3n del folleto de la oferta. Se trata de la posibilidad de que el BBVA, si se queda con entre el 30% y el 50%, elimine la condici\u00f3n de aceptaci\u00f3n m\u00ednima. <a href=\"https:\/\/cincodias.elpais.com\/companias\/2025-07-19\/el-bbva-debera-lanzar-otra-opa-con-efectivo-por-el-sabadell-si-se-queda-entre-el-30-y-el-50-del-capital.html\" target=\"_blank\" rel=\"noreferrer nofollow noopener\" title=\"https:\/\/cincodias.elpais.com\/companias\/2025-07-19\/el-bbva-debera-lanzar-otra-opa-con-efectivo-por-el-sabadell-si-se-queda-entre-el-30-y-el-50-del-capital.html\">Esto obligar\u00eda que lanzase, en el plazo de un mes, una segunda oferta con un componente en efectivo y a un precio que la CNMV considerase como equitativo<\/a>, para lo que la cotizaci\u00f3n del Sabadell en los d\u00edas previos a la liquidaci\u00f3n de la oferta es clave.<\/p>\n<p class=\"\">La CNMV vigila, concretamente, si considera que la cotizaci\u00f3n del Sabadell o del BBVA se inflara de forma artificial para intentar elevar el precio de esa eventual segunda opa, m\u00e1xime cuando el propio Torres ha negado que vaya a renunciar a esta condici\u00f3n de aceptaci\u00f3n m\u00ednima y, por tanto, a lanzar una segunda oferta. En este caso, si el regulador ve indicios de manipulaci\u00f3n de mercado puede abrir un expediente e imponer sanciones.<\/p>\n","protected":false},"excerpt":{"rendered":"La Comisi\u00f3n Nacional del Mercado de Valores (CNMV) refuerza su vigilancia del mercado en el plazo de aceptaci\u00f3n&hellip;\n","protected":false},"author":2,"featured_media":120018,"comment_status":"","ping_status":"","sticky":false,"template":"","format":"standard","meta":{"footnotes":""},"categories":[80],"tags":[5219,3287,3285,82,95,94,25,24,2731,6558,23],"class_list":{"0":"post-120017","1":"post","2":"type-post","3":"status-publish","4":"format-standard","5":"has-post-thumbnail","7":"category-economia","8":"tag-banca","9":"tag-banco-sabadell","10":"tag-bbva","11":"tag-business","12":"tag-economia","13":"tag-economy","14":"tag-es","15":"tag-espana","16":"tag-finanzas","17":"tag-opa-hostil","18":"tag-spain"},"share_on_mastodon":{"url":"","error":""},"_links":{"self":[{"href":"https:\/\/www.europesays.com\/es\/wp-json\/wp\/v2\/posts\/120017","targetHints":{"allow":["GET"]}}],"collection":[{"href":"https:\/\/www.europesays.com\/es\/wp-json\/wp\/v2\/posts"}],"about":[{"href":"https:\/\/www.europesays.com\/es\/wp-json\/wp\/v2\/types\/post"}],"author":[{"embeddable":true,"href":"https:\/\/www.europesays.com\/es\/wp-json\/wp\/v2\/users\/2"}],"replies":[{"embeddable":true,"href":"https:\/\/www.europesays.com\/es\/wp-json\/wp\/v2\/comments?post=120017"}],"version-history":[{"count":0,"href":"https:\/\/www.europesays.com\/es\/wp-json\/wp\/v2\/posts\/120017\/revisions"}],"wp:featuredmedia":[{"embeddable":true,"href":"https:\/\/www.europesays.com\/es\/wp-json\/wp\/v2\/media\/120018"}],"wp:attachment":[{"href":"https:\/\/www.europesays.com\/es\/wp-json\/wp\/v2\/media?parent=120017"}],"wp:term":[{"taxonomy":"category","embeddable":true,"href":"https:\/\/www.europesays.com\/es\/wp-json\/wp\/v2\/categories?post=120017"},{"taxonomy":"post_tag","embeddable":true,"href":"https:\/\/www.europesays.com\/es\/wp-json\/wp\/v2\/tags?post=120017"}],"curies":[{"name":"wp","href":"https:\/\/api.w.org\/{rel}","templated":true}]}}